{"id":109084,"date":"2022-09-09T10:04:21","date_gmt":"2022-09-09T13:04:21","guid":{"rendered":"https:\/\/grandepremio.com\/br\/noticias\/charles-leclerc-bate-carlos-sainz-menos-decimo-1-2-ferrari-tl1-italia\/"},"modified":"2022-09-09T10:52:41","modified_gmt":"2022-09-09T13:52:41","slug":"charles-leclerc-bate-carlos-sainz-menos-decimo-1-2-ferrari-tl1-italia","status":"publish","type":"post","link":"https:\/\/grandepremio.com\/br\/f1\/charles-leclerc-bate-carlos-sainz-menos-decimo-1-2-ferrari-tl1-italia\/","title":{"rendered":"Leclerc bate Sainz por menos de 0s1 em 1-2 da Ferrari no TL1 do GP da It\u00e1lia"},"content":{"rendered":"\n<p class=\"wp-block-paragraph\">Chegou um dos fins de semana mais esperados do calend\u00e1rio da F\u00f3rmula 1: o GP da It\u00e1lia. A corrida de Monza encerra a temporada europeia e, em 2022, tamb\u00e9m coloca um ponto final numa rodada tripla que come\u00e7ou na B\u00e9lgica e passou pela Holanda nos \u00faltimos 14 dias. Com um dia de temperatura firme e sol entre nuvens no circuito de Monza, quem saiu na frente e liderou o primeiro treino livre foram Charles Leclerc e a Ferrari.<\/p>\n\n\n\n<p class=\"wp-block-paragraph\"><strong>\u25b6\ufe0f&nbsp;Inscreva-se nos dois canais do GRANDE PR\u00caMIO no YouTube:&nbsp;<a href=\"https:\/\/www.youtube.com\/channel\/UC9OlHEgxoaY6QY6nWPoiqQg?sub_confirmation=1\" target=\"_blank\" rel=\"noreferrer noopener\">GP<\/a>&nbsp;|&nbsp;<a href=\"https:\/\/www.youtube.com\/channel\/UC9csiS6q_C3C0FYhyr1rnFA?sub_confirmation=1\" target=\"_blank\" rel=\"noreferrer noopener\">GP2<\/a><\/strong><br><strong>\u25b6\ufe0f&nbsp;<a href=\"https:\/\/www.twitch.tv\/grandepremio\" target=\"_blank\" rel=\"noreferrer noopener\" class=\"ek-link\">Conhe\u00e7a o canal do GRANDE PR\u00caMIO na Twitch clicando aqui!<\/a><\/strong><\/p>\n\n\n\n<p class=\"wp-block-paragraph\">N\u00e3o foi, entretanto, um treino que aponte grande favoritismo mesmo que Leclerc tenha ficado com a companhia de Carlos Sainz e fechado as duas primeiras posi\u00e7\u00f5es. A Ferrari marcou o primeiro gol da sexta-feira, mas \u00e9 necess\u00e1rio levar em conta que Max Verstappen se encaminhava para superar os dois \u2014 ou passar muito perto, ao menos \u2014 quando pegou tr\u00e1fego na Parabolica. A situa\u00e7\u00e3o \u00e9 competitiva.<\/p>\n\n\n\n<p class=\"wp-block-paragraph\">Entre as duas Ferrari e Verstappen, que deu somente uma volta r\u00e1pida de macios \u2014 justamente quando perdeu muito tempo na traseira de Lando Norris \u2014 ficaram George Russell e Lewis Hamilton. O mais jovem terminou 0s270 mais lento que Leclerc, enquanto Hamilton ficou 0s4 atr\u00e1s. Depois de Max, Esteban Ocon, Fernando Alonso, Yuki Tsunoda, Valtteri Bottas e Daniel Ricciardo fecharam o top-10.<\/p>\n\n\n\n<p class=\"wp-block-paragraph\">O <strong>GRANDE PR\u00caMIO<\/strong> acompanha <a href=\"https:\/\/www.grandepremio.com\/br\/f1\/ao-vivo\"><strong>AO VIVO<\/strong> e <strong>EM TEMPO REAL<\/strong><\/a> todas as atividades do GP da It\u00e1lia de F\u00f3rmula 1. O TL2 est\u00e1 marcado para logo mais, \u00e0s 12h (de Bras\u00edlia).<\/p>\n\n\n\n<figure class=\"wp-block-image size-large\"><img decoding=\"async\" src=\"https:\/\/www.grandepremio.com\/br\/wp-content\/uploads\/2022\/09\/ferrari-charlesleclerc-afp-01-1-1024x683.jpg\" alt=\"\" class=\"wp-image-612587\"\/><figcaption>Charles Leclerc liderou o TL1 em Monza (Foto: AFP)<\/figcaption><\/figure>\n\n\n\n<figure class=\"wp-block-embed is-type-rich is-provider-spotify wp-block-embed-spotify wp-embed-aspect-21-9 wp-has-aspect-ratio\"><div class=\"wp-block-embed__wrapper\">\n<iframe title=\"Spotify Embed: Paddockast #164: Felipe Drugovich vai estar na F1 2023?\" style=\"border-radius: 12px\" width=\"100%\" height=\"152\" frameborder=\"0\" allowfullscreen allow=\"autoplay; clipboard-write; encrypted-media; fullscreen; picture-in-picture\" loading=\"lazy\" src=\"https:\/\/open.spotify.com\/embed\/episode\/5LlNdCd0iiOGRpean127MS?utm_source=oembed\"><\/iframe>\n<\/div><figcaption>Paddockast #164: Felipe Drugovich vai estar na F1 2023?<\/figcaption><\/figure>\n\n\n\n<p class=\"wp-block-paragraph\"><strong>Confira como foi o TL1:<\/strong><\/p>\n\n\n\n<p class=\"wp-block-paragraph\">Se a manh\u00e3 viu chuva nas imedia\u00e7\u00f5es do circuito de Monza, isso era apenas vaga lembran\u00e7a na hora do come\u00e7o das atividades de pista da F\u00f3rmula 1. C\u00e9u ensolarado e temperatura na casa dos 25\u00b0C, 33\u00b0C no asfalto, tornavam o come\u00e7o do fim de semana do GP da It\u00e1lia bastante natural.<\/p>\n\n\n\n<p class=\"wp-block-paragraph\">Bandeira verde na pista, pit-lane aberto e o primeiro a sair foi Nyck de Vries. O piloto holand\u00eas, candidato a se tornar titular da Williams para 2023, fazia o primeiro treino livre dele com as cores da Aston Martin na vaga de Sebastian Vettel. Saiu com a grelha para teste aerodin\u00e2mico para abrir os trabalhos. Esteban Ocon, Kevin Magnussen e Yuki Tsunoda logo apareceram tamb\u00e9m. Bom destacar que, al\u00e9m de De Vries, outro intruso no TL1 era Antonio Giovinazzi na vaga de Mick Schumacher na Haas.<\/p>\n\n\n\n<p class=\"wp-block-paragraph\">Logo com cinco minutos de treino, a pista j\u00e1 estava cheia. Muita gente come\u00e7ava o dia vendo o que tinha nas m\u00e3os com os pneus duros. J\u00e1 que a Pirelli trouxe a gama intermedi\u00e1ria de pneus para o fim de semana, os duros da vez eram os C2 \u2014 m\u00e9dios da semana passada. E se voc\u00ea, leitor, acha confuso \u00e9 porque n\u00e3o viveu os tempos dos superduros e ultramacios.<\/p>\n\n\n\n<p class=\"wp-block-paragraph\">Havia um problema com Pierre Gasly. O franc\u00eas, que foi de quase certeza a enorme d\u00favida na Alpine 2023 num espa\u00e7o de quatro dias, sequer esteve nos compromissos de imprensa da quinta-feira por se sentir mal. Mesmo assim, foi para a pista e terminou saindo para a \u00e1rea de escape em baixa velocidade. Aviso da AlphaTauri era de que alguma coisa estava errada.<\/p>\n\n\n\n<figure class=\"wp-block-image size-large\"><img decoding=\"async\" src=\"https:\/\/www.grandepremio.com\/br\/wp-content\/uploads\/2022\/09\/astonmartin-nyckdevries-02-1024x683.jpg\" alt=\"\" class=\"wp-image-612593\"\/><figcaption>Nyck de Vries foi o primeiro na pista no TL1 (Foto: Aston Martin)<\/figcaption><\/figure>\n\n\n\n<p class=\"wp-block-paragraph\">Naqueles primeiros minutos, Fernando Alonso liderava a tabela de tempos, mas ainda com volta alt\u00edssima, longe de entregar par\u00e2metro de competitividade. Enquanto isso, <strong><a href=\"https:\/\/www.grandepremio.com\/br\/f1\/noticias\/carlos-sainz-sergio-perez-valtteri-bottas-yuki-tsunoda-tambem-mexem-motor-punidos-gp-italia\/\" class=\"ek-link\">a FIA confirmava uma mir\u00edade de puni\u00e7\u00f5es<\/a><\/strong> para a corrida: Lewis Hamilton, Max Verstappen, Sergio P\u00e9rez, Carlos Sainz, Valtteri Bottas e Yuki Tsunoda todos estavam punidos com algumas ou com todas as posi\u00e7\u00f5es. Para Hamilton e Tsunoda, seria fim do grid.<\/p>\n\n\n\n<p class=\"wp-block-paragraph\">Verstappen, de pneus duros, j\u00e1 pintava na dianteira da tabela ao anotar 1min22s853 e via Tsunoda chegar ao segundo lugar usando pneus macios. Ap\u00f3s 20 minutos de treino, entretanto, a pista esvaziou bastante. Apenas De Vries aparecia no tra\u00e7ado em dado momento.<\/p>\n\n\n\n<p class=\"wp-block-paragraph\">Quando voltou, Charles Leclerc, agora lan\u00e7ando m\u00e3o de certo ritmo mais real, estava de pneus macios. Foi facilmente para o topo da tabela ao anotar 1min22s410. Mais gente, como Alexander Albon, Alonso e Daniel Ricciardo tamb\u00e9m vestia os macios. Agora era a hora deles.<\/p>\n\n\n\n<p class=\"wp-block-paragraph\">Com metade do treino, o top-10 j\u00e1 era composto por nove pilotos que deram voltas de pneus macios. Leclerc liderava e tinha Verstappen, Alonso, Albon, Ricciardo, Albon, Tsunoda, Magnussen, Guanyu Zhou, Lance Stroll e Esteban Ocon no top-10. S\u00f3 o l\u00edder do campeonato de pneus duros.<\/p>\n\n\n\n<p class=\"wp-block-paragraph\">Verstappen tamb\u00e9m vestiu os pneus macios e contornou os dois primeiros setores da pista com velocidade promissora, mas, quando chegou na curva Parabolica, perdeu tempo atr\u00e1s de Lando Norris. Ainda reclamou, disse que era &#8220;inacredit\u00e1vel&#8221; e teve de se contentar com 0s4 atr\u00e1s de Charles.<\/p>\n\n\n\n<figure class=\"wp-block-image size-large\"><img decoding=\"async\" src=\"https:\/\/www.grandepremio.com\/br\/wp-content\/uploads\/2022\/09\/mercedes-georgerussell-02-4-1024x683.jpg\" alt=\"\" class=\"wp-image-612620\"\/><figcaption>George Russell ficou no terceiro lugar (Foto: Mercedes)<\/figcaption><\/figure>\n\n\n\n<p class=\"wp-block-paragraph\">A Mercedes resolveu cal\u00e7ar seus dois pilotos de pneus macios com pouco menos de 20 minutos para o fim do treino. Rapidamente, fez efeito. George Russell foi para o terceiro lugar, atr\u00e1s somente das duas Ferrari, e Hamilton grudou atr\u00e1s. Verstappen passava a ser o quinto, embora com capacidade para tirar muito mais j\u00e1 tendo ficado clara na volta anterior.<\/p>\n\n\n\n<p class=\"wp-block-paragraph\">Quem tamb\u00e9m vinha veloz era Ocon, que separou o fim de semana para utilizar um capacete em homenagem a Michael Schumacher. O franc\u00eas saltou para frente de Alonso e, assim, era o melhor do resto. E melhor que P\u00e9rez, somente o 14\u00ba colocado com menos de 15 minutos para o final do treino.<\/p>\n\n\n\n<p class=\"wp-block-paragraph\">Assim seguia o TL1, uma atividade sem qualquer sobressalto. Sainz andou r\u00e1pido e entrou no mesmo d\u00e9cimo que Leclerc, mas as voltas lan\u00e7adas estavam terminando. Nos dez \u00faltimos minutos, ningu\u00e9m tentou tirar tempo. Desta feita, lideran\u00e7a de Leclerc e Sainz em segundo, seguidos pelos dois pilotos da Mercedes. Verstappen apenas em quinto.<\/p>\n\n\n\n<p class=\"wp-block-paragraph\">Com o cron\u00f4metro zerado, a \u00faltima palavra veio de De Vries. &#8220;Obrigado por isso&#8221;, disse o campe\u00e3o da F\u00f3rmula E no r\u00e1dio da Aston Martin. Vettel volta ao carro para o TL2.<\/p>\n\n\n\n<p class=\"wp-block-paragraph\"><strong>F1 2022, GP da It\u00e1lia, Monza, TL1:<\/strong><\/p>\n\n\n\n<figure class=\"wp-block-table\"><table><tbody><tr><td>1<\/td><td>C LECLERC<\/td><td>Ferrari<\/td><td>1:22.410<\/td><td>&nbsp;<\/td><td>25<\/td><\/tr><tr><td>2<\/td><td>C SAINZ<\/td><td>Ferrari<\/td><td>1:22.487<\/td><td>+0.077<\/td><td>23<\/td><\/tr><tr><td>3<\/td><td>G RUSSELL<\/td><td>Mercedes<\/td><td>1:22.689<\/td><td>+0.279<\/td><td>27<\/td><\/tr><tr><td>4<\/td><td>L HAMILTON<\/td><td>Mercedes<\/td><td>1:22.831<\/td><td>+0.421<\/td><td>24<\/td><\/tr><tr><td>5<\/td><td>M VERSTAPPEN<\/td><td>Red Bull<\/td><td>1:22.840<\/td><td>+0.430<\/td><td>27<\/td><\/tr><tr><td>6<\/td><td>E OCON<\/td><td>Alpine<\/td><td>1:23.075<\/td><td>+0.665<\/td><td>28<\/td><\/tr><tr><td>7<\/td><td>F ALONSO<\/td><td>Alpine<\/td><td>1:23.099<\/td><td>+0.689<\/td><td>26<\/td><\/tr><tr><td>8<\/td><td>Y TSUNODA<\/td><td>AlphaTauri Honda<\/td><td>1:23.260<\/td><td>+0.850<\/td><td>26<\/td><\/tr><tr><td>9<\/td><td>V BOTTAS<\/td><td>Alfa Romeo Ferrari<\/td><td>1:23.394<\/td><td>+0.984<\/td><td>27<\/td><\/tr><tr><td>10<\/td><td>D RICCIARDO<\/td><td>McLaren Mercedes<\/td><td>1:23.511<\/td><td>+1.101<\/td><td>26<\/td><\/tr><tr><td>11<\/td><td>A ALBON<\/td><td>Williams Mercedes<\/td><td>1:23.529<\/td><td>+1.119<\/td><td>24<\/td><\/tr><tr><td>12<\/td><td>G ZHOU<\/td><td>Alfa Romeo Ferrari<\/td><td>1:23.570<\/td><td>+1.160<\/td><td>28<\/td><\/tr><tr><td>13<\/td><td>P GASLY<\/td><td>AlphaTauri Honda<\/td><td>1:23.640<\/td><td>+1.230<\/td><td>27<\/td><\/tr><tr><td>14<\/td><td>S P\u00c9REZ<\/td><td>Red Bull<\/td><td>1:23.661<\/td><td>+1.251<\/td><td>21<\/td><\/tr><tr><td>15<\/td><td>L STROLL<\/td><td>Aston Martin Mercedes<\/td><td>1:23.688<\/td><td>+1.278<\/td><td>28<\/td><\/tr><tr><td>16<\/td><td>L NORRIS<\/td><td>McLaren Mercedes<\/td><td>1:23.856<\/td><td>+1.446<\/td><td>27<\/td><\/tr><tr><td>17<\/td><td>K MAGNUSSEN<\/td><td>Haas Ferrari<\/td><td>1:24.006<\/td><td>+1.596<\/td><td>24<\/td><\/tr><tr><td>18<\/td><td>A GIOVINAZZI<\/td><td>Haas Ferrari<\/td><td>1:24.317<\/td><td>+1.907<\/td><td>25<\/td><\/tr><tr><td>19<\/td><td>N DE VRIES<\/td><td>Aston Martin Mercedes<\/td><td>1:24.731<\/td><td>+2.321<\/td><td>22<\/td><\/tr><tr><td>20<\/td><td>N LATIFI<\/td><td>Williams Mercedes<\/td><td>1:24.941<\/td><td>+2.531<\/td><td>24<\/td><\/tr><\/tbody><\/table><\/figure>\n\n\n\n<p class=\"wp-block-paragraph\"><strong>LEIA TAMB\u00c9M<br><a href=\"https:\/\/www.grandepremio.com\/br\/f1\/noticias\/dia-lewis-hamilton-tomou-bronca-rainha-elizabeth-falta-etiqueta-mesa\/\">O dia em que Hamilton tomou bronca da rainha Elizabeth II por falta de etiqueta \u00e0 mesa<br>Rainha Elizabeth II nutri<\/a><\/strong><a href=\"https:\/\/www.grandepremio.com\/br\/f1\/noticias\/dia-lewis-hamilton-tomou-bronca-rainha-elizabeth-falta-etiqueta-mesa\/\"><strong>u amizade pr\u00f3xima com Stewart que durou mais de 50 anos<\/strong><br><strong>&#8220;Mulher incr\u00edvel&#8221;: mundo do esporte a motor reage a morte da rainha Elizabeth II<\/strong><br><strong>Williams, Mercedes e Red Bull: equipes brit\u00e2nicas lamentam morte da rainha Elizabeth II<\/strong><\/a><br><strong><a href=\"https:\/\/www.grandepremio.com\/br\/f1\/noticias\/george-russell-recorda-lideranca-graciosa-presta-homenagem-rainha-elizabeth-ii\/\">Russell recorda &#8220;lideran\u00e7a graciosa&#8221; e presta homenagem \u00e0 rainha Elizabeth<\/a><a href=\"https:\/\/www.grandepremio.com\/br\/f1\/noticias\/dia-lewis-hamilton-tomou-bronca-rainha-elizabeth-falta-etiqueta-mesa\/\"><br><\/a><\/strong><a href=\"https:\/\/www.grandepremio.com\/br\/f1\/noticias\/dia-lewis-hamilton-tomou-bronca-rainha-elizabeth-falta-etiqueta-mesa\/\"><strong>Web-Story: Rainha Elizabeth II e sua rela\u00e7\u00e3o com a F\u00f3rmula 1<\/strong><\/a><\/p>\n\n\n\n<figure class=\"wp-block-embed is-type-video is-provider-youtube wp-block-embed-youtube wp-embed-aspect-16-9 wp-has-aspect-ratio\"><div class=\"wp-block-embed__wrapper\">\n<iframe loading=\"lazy\" title=\"ENZO FITTIPALDI \u00c9 SONDADO POR EQUIPES DA F1 E IMPRESSIONA ALONSO | GP \u00e0s 10\" width=\"500\" height=\"281\" src=\"https:\/\/www.youtube.com\/embed\/Bfp6XkdFuFg?feature=oembed\" frameborder=\"0\" allow=\"accelerometer; autoplay; clipboard-write; encrypted-media; gyroscope; picture-in-picture; web-share\" referrerpolicy=\"strict-origin-when-cross-origin\" allowfullscreen><\/iframe>\n<\/div><figcaption>EXCLUSIVO: FITTIPALDI \u00c9 SONDADO POR EQUIPES DA F1 E IMPRESSIONA CAMPE\u00c3O<\/figcaption><\/figure>\n","protected":false},"excerpt":{"rendered":"<p>Charles Leclerc foi quem liderou o primeiro treino livre da F\u00f3rmula 1 na It\u00e1lia. E veio com a Ferrari ocupando as duas primeiras coloca\u00e7\u00f5es<\/p>\n","protected":false},"author":0,"featured_media":1000612604,"comment_status":"closed","ping_status":"closed","sticky":false,"template":"","format":"standard","meta":{"42wp_featured_image_caption":"","42wp_featured_image_credits":"","42wp_featured_video":"","42wp_featured_image_hidden":false,"42wp_authors_list":[],"footnotes":""},"categories":[2],"tags":[654,457,524,20491,309,546,209,211,302,1357,176,207,26841,800,24898,32395,1491,28285,3746,119,28045,117,547,87,203,90,82,1294,32394,801,676,204,210,3132,612,215,597],"42wp_author":[47120],"class_list":["post-109084","post","type-post","status-publish","format-standard","has-post-thumbnail","hentry","category-f1","tag-alexander-albon","tag-alfa-romeo","tag-alphatauri","tag-alpine","tag-aston-martin","tag-carlos-sainz","tag-charles-leclerc","tag-daniel-ricciardo","tag-esteban-ocon","tag-f1-2022","tag-fernando-alonso","tag-ferrari","tag-formula-1-2022","tag-george-russell","tag-gp-da-italia","tag-gp-de-monza-f1","tag-grande-premio","tag-grandepremio","tag-guanyu-zhou","tag-haas","tag-italia-f1","tag-kevin-magnussen","tag-lando-norris","tag-lewis-hamilton","tag-max-verstappen","tag-mclaren","tag-mercedes","tag-mick-schumacher","tag-monza-f1","tag-nicholas-latifi","tag-pierre-gasly","tag-red-bull","tag-sebastian-vettel","tag-sergio-perez","tag-valtteri-bottas","tag-williams","tag-yuki-tsunoda","42wp_author-pedro-henrique-marum"],"_links":{"self":[{"href":"https:\/\/grandepremio.com\/br\/wp-json\/wp\/v2\/posts\/109084","targetHints":{"allow":["GET"]}}],"collection":[{"href":"https:\/\/grandepremio.com\/br\/wp-json\/wp\/v2\/posts"}],"about":[{"href":"https:\/\/grandepremio.com\/br\/wp-json\/wp\/v2\/types\/post"}],"replies":[{"embeddable":true,"href":"https:\/\/grandepremio.com\/br\/wp-json\/wp\/v2\/comments?post=109084"}],"version-history":[{"count":0,"href":"https:\/\/grandepremio.com\/br\/wp-json\/wp\/v2\/posts\/109084\/revisions"}],"wp:featuredmedia":[{"embeddable":true,"href":"https:\/\/grandepremio.com\/br\/wp-json\/wp\/v2\/media\/1000612604"}],"wp:attachment":[{"href":"https:\/\/grandepremio.com\/br\/wp-json\/wp\/v2\/media?parent=109084"}],"wp:term":[{"taxonomy":"category","embeddable":true,"href":"https:\/\/grandepremio.com\/br\/wp-json\/wp\/v2\/categories?post=109084"},{"taxonomy":"post_tag","embeddable":true,"href":"https:\/\/grandepremio.com\/br\/wp-json\/wp\/v2\/tags?post=109084"},{"taxonomy":"42wp_author","embeddable":true,"href":"https:\/\/grandepremio.com\/br\/wp-json\/wp\/v2\/42wp_author?post=109084"}],"curies":[{"name":"wp","href":"https:\/\/api.w.org\/{rel}","templated":true}]}}