{"id":109099,"date":"2022-09-08T15:10:27","date_gmt":"2022-09-08T18:10:27","guid":{"rendered":"https:\/\/grandepremio.com\/br\/noticias\/formula-1-lamenta-morte-rainha-elizabeth-ii-96-anos-estamos-luto\/"},"modified":"2022-09-08T15:34:59","modified_gmt":"2022-09-08T18:34:59","slug":"formula-1-lamenta-morte-rainha-elizabeth-ii-96-anos-estamos-luto","status":"publish","type":"post","link":"https:\/\/grandepremio.com\/br\/f1\/formula-1-lamenta-morte-rainha-elizabeth-ii-96-anos-estamos-luto\/","title":{"rendered":"F\u00f3rmula 1 lamenta morte da rainha Elizabeth II aos 96 anos: &#8220;Estamos de luto&#8221;"},"content":{"rendered":"\n<figure class=\"wp-block-embed is-type-video is-provider-youtube wp-block-embed-youtube wp-embed-aspect-16-9 wp-has-aspect-ratio\"><div class=\"wp-block-embed__wrapper\">\n<iframe loading=\"lazy\" title=\"ENZO FITTIPALDI \u00c9 SONDADO NA F1, MAS QUER CHANCE DE VENCER F2 2023 | WGP\" width=\"500\" height=\"281\" src=\"https:\/\/www.youtube.com\/embed\/yRnOWDEFBQg?feature=oembed\" frameborder=\"0\" allow=\"accelerometer; autoplay; clipboard-write; encrypted-media; gyroscope; picture-in-picture; web-share\" referrerpolicy=\"strict-origin-when-cross-origin\" allowfullscreen><\/iframe>\n<\/div><\/figure>\n\n\n\n<p class=\"wp-block-paragraph\">A F\u00f3rmula 1 divulgou uma mensagem de pesar pela morte da rainha Elizabeth II, nesta quinta-feira (8), aos 96 anos de idade. O comunicado, assinado por Stefano Domenicali, diretor-executivo e presidente da F1, enviou condol\u00eancias ao pa\u00eds e toda a fam\u00edlia real.<\/p>\n\n\n\n<p class=\"wp-block-paragraph\">O comunicado veio minutos ap\u00f3s a oficializa\u00e7\u00e3o da morte da rainha Elizabeth, algo que era esperado desde o come\u00e7o da manh\u00e3. O motivo foi que as not\u00edcias da piora do estado de sa\u00fade da monarca foram pareadas com as informa\u00e7\u00f5es da viagem de diversos membros da fam\u00edlia para ir ao encontro da rainha.<\/p>\n\n\n\n<p class=\"wp-block-paragraph\"><strong>\u25b6\ufe0f&nbsp;Inscreva-se nos dois canais do GRANDE PR\u00caMIO no YouTube:&nbsp;<a href=\"https:\/\/www.youtube.com\/channel\/UC9OlHEgxoaY6QY6nWPoiqQg?sub_confirmation=1\" target=\"_blank\" rel=\"noreferrer noopener\">GP<\/a>&nbsp;|&nbsp;<a href=\"https:\/\/www.youtube.com\/channel\/UC9csiS6q_C3C0FYhyr1rnFA?sub_confirmation=1\" target=\"_blank\" rel=\"noreferrer noopener\">GP2<\/a><\/strong><br><strong>\u25b6\ufe0f&nbsp;<a href=\"https:\/\/www.twitch.tv\/grandepremio\" target=\"_blank\" rel=\"noreferrer noopener\">Conhe\u00e7a o canal do GRANDE PR\u00caMIO na Twitch clicando aqui!<\/a><\/strong><\/p>\n\n\n\n<figure class=\"wp-block-image size-large\"><img decoding=\"async\" src=\"https:\/\/www.grandepremio.com\/br\/wp-content\/uploads\/2022\/09\/1200px-Queen_Elizabeth_II_of_New_Zealand_cropped-768x1024.jpg\" alt=\"\" class=\"wp-image-612363\"\/><figcaption>A rainha Elizabeth II faleceu nesta quinta-feira (8), aos 96 anos (Foto: Divulga\u00e7\u00e3o)<\/figcaption><\/figure>\n\n\n\n<p class=\"wp-block-paragraph\"><strong>WEB STORY<\/strong><br>\u21dd <strong><a href=\"https:\/\/www.grandepremio.com\/br\/web-stories\/f1\/rainha-elizabeth-ii-sua-relacao-formula-1\/\" class=\"ek-link\">A rela\u00e7\u00e3o da rainha Elizabeth II com a F\u00f3rmula 1<\/a><\/strong><\/p>\n\n\n\n<p class=\"wp-block-paragraph\">&#8220;A F\u00f3rmula 1 est\u00e1 de luto pela morte de Sua Majestade Elizabeth II. Por mais de sete d\u00e9cadas, ela dedicou a vida ao servi\u00e7o p\u00fablico com dignidade, devo\u00e7\u00e3o e inspirou tantos em todo o mundo&#8221;, disse o comunicado.<\/p>\n\n\n\n<p class=\"wp-block-paragraph\">&#8220;A F\u00f3rmula 1 manda as condol\u00eancias mais profundas \u00e0 Fam\u00edlia Real e \u00e0s pessoas do Reino Unido e do Commonwealth&#8221;, finalizou.<\/p>\n\n\n\n<p class=\"wp-block-paragraph\">Elizabeth II se tornou rainha do Reino Unido e Commonwealth em 1952, ainda aos 26 anos de idade, ap\u00f3s a morte do pai, o rei George VI. Ao longo de 70 anos, tornou-se a monarca mais longeva de toda a hist\u00f3ria do Reino Unido.<\/p>\n\n\n\n<p class=\"wp-block-paragraph\">Em junho deste ano, Elizabeth II comemorou o jubileu de platina, anivers\u00e1rio de 70 anos de sua posi\u00e7\u00e3o \u00e0 frente da Coroa. Desde o ano passado, quando o marido de 74 anos, o pr\u00edncipe Phillip, morreu, a rainha vinha diminuindo as apari\u00e7\u00f5es p\u00fablicas.<\/p>\n\n\n\n<p class=\"wp-block-paragraph\"><strong>VEJA TAMB\u00c9M<\/strong><br>\u21dd <strong><a href=\"https:\/\/www.grandepremio.com\/br\/f1\/noticias\/dia-lewis-hamilton-tomou-bronca-rainha-elizabeth-falta-etiqueta-mesa\/\">O dia em que Hamilton tomou bronca da rainha Elizabeth II por falta de etiqueta \u00e0 mesa<\/a><\/strong><br>\u21dd <strong><a href=\"https:\/\/www.grandepremio.com\/br\/f1\/noticias\/rainha-elizabeth-ii-nutriu-amizade-jackie-stewart-mais-50-anos\/\">Rainha Elizabeth II nutriu amizade pr\u00f3xima com Stewart que durou mais de 50 anos<\/a><\/strong><br>\u21dd <strong><a href=\"https:\/\/www.grandepremio.com\/br\/f1\/noticias\/mulher-incrivel-mundo-esporte-motor-reage-morte-rainha-elizabeth-ii\/\">\u201cMulher incr\u00edvel\u201d: mundo do esporte a motor reage a morte da rainha Elizabeth II<\/a><\/strong><\/p>\n","protected":false},"excerpt":{"rendered":"<p>Comunicado assinado por chef\u00e3o da F\u00f3rmula 1, Stefano Domenicali, lamenta morte da monarca mais longeva da hist\u00f3ria do Reino Unido<\/p>\n","protected":false},"author":0,"featured_media":1000612443,"comment_status":"closed","ping_status":"closed","sticky":false,"template":"","format":"standard","meta":{"42wp_featured_image_caption":"","42wp_featured_image_credits":"","42wp_featured_video":"","42wp_featured_image_hidden":false,"42wp_authors_list":[],"footnotes":""},"categories":[2],"tags":[147,1357,180,26841,30732],"42wp_author":[47147],"class_list":["post-109099","post","type-post","status-publish","format-standard","has-post-thumbnail","hentry","category-f1","tag-f1","tag-f1-2022","tag-formula-1","tag-formula-1-2022","tag-formula-1-classificacao-2022","42wp_author-luana-marino"],"_links":{"self":[{"href":"https:\/\/grandepremio.com\/br\/wp-json\/wp\/v2\/posts\/109099","targetHints":{"allow":["GET"]}}],"collection":[{"href":"https:\/\/grandepremio.com\/br\/wp-json\/wp\/v2\/posts"}],"about":[{"href":"https:\/\/grandepremio.com\/br\/wp-json\/wp\/v2\/types\/post"}],"replies":[{"embeddable":true,"href":"https:\/\/grandepremio.com\/br\/wp-json\/wp\/v2\/comments?post=109099"}],"version-history":[{"count":0,"href":"https:\/\/grandepremio.com\/br\/wp-json\/wp\/v2\/posts\/109099\/revisions"}],"wp:featuredmedia":[{"embeddable":true,"href":"https:\/\/grandepremio.com\/br\/wp-json\/wp\/v2\/media\/1000612443"}],"wp:attachment":[{"href":"https:\/\/grandepremio.com\/br\/wp-json\/wp\/v2\/media?parent=109099"}],"wp:term":[{"taxonomy":"category","embeddable":true,"href":"https:\/\/grandepremio.com\/br\/wp-json\/wp\/v2\/categories?post=109099"},{"taxonomy":"post_tag","embeddable":true,"href":"https:\/\/grandepremio.com\/br\/wp-json\/wp\/v2\/tags?post=109099"},{"taxonomy":"42wp_author","embeddable":true,"href":"https:\/\/grandepremio.com\/br\/wp-json\/wp\/v2\/42wp_author?post=109099"}],"curies":[{"name":"wp","href":"https:\/\/api.w.org\/{rel}","templated":true}]}}