{"id":109130,"date":"2022-09-07T11:12:24","date_gmt":"2022-09-07T14:12:24","guid":{"rendered":"https:\/\/grandepremio.com\/br\/noticias\/aleix-espargaro-cai-segundo-dia-testes-misano-fratura-dedo-mao-esquerda\/"},"modified":"2022-09-07T11:13:36","modified_gmt":"2022-09-07T14:13:36","slug":"aleix-espargaro-cai-segundo-dia-testes-misano-fratura-dedo-mao-esquerda","status":"publish","type":"post","link":"https:\/\/grandepremio.com\/br\/motogp\/aleix-espargaro-cai-segundo-dia-testes-misano-fratura-dedo-mao-esquerda\/","title":{"rendered":"Aleix Espargar\u00f3 cai no segundo dia de testes em Misano e fratura dedo da m\u00e3o esquerda"},"content":{"rendered":"\n<figure class=\"wp-block-embed is-type-video is-provider-youtube wp-block-embed-youtube wp-embed-aspect-16-9 wp-has-aspect-ratio\"><div class=\"wp-block-embed__wrapper\">\n<iframe loading=\"lazy\" title=\"BAGNAIA AMEA\u00c7A BICAMPEONATO DE QUARTARARO NA MOTOGP\" width=\"500\" height=\"281\" src=\"https:\/\/www.youtube.com\/embed\/PUvqMiRp5dw?feature=oembed\" frameborder=\"0\" allow=\"accelerometer; autoplay; clipboard-write; encrypted-media; gyroscope; picture-in-picture; web-share\" referrerpolicy=\"strict-origin-when-cross-origin\" allowfullscreen><\/iframe>\n<\/div><figcaption>BAGNAIA AMEA\u00c7A BICAMPEONATO DE QUARTARARO NA MOTOGP<\/figcaption><\/figure>\n\n\n\n<p class=\"wp-block-paragraph\">Aleix Espargar\u00f3 sofreu uma fratura na m\u00e3o esquerda em uma queda no segundo dia de testes da MotoGP em Misano. Apesar do rev\u00e9s, o catal\u00e3o n\u00e3o deve precisar de cirurgia.<\/p>\n\n\n\n<p class=\"wp-block-paragraph\">Na amanh\u00e3 desta quarta-feira (7), o piloto da Aprilia caiu na curva 13 de Misano logo ap\u00f3s cravar o melhor tempo pessoal de 1min31s333. No tombo, na 37\u00aa volta do dia, Aleix acabou fraturando o dedo mindinho, o que o fez encerrar os testes mais cedo.<\/p>\n\n\n\n<p class=\"wp-block-paragraph\"><strong>CLASSIFICA\u00c7\u00c3O DA MOTOGP<\/strong><br>\u21dd <strong><a href=\"https:\/\/www.grandepremio.com\/br\/motogp\/noticias\/francesco-bagnaia-assume-vice-lideranca-reduz-vantagem-fabio-quartararo-confira-classificacao\/\">Bagnaia assume vice-lideran\u00e7a e reduz vantagem de Quartararo<\/a><\/strong><\/p>\n\n\n\n<figure class=\"wp-block-image size-large\"><img decoding=\"async\" src=\"https:\/\/www.grandepremio.com\/br\/wp-content\/uploads\/2022\/09\/MotoGP-2022-San-Marino-Misano-Teste-Dia-1-Aprilia-Aleix-Espargaro-1024x682.jpg\" alt=\"\" class=\"wp-image-611930\"\/><figcaption>Aleix Espargar\u00f3 sofreu uma fratura na m\u00e3o no teste em Misano (Foto: Divulga\u00e7\u00e3o\/MotoGP)<\/figcaption><\/figure>\n\n\n\n<p class=\"wp-block-paragraph\"><strong>\u25b6\ufe0f\u00a0Inscreva-se nos dois canais do GRANDE PR\u00caMIO no YouTube:\u00a0<a href=\"https:\/\/www.youtube.com\/channel\/UC9OlHEgxoaY6QY6nWPoiqQg?sub_confirmation=1\" target=\"_blank\" rel=\"noreferrer noopener\">GP<\/a>\u00a0|\u00a0<a href=\"https:\/\/www.youtube.com\/channel\/UC9csiS6q_C3C0FYhyr1rnFA?sub_confirmation=1\" target=\"_blank\" rel=\"noreferrer noopener\">GP2<\/a><\/strong><\/p>\n\n\n\n<p class=\"wp-block-paragraph\">Agora, o mais velho dos irm\u00e3os Espargar\u00f3 vai passar por consulta com o Dr. Xavier Mir no Hospital Dexeus, em Barcelona, para ver se pode fazer algo para acelerar a recupera\u00e7\u00e3o, mas n\u00e3o espera ter problemas no GP de Arag\u00e3o.<\/p>\n\n\n\n<p class=\"wp-block-paragraph\">\u201cTive um pouco de m\u00e1 sorte no sentido de que ca\u00ed em uma curva muito r\u00e1pida e, quando entrei na brita, desloquei um pouco o dedo. Tenho uma fratura, mas acho que n\u00e3o vai me condicionar para o GP de Arag\u00e3o\u201d, disse Aleix. \u201cDe qualquer forma, vou passar por uma revis\u00e3o com o doutor Xavier Mir essa semana para ver se tem algo que posso fazer para melhorar\u201d, seguiu.<\/p>\n\n\n\n<p class=\"wp-block-paragraph\">\u201cVirar as radiografias e n\u00e3o \u00e9 uma fratura para operar a m\u00e3o, ent\u00e3o paci\u00eancia e descanso\u201d, pontuou.<\/p>\n\n\n\n<p class=\"wp-block-paragraph\">Em rela\u00e7\u00e3o ao teste de Misano, Aleix frisou que a Aprilia n\u00e3o provou \u201cnada\u201d para melhorar a RS-GP atual.<\/p>\n\n\n\n<p class=\"wp-block-paragraph\">\u201cProvamos coisas para 2023. Na segunda-feira antes do teste, fui claro com os engenheiros e disse que temos de ficar tranquilos. Temos uma boa oportunidade este ano de fazer uma boa classifica\u00e7\u00e3o final no campeonato, ent\u00e3o temos de seguir com a mesma moto de agora, que est\u00e1 funcionando bem. Agora vir\u00e3o circuitos bons para n\u00f3s\u201d, assegurou. \u201cProvamos coisas para o futuro, configura\u00e7\u00f5es novas, mas, a princ\u00edpio, nada do que testamos aqui vamos utilizar em Arag\u00e3o\u201d, indicou.<\/p>\n\n\n\n<p class=\"wp-block-paragraph\">\u201cNa ter\u00e7a-feira, eu provei um pacote aerodin\u00e2mico que muda bastante a moto, vai melhor, mas a deixa mais f\u00edsica de pilotar. Mas eu gostei muito\u201d, contou. \u201cA n\u00edvel de moto, espero alguma melhora, isso nos faz falta, mas n\u00e3o h\u00e1 nada. Espero em Val\u00eancia. Mas n\u00e3o acho que tenhamos a moto definitiva de 2023 at\u00e9 o teste da Mal\u00e1sia, em fevereiro do pr\u00f3ximo ano\u201d, encerrou.<\/p>\n\n\n\n<p class=\"wp-block-paragraph\">A <a href=\"https:\/\/grandepremio.com\/motovelocidade\/\" target=\"_blank\" rel=\"noreferrer noopener\"><\/a><a href=\"https:\/\/grandepremio.com\/motovelocidade\/\" target=\"_blank\" rel=\"noreferrer noopener\">MotoGP<\/a> volta \u00e0s pistas no pr\u00f3ximo dia 18 de setembro para o GP de <a href=\"https:\/\/www.grandepremio.com\/br\/circuito\/aragao\/\" target=\"_blank\" rel=\"noreferrer noopener\">Arag\u00e3o<\/a>, no MotorLand. O\u00a0<strong>GRANDE PR\u00caMIO<\/strong>\u00a0acompanha todas as atividades\u00a0do Mundial de\u00a0<a href=\"https:\/\/www.grandepremio.com\/motovelocidade\/\" target=\"_blank\" rel=\"noreferrer noopener\">Motovelocidade<\/a>\u00a02022.<\/p>\n\n\n\n<p class=\"wp-block-paragraph\"><strong>LEIA TAMB\u00c9M<\/strong><br># <a href=\"https:\/\/www.grandepremio.com\/br\/motogp\/noticias\/jorge-martin-frustra-diz-escolha-ducati-enea-bastianini-foi-arquibancada\/\"><strong>Mart\u00edn se frustra e diz que escolha da Ducati por Bastianini foi \u201cda arquibancada\u201d<\/strong><\/a><br># <strong><a href=\"https:\/\/www.grandepremio.com\/br\/motogp\/noticias\/miguel-oliveira-ida-rnf-momento-certo-elogia-aprilia-provou-ser-consistente\/\">Oliveira diz que ida para RNF foi em momento certo e elogia Aprilia: \u201cProvou ser consistente\u201d<\/a><\/strong><br># <a href=\"https:\/\/www.grandepremio.com\/br\/motogp\/noticias\/fabio-quartararo-torcida-retorno-marc-marquez-destrua-planos-ducati\/\"><strong>Quartararo admite torcida para que retorno de <\/strong><\/a><strong><a href=\"https:\/\/www.grandepremio.com\/br\/piloto\/marc-marquez\/\" target=\"_blank\" rel=\"noreferrer noopener\">Marc M\u00e1rquez<\/a><a href=\"https:\/\/www.grandepremio.com\/br\/motogp\/noticias\/fabio-quartararo-torcida-retorno-marc-marquez-destrua-planos-ducati\/\"> \u201cdestrua planos da Ducati\u201d<\/a><\/strong><br># <strong><a href=\"https:\/\/www.grandepremio.com\/br\/motogp\/noticias\/francesco-bagnaia-primeiro-piloto-ducati-vencer-quatro-corridas-seguidas-motogp\/\">Bagnaia \u00e9 primeiro piloto da Ducati a vencer quatro corridas seguidas na MotoGP<\/a><\/strong><br># <strong><a href=\"https:\/\/www.grandepremio.com\/br\/motogp\/noticias\/francesco-bagnaia-ainda-paga-tropecos-1a-metade-2022-mas-vive-fase-reluzente-motogp\/\">Bagnaia ainda paga por trope\u00e7os da 1\u00aa metade de 2022, mas vive fase reluzente na MotoGP<\/a><\/strong><br># <strong><a href=\"https:\/\/www.grandepremio.com\/br\/motogp\/noticias\/chefe-ktm-nega-apontado-falta-profissionalismo-remy-gardner\/\">Chefe da KTM nega ter apontado falta de profissionalismo em Gardner: \u201cGosto dele\u201d<\/a><\/strong><br># <strong><a href=\"https:\/\/www.grandepremio.com\/br\/motogp\/noticias\/marc-marquez-nao-descarta-retorno-gp-aragao-se-possivel-vou-tentar\/\">Marc M\u00e1rquez n\u00e3o descarta retorno no GP de <\/a><a href=\"https:\/\/www.grandepremio.com\/br\/circuito\/aragao\/\" target=\"_blank\" rel=\"noreferrer noopener\">Arag\u00e3o<\/a><a href=\"https:\/\/www.grandepremio.com\/br\/motogp\/noticias\/marc-marquez-nao-descarta-retorno-gp-aragao-se-possivel-vou-tentar\/\">: \u201cSe for poss\u00edvel, vou tentar\u201d<\/a><\/strong><br># <strong><a href=\"https:\/\/www.grandepremio.com\/br\/motogp\/noticias\/marc-marquez-reitera-cuidados-mas-elogia-ritmo-dia-1-testes-importantes-misano\/\">Marc M\u00e1rquez reitera cuidados, mas elogia ritmo em \u201ctestes importantes\u201d de Misano<\/a><\/strong><\/p>\n\n\n\n<figure class=\"wp-block-embed is-type-video is-provider-youtube wp-block-embed-youtube wp-embed-aspect-16-9 wp-has-aspect-ratio\"><div class=\"wp-block-embed__wrapper\">\n<iframe loading=\"lazy\" title=\"MART\u00cdN FOI RIVAL FORTE, MAS BASTIANINI \u00c9 ESCOLHA CERTA PARA DUCATI NA MOTOGP\" width=\"500\" height=\"281\" src=\"https:\/\/www.youtube.com\/embed\/-JHzTOx1S2E?feature=oembed\" frameborder=\"0\" allow=\"accelerometer; autoplay; clipboard-write; encrypted-media; gyroscope; picture-in-picture; web-share\" referrerpolicy=\"strict-origin-when-cross-origin\" allowfullscreen><\/iframe>\n<\/div><figcaption>MART\u00cdN FOI RIVAL FORTE, MAS BASTIANINI \u00c9 ESCOLHA CERTA PARA DUCATI NA MOTOGP<\/figcaption><\/figure>\n","protected":false},"excerpt":{"rendered":"<p>Piloto da Aprilia caiu na curva 13 de Misano e acabou fraturando o dedo mindinho da m\u00e3o esquerda. Irm\u00e3o de Pol ainda ser\u00e1 examinado pelo Dr. Xavier Mir, mas os primeiros exames n\u00e3o apontaram necessidade de cirurgia<\/p>\n","protected":false},"author":0,"featured_media":1000611116,"comment_status":"closed","ping_status":"closed","sticky":false,"template":"","format":"standard","meta":{"42wp_featured_image_caption":"","42wp_featured_image_credits":"","42wp_featured_video":"","42wp_featured_image_hidden":false,"42wp_authors_list":[],"footnotes":""},"categories":[8],"tags":[17718,5214,3464,79,78,2997,30733,30728,30734,25819,28345,28766,32147,26690,371],"42wp_author":[47113],"class_list":["post-109130","post","type-post","status-publish","format-standard","has-post-thumbnail","hentry","category-motogp","tag-aleix-espargaro","tag-classificacao-motogp","tag-misano","tag-moto-gp","tag-motogp","tag-motogp-2022","tag-motogp-2022-calendario","tag-motogp-calendario-2022","tag-motogp-classificacao-2022","tag-motogp-hoje","tag-motogp-horarios","tag-motogp-standings","tag-onde-assistir-motogp-2022","tag-pilotos-motogp","tag-teste","42wp_author-juliana-tesser"],"_links":{"self":[{"href":"https:\/\/grandepremio.com\/br\/wp-json\/wp\/v2\/posts\/109130","targetHints":{"allow":["GET"]}}],"collection":[{"href":"https:\/\/grandepremio.com\/br\/wp-json\/wp\/v2\/posts"}],"about":[{"href":"https:\/\/grandepremio.com\/br\/wp-json\/wp\/v2\/types\/post"}],"replies":[{"embeddable":true,"href":"https:\/\/grandepremio.com\/br\/wp-json\/wp\/v2\/comments?post=109130"}],"version-history":[{"count":0,"href":"https:\/\/grandepremio.com\/br\/wp-json\/wp\/v2\/posts\/109130\/revisions"}],"wp:featuredmedia":[{"embeddable":true,"href":"https:\/\/grandepremio.com\/br\/wp-json\/wp\/v2\/media\/1000611116"}],"wp:attachment":[{"href":"https:\/\/grandepremio.com\/br\/wp-json\/wp\/v2\/media?parent=109130"}],"wp:term":[{"taxonomy":"category","embeddable":true,"href":"https:\/\/grandepremio.com\/br\/wp-json\/wp\/v2\/categories?post=109130"},{"taxonomy":"post_tag","embeddable":true,"href":"https:\/\/grandepremio.com\/br\/wp-json\/wp\/v2\/tags?post=109130"},{"taxonomy":"42wp_author","embeddable":true,"href":"https:\/\/grandepremio.com\/br\/wp-json\/wp\/v2\/42wp_author?post=109130"}],"curies":[{"name":"wp","href":"https:\/\/api.w.org\/{rel}","templated":true}]}}