{"id":10914,"date":"2026-03-19T03:00:00","date_gmt":"2026-03-19T06:00:00","guid":{"rendered":"https:\/\/grandepremio.com\/br\/noticias\/onde-assistir-as-corridas-fim-de-semana-tv-streaming-20-a-22-de-marco\/"},"modified":"2026-03-19T08:11:10","modified_gmt":"2026-03-19T11:11:10","slug":"onde-assistir-as-corridas-fim-de-semana-tv-streaming-20-a-22-de-marco","status":"publish","type":"post","link":"https:\/\/grandepremio.com\/br\/programacao-tv\/onde-assistir-as-corridas-fim-de-semana-tv-streaming-20-a-22-de-marco\/","title":{"rendered":"Onde assistir \u00e0s corridas do fim de semana na TV e streaming: 19 a 22 de mar\u00e7o"},"content":{"rendered":"\n<p class=\"wp-block-paragraph\">Ap\u00f3s 22 anos, a <strong>MotoGP<\/strong> est\u00e1 de volta ao <strong>Brasil<\/strong>. Neste fim de semana, <strong>Goi\u00e2nia<\/strong> recebe os astros da motovelocidade para a segunda etapa da temporada 2026. Com promessa de aut\u00f3dromo lotado, a cobertura ser\u00e1 intensa: as categorias de base, <strong>Moto2<\/strong> e <strong>Moto3<\/strong>, tamb\u00e9m desembarcam no <strong>Centro-Oeste<\/strong> brasileiro.<\/p>\n\n\n\n<h3 class=\"wp-block-heading has-vivid-red-color has-text-color has-link-color wp-elements-1\" id=\"h-gp-experience-o-novo-produto-do-grande-premio-conecta-voce-aos-maiores-eventos-de-esporte-a-motor-do-mundo-va-para-indianapolis-com-a-gente-nbsp-saiba-aqui-todos-os-detalhes\"><mark>+ GP EXPERIENCE: o novo produto do GRANDE PR\u00caMIO conecta voc\u00ea aos maiores eventos de esporte a motor do mundo. V\u00e1 para Indian\u00e1polis com a gente:&nbsp;<a href=\"https:\/\/gpexperience.tur.br\/\">saiba aqui todos os detalhes<\/a>.<\/mark><\/h3>\n\n\n\n<p class=\"wp-block-paragraph\">A ESPN e o Disney+ exibem as tr\u00eas categorias ao longo de todo o fim de semana, enquanto a Band transmite, em TV aberta, a corrida sprint e a prova principal da MotoGP.<\/p>\n\n\n\n<p class=\"wp-block-paragraph\">Com <strong>Felipe Drugovich<\/strong> e <strong>Lucas di Grassi<\/strong>, a <strong>F\u00f3rmula E<\/strong> tamb\u00e9m acelera no <strong>eP de Madri<\/strong>. A prova ser\u00e1 realizada no tradicional aut\u00f3dromo de Jarama, que com seus 3,9 km de extens\u00e3o, torna-se o maior circuito da hist\u00f3ria da categoria. O <strong>GRANDE PR\u00caMIO<\/strong> transmite todas as emo\u00e7\u00f5es no YouTube e na <strong>GPTV<\/strong>.<\/p>\n\n\n\n<p class=\"wp-block-paragraph\">Quem tamb\u00e9m est\u00e1 de volta \u00e0 tela do <strong>GRANDE PR\u00caMIO<\/strong> \u00e9 o <strong>IMSA SportsCar<\/strong>, para a disputa das <strong>12 Horas de Sebring<\/strong> neste s\u00e1bado (21). <strong>Felipe Nasr<\/strong> \u2014 que busca o bicampeonato consecutivo da prova ap\u00f3s a vit\u00f3ria hist\u00f3rica em 2025 \u2014, Daniel Serra, Pietro Fittipaldi, Felipe Fraga e Dudu Barrichello representam o Brasil na segunda etapa da temporada.<\/p>\n\n\n\n<p class=\"wp-block-paragraph\">J\u00e1 a <strong>Nascar<\/strong> desembarca em <strong>Darlington<\/strong> para um fim de semana completo. Al\u00e9m da <strong>Cup Series<\/strong>, a <strong>Xfinity Series<\/strong> e a <strong>Truck Series<\/strong> tamb\u00e9m aceleram no oval sul-carolinense.<\/p>\n\n\n\n<p class=\"wp-block-paragraph\">Confira onde assistir \u00e0 <strong>MotoGP<\/strong>, <strong>F\u00f3rmula E<\/strong>, <strong>IMSA SportsCar<\/strong> e <strong>Nascar<\/strong>:<\/p>\n\n\n\n<p class=\"wp-block-paragraph\"><strong>Inscreva-se nos dois canais do GRANDE PR\u00caMIO no YouTube:\u00a0<a href=\"https:\/\/www.youtube.com\/channel\/UC9OlHEgxoaY6QY6nWPoiqQg?sub_confirmation=1\" target=\"_blank\" rel=\"noreferrer noopener\">GP<\/a>\u00a0|\u00a0<a href=\"https:\/\/www.youtube.com\/channel\/UC9csiS6q_C3C0FYhyr1rnFA?sub_confirmation=1\" target=\"_blank\" rel=\"noreferrer noopener\">GP2<\/a><\/strong><\/p>\n\n\n\n<h2 class=\"wp-block-heading\" id=\"h-sexta-feira-20-de-marco\">Sexta-feira, 20 de mar\u00e7o<\/h2>\n\n\n\n<figure class=\"wp-block-table\"><table class=\"has-fixed-layout\"><tbody><tr><td><strong>Categoria<\/strong><\/td><td><strong>Evento<\/strong><\/td><td><strong>Atividade<\/strong><\/td><td><strong>Hor\u00e1rio<\/strong><\/td><td><strong>Emissora<\/strong><\/td><\/tr><tr><td>Moto3<\/td><td>GP do Brasil<\/td><td>Treino livre 1<\/td><td>09:00<\/td><td>ESPN 4 | Disney +<\/td><\/tr><tr><td>Moto2<\/td><td>GP do Brasil<\/td><td>Treino livre 1<\/td><td>10:00<\/td><td>ESPN 4 | Disney +<\/td><\/tr><tr><td>MotoGP<\/td><td>GP do Brasil<\/td><td>Treino livre 1<\/td><td>11:05<\/td><td>ESPN 4 | Disney +<\/td><\/tr><tr><td><strong>F\u00f3rmula E<\/strong><\/td><td><strong>eP de Madri<\/strong><\/td><td><strong>Treino livre 1<\/strong><\/td><td><strong>12:20<\/strong><\/td><td><strong>GRANDE PR\u00caMIO<\/strong><\/td><\/tr><tr><td>Moto3<\/td><td>GP do Brasil<\/td><td>Treino<\/td><td>13:15<\/td><td>ESPN 4 | Disney +<\/td><\/tr><tr><td>Moto2<\/td><td>GP do Brasil<\/td><td>Treino<\/td><td>14:15<\/td><td>ESPN 4 | Disney +<\/td><\/tr><tr><td>MotoGP<\/td><td>GP do Brasil<\/td><td>Treino<\/td><td>15:20<\/td><td>ESPN 4 | Disney +<\/td><\/tr><tr><td>Truck Series<\/td><td>Darlington<\/td><td>Corrida<\/td><td>20:30<\/td><td>Disney +<\/td><\/tr><\/tbody><\/table><\/figure>\n\n\n\n<h2 class=\"wp-block-heading\" id=\"h-sabado-21-de-marco\">S\u00e1bado, 21 de mar\u00e7o<\/h2>\n\n\n\n<figure class=\"wp-block-table\"><table class=\"has-fixed-layout\"><tbody><tr><td><strong>Categoria<\/strong><\/td><td><strong>Evento<\/strong><\/td><td><strong>Atividade<\/strong><\/td><td><strong>Hor\u00e1rio<\/strong><\/td><td><strong>Emissora<\/strong><\/td><\/tr><tr><td><strong>F\u00f3rmula E<\/strong><\/td><td><strong>eP de Madri<\/strong><\/td><td><strong>Treino livre 2<\/strong><\/td><td><strong>04:20<\/strong><\/td><td><strong>GRANDE PR\u00caMIO<\/strong><\/td><\/tr><tr><td><strong>F\u00f3rmula E<\/strong><\/td><td><strong>eP de Madri<\/strong><\/td><td><strong>Classifica\u00e7\u00e3o<\/strong><\/td><td><strong>06:30<\/strong><\/td><td><strong>GRANDE PR\u00caMIO<\/strong><\/td><\/tr><tr><td>Moto3<\/td><td>GP do Brasil<\/td><td>Treino livre 2<\/td><td>08:40<\/td><td>ESPN 4 | Disney +<\/td><\/tr><tr><td>Moto2<\/td><td>GP do Brasil<\/td><td>Treino livre 2<\/td><td>09:25<\/td><td>ESPN 4 | Disney +<\/td><\/tr><tr><td>MotoGP<\/td><td>GP do Brasil<\/td><td>Treino livre 2<\/td><td>10:10<\/td><td>ESPN 4 | Disney +<\/td><\/tr><tr><td><strong>F\u00f3rmula E<\/strong><\/td><td><strong>eP de Madri<\/strong><\/td><td><strong>Corrida<\/strong><\/td><td><strong>10:30<\/strong><\/td><td><strong>GRANDE PR\u00caMIO<\/strong><\/td><\/tr><tr><td>MotoGP<\/td><td>GP do Brasil<\/td><td>Classifica\u00e7\u00e3o<\/td><td>10:50<\/td><td>ESPN 4 | Disney +<\/td><\/tr><tr><td><strong>IMSA SportsCar<\/strong><\/td><td><strong>12H de Sebring<\/strong><\/td><td><strong>Corrida &#8211; Parte 1<\/strong><\/td><td><strong>11:05<\/strong><\/td><td><strong>GRANDE PR\u00caMIO<\/strong><\/td><\/tr><tr><td>Moto3<\/td><td>GP do Brasil<\/td><td>Classifica\u00e7\u00e3o<\/td><td>12:45<\/td><td>ESPN 4 | Disney +<\/td><\/tr><tr><td>Moto2<\/td><td>GP do Brasil<\/td><td>Classifica\u00e7\u00e3o<\/td><td>13:40<\/td><td>ESPN 4 | Disney +<\/td><\/tr><tr><td>MotoGP<\/td><td>GP do Brasil<\/td><td>Corrida sprint<\/td><td>15:00<\/td><td>Band | ESPN 4 | Disney +<\/td><\/tr><tr><td><strong>IMSA SportsCar<\/strong><\/td><td><strong>12H de Sebring<\/strong><\/td><td><strong>Corrida &#8211; Parte 2<\/strong><\/td><td><strong>17:15<\/strong><\/td><td><strong>GRANDE PR\u00caMIO<\/strong><\/td><\/tr><tr><td>O&#8217;Reilly Series<\/td><td>Darlington<\/td><td>Corrida<\/td><td>17:30<\/td><td>Disney +<\/td><\/tr><\/tbody><\/table><\/figure>\n\n\n\n<h2 class=\"wp-block-heading\" id=\"h-domingo-22-de-marco\">Domingo, 22 de mar\u00e7o<\/h2>\n\n\n\n<figure class=\"wp-block-table\"><table class=\"has-fixed-layout\"><tbody><tr><td><strong>Categoria<\/strong><\/td><td><strong>Evento<\/strong><\/td><td><strong>Atividade<\/strong><\/td><td><strong>Hor\u00e1rio<\/strong><\/td><td><strong>Emissora<\/strong><\/td><\/tr><tr><td>MotoGP<\/td><td>GP do Brasil<\/td><td>Warm-up<\/td><td>10:40<\/td><td>Disney +<\/td><\/tr><tr><td>Moto3<\/td><td>GP do Brasil<\/td><td>Corrida<\/td><td>12:00<\/td><td>ESPN 4 | Disney +<\/td><\/tr><tr><td>Moto2<\/td><td>GP do Brasil<\/td><td>Corrida<\/td><td>13:15<\/td><td>ESPN 4 | Disney +<\/td><\/tr><tr><td>MotoGP<\/td><td>GP do Brasil<\/td><td>Corrida<\/td><td>15:00<\/td><td>Band | ESPN 4 | Disney +<\/td><\/tr><tr><td>Nascar<\/td><td>Darlington<\/td><td>Corrida<\/td><td>15:45<\/td><td>Disney +<\/td><\/tr><\/tbody><\/table><\/figure>\n","protected":false},"excerpt":{"rendered":"<p>MotoGP, F\u00f3rmula E, IMSA SportsCar, Nascar e O&#8217;Reilly, Truck Series agitam o fim de semana do esporte a motor. Veja onde assistir e os hor\u00e1rios das provas<\/p>\n","protected":false},"author":0,"featured_media":1001068728,"comment_status":"closed","ping_status":"closed","sticky":false,"template":"","format":"standard","meta":{"42wp_featured_image_caption":"","42wp_featured_image_credits":"","42wp_featured_video":"","42wp_featured_image_hidden":false,"42wp_authors_list":[],"footnotes":""},"categories":[38],"tags":[5887,417,25774,133,40289,28679,24853,38168,1171,6853,5214,38167,41812,985,77,26718,31465,131,1420,949,10437,43897,1024,460,73,840,43531,45540,2130,26609,502,1491,28285,130,35442,45582,5455,43339,706,43340,45581,910,8928,851,7538,132,137,39730,966,43427,1172,1300,912,909,78,27236,25819,847,2128,2349,894,1722,1556,965,36219,34187,1194,33769,408,736,35235,876,2441,748,45579,32748,138,43530,44250,45580,28468,81,172,28107],"42wp_author":[47155],"class_list":["post-10914","post","type-post","status-publish","format-standard","has-post-thumbnail","hentry","category-programacao-tv","tag-12-horas-sebring","tag-andretti","tag-antonio-felix-da-costa","tag-aprilia","tag-balanco-de-performance","tag-calendario-formula-e","tag-calendario-motogp","tag-calendario-sportscar","tag-citroen","tag-classificacao-formula-e","tag-classificacao-motogp","tag-classificacao-sportscar","tag-cupra-kiro","tag-dan-ticktum","tag-daniel-serra","tag-diogo-moreira","tag-ds-penske","tag-ducati","tag-dudu-barrichello","tag-edoardo-mortara","tag-envision","tag-ep-de-madri","tag-felipe-drugovich","tag-felipe-fraga","tag-felipe-nasr","tag-formula-e","tag-formula-e-2026","tag-formula-e-hoje","tag-goiania","tag-goias","tag-gp-do-brasil","tag-grande-premio","tag-grandepremio","tag-honda","tag-horarios-formula-e","tag-horarios-imsa-sportscar","tag-horarios-motogp","tag-imsa-2026","tag-imsa-sportscar","tag-imsa-sportscar-2026","tag-imsa-sportscar-hoje","tag-jaguar","tag-jake-dennis","tag-jean-eric-vergne","tag-joel-eriksson","tag-ktm","tag-lcr","tag-lola-yamaha","tag-lucas-di-grassi","tag-madri-2026","tag-mahindra","tag-marc-marquez","tag-maximilian-gunther","tag-mitch-evans","tag-motogp","tag-motogp-2026","tag-motogp-hoje","tag-mundial-de-motovelocidade","tag-nick-cassidy","tag-nico-muller","tag-nissan","tag-norman-nato","tag-nyck-de-vries","tag-oliver-rowland","tag-onde-assistir-formula-e","tag-onde-assistir-motogp","tag-pascal-wehrlein","tag-pepe-marti","tag-pietro-fittipaldi","tag-porsche","tag-porsche-penske","tag-sebastien-buemi","tag-sebring","tag-sportscar","tag-sportscar-2026","tag-taylor-barnard","tag-tech3","tag-temporada-2026-da-formula-e","tag-temporada-2026-da-motogp","tag-temporada-2026-sportscar","tag-trackhouse","tag-vr46","tag-yamaha","tag-zane-maloney","42wp_author-daniel-balsa"],"_links":{"self":[{"href":"https:\/\/grandepremio.com\/br\/wp-json\/wp\/v2\/posts\/10914","targetHints":{"allow":["GET"]}}],"collection":[{"href":"https:\/\/grandepremio.com\/br\/wp-json\/wp\/v2\/posts"}],"about":[{"href":"https:\/\/grandepremio.com\/br\/wp-json\/wp\/v2\/types\/post"}],"replies":[{"embeddable":true,"href":"https:\/\/grandepremio.com\/br\/wp-json\/wp\/v2\/comments?post=10914"}],"version-history":[{"count":0,"href":"https:\/\/grandepremio.com\/br\/wp-json\/wp\/v2\/posts\/10914\/revisions"}],"wp:featuredmedia":[{"embeddable":true,"href":"https:\/\/grandepremio.com\/br\/wp-json\/wp\/v2\/media\/1001068728"}],"wp:attachment":[{"href":"https:\/\/grandepremio.com\/br\/wp-json\/wp\/v2\/media?parent=10914"}],"wp:term":[{"taxonomy":"category","embeddable":true,"href":"https:\/\/grandepremio.com\/br\/wp-json\/wp\/v2\/categories?post=10914"},{"taxonomy":"post_tag","embeddable":true,"href":"https:\/\/grandepremio.com\/br\/wp-json\/wp\/v2\/tags?post=10914"},{"taxonomy":"42wp_author","embeddable":true,"href":"https:\/\/grandepremio.com\/br\/wp-json\/wp\/v2\/42wp_author?post=10914"}],"curies":[{"name":"wp","href":"https:\/\/api.w.org\/{rel}","templated":true}]}}