{"id":109146,"date":"2022-09-06T15:00:00","date_gmt":"2022-09-06T18:00:00","guid":{"rendered":"https:\/\/grandepremio.com\/br\/noticias\/max-verstappen-red-bull-sao-perfeitos-podem-quebrar-recordes-evelyn-guimaraes\/"},"modified":"2022-09-06T12:41:33","modified_gmt":"2022-09-06T15:41:33","slug":"max-verstappen-red-bull-sao-perfeitos-podem-quebrar-recordes-evelyn-guimaraes","status":"publish","type":"post","link":"https:\/\/grandepremio.com\/br\/f1\/max-verstappen-red-bull-sao-perfeitos-podem-quebrar-recordes-evelyn-guimaraes\/","title":{"rendered":"Verstappen e Red Bull s\u00e3o perfeitos e podem quebrar recordes, analisa Evelyn Guimar\u00e3es"},"content":{"rendered":"\n<p class=\"wp-block-paragraph\">Em 15 corridas at\u00e9 aqui, j\u00e1 s\u00e3o 10 vit\u00f3rias de Max Verstappen. \u00c9 fato que o #1 caminha com tranquilidade para conquistar seu bicampeonato. E \u00e9 por isso que Evelyn Guimar\u00e3es, no Paddock GP #303, acredita que o conjunto &#8216;Verstappen + Red Bull&#8217; \u00e9 praticamente perfeito em 2022.<\/p>\n\n\n\n<p class=\"wp-block-paragraph\"><strong>Assista ao trecho completo abaixo:<\/strong><\/p>\n\n\n\n<figure class=\"wp-block-embed is-type-rich is-provider-incorporar-manipulador wp-block-embed-incorporar-manipulador wp-embed-aspect-16-9 wp-has-aspect-ratio\"><div class=\"wp-block-embed__wrapper\">\nhttps:\/\/www.youtube.com\/watch?v=7Br4TPGpJ4A?t=1414\n<\/div><\/figure>\n\n\n\n<p class=\"wp-block-paragraph\"><strong>\u25b6\ufe0f&nbsp;Inscreva-se nos dois canais do GRANDE PR\u00caMIO no YouTube:&nbsp;<a href=\"https:\/\/www.youtube.com\/channel\/UC9OlHEgxoaY6QY6nWPoiqQg?sub_confirmation=1\" target=\"_blank\" rel=\"noreferrer noopener\">GP<\/a>&nbsp;|&nbsp;<a href=\"https:\/\/www.youtube.com\/channel\/UC9csiS6q_C3C0FYhyr1rnFA?sub_confirmation=1\" target=\"_blank\" rel=\"noreferrer noopener\">GP2<\/a><\/strong><\/p>\n","protected":false},"excerpt":{"rendered":"<p>15 corridas, 10 vit\u00f3rias. \u00c9 por isso que o conjunto &#8216;Verstappen + Red Bull&#8217; \u00e9 praticamente perfeito para Evelyn Guimar\u00e3es<\/p>\n","protected":false},"author":0,"featured_media":1000611345,"comment_status":"closed","ping_status":"closed","sticky":false,"template":"","format":"standard","meta":{"42wp_featured_image_caption":"","42wp_featured_image_credits":"","42wp_featured_video":"","42wp_featured_image_hidden":false,"42wp_authors_list":[],"footnotes":""},"categories":[2],"tags":[29576,2154,207,230,1388,1491,901,82,1537,27357,204,486],"42wp_author":[47139],"class_list":["post-109146","post","type-post","status-publish","format-standard","has-post-thumbnail","hentry","category-f1","tag-analises","tag-evelyn-guimaraes","tag-ferrari","tag-gabriel-curty","tag-gp-da-holanda","tag-grande-premio","tag-holanda","tag-mercedes","tag-paddock-gp","tag-programas-grande-premio","tag-red-bull","tag-victor-martins","42wp_author-ana-cerveira"],"_links":{"self":[{"href":"https:\/\/grandepremio.com\/br\/wp-json\/wp\/v2\/posts\/109146","targetHints":{"allow":["GET"]}}],"collection":[{"href":"https:\/\/grandepremio.com\/br\/wp-json\/wp\/v2\/posts"}],"about":[{"href":"https:\/\/grandepremio.com\/br\/wp-json\/wp\/v2\/types\/post"}],"replies":[{"embeddable":true,"href":"https:\/\/grandepremio.com\/br\/wp-json\/wp\/v2\/comments?post=109146"}],"version-history":[{"count":0,"href":"https:\/\/grandepremio.com\/br\/wp-json\/wp\/v2\/posts\/109146\/revisions"}],"wp:featuredmedia":[{"embeddable":true,"href":"https:\/\/grandepremio.com\/br\/wp-json\/wp\/v2\/media\/1000611345"}],"wp:attachment":[{"href":"https:\/\/grandepremio.com\/br\/wp-json\/wp\/v2\/media?parent=109146"}],"wp:term":[{"taxonomy":"category","embeddable":true,"href":"https:\/\/grandepremio.com\/br\/wp-json\/wp\/v2\/categories?post=109146"},{"taxonomy":"post_tag","embeddable":true,"href":"https:\/\/grandepremio.com\/br\/wp-json\/wp\/v2\/tags?post=109146"},{"taxonomy":"42wp_author","embeddable":true,"href":"https:\/\/grandepremio.com\/br\/wp-json\/wp\/v2\/42wp_author?post=109146"}],"curies":[{"name":"wp","href":"https:\/\/api.w.org\/{rel}","templated":true}]}}