{"id":109147,"date":"2022-09-06T14:00:00","date_gmt":"2022-09-06T17:00:00","guid":{"rendered":"https:\/\/grandepremio.com\/br\/noticias\/holanda-mostra-f1-real-max-verstappen-incrivel-mas-equipes-parelhas-gabriel-curty\/"},"modified":"2022-09-06T12:41:48","modified_gmt":"2022-09-06T15:41:48","slug":"holanda-mostra-f1-real-max-verstappen-incrivel-mas-equipes-parelhas-gabriel-curty","status":"publish","type":"post","link":"https:\/\/grandepremio.com\/br\/f1\/holanda-mostra-f1-real-max-verstappen-incrivel-mas-equipes-parelhas-gabriel-curty\/","title":{"rendered":"Holanda mostra F1 real: Verstappen incr\u00edvel, mas equipes parelhas, diz Gabriel Curty"},"content":{"rendered":"\n<p class=\"wp-block-paragraph\">Para Gabriel Curty, em discuss\u00e3o no Paddock GP #303, o GP da B\u00e9lgica e a grande domin\u00e2ncia da Red Bull ao longo do fim de semana foram um ponto fora da curva. Ele afirma que Zandvoort foi a pista que realmente mostrou a realidade da temporada: um Max Verstappen impec\u00e1vel, mas com equipes bem parelhas.<\/p>\n\n\n\n<p class=\"wp-block-paragraph\"><strong>Assista ao trecho completo abaixo:<\/strong><\/p>\n\n\n\n<figure class=\"wp-block-embed is-type-rich is-provider-incorporar-manipulador wp-block-embed-incorporar-manipulador wp-embed-aspect-16-9 wp-has-aspect-ratio\"><div class=\"wp-block-embed__wrapper\">\nhttps:\/\/www.youtube.com\/watch?v=7Br4TPGpJ4A?t=1045\n<\/div><\/figure>\n\n\n\n<p class=\"wp-block-paragraph\"><strong>\u25b6\ufe0f&nbsp;Inscreva-se nos dois canais do GRANDE PR\u00caMIO no YouTube:&nbsp;<a href=\"https:\/\/www.youtube.com\/channel\/UC9OlHEgxoaY6QY6nWPoiqQg?sub_confirmation=1\" target=\"_blank\" rel=\"noreferrer noopener\">GP<\/a>&nbsp;|&nbsp;<a href=\"https:\/\/www.youtube.com\/channel\/UC9csiS6q_C3C0FYhyr1rnFA?sub_confirmation=1\" target=\"_blank\" rel=\"noreferrer noopener\">GP2<\/a><\/strong><\/p>\n","protected":false},"excerpt":{"rendered":"<p>Para Gabriel Curty, em discuss\u00e3o no Paddock GP #303, Zandvoort foi a pista que realmente mostrou a realidade da temporada<\/p>\n","protected":false},"author":0,"featured_media":1000610981,"comment_status":"closed","ping_status":"closed","sticky":false,"template":"","format":"standard","meta":{"42wp_featured_image_caption":"","42wp_featured_image_credits":"","42wp_featured_video":"","42wp_featured_image_hidden":false,"42wp_authors_list":[],"footnotes":""},"categories":[2],"tags":[2154,207,230,1388,1491,901,82,1537,27357,204,486],"42wp_author":[47139],"class_list":["post-109147","post","type-post","status-publish","format-standard","has-post-thumbnail","hentry","category-f1","tag-evelyn-guimaraes","tag-ferrari","tag-gabriel-curty","tag-gp-da-holanda","tag-grande-premio","tag-holanda","tag-mercedes","tag-paddock-gp","tag-programas-grande-premio","tag-red-bull","tag-victor-martins","42wp_author-ana-cerveira"],"_links":{"self":[{"href":"https:\/\/grandepremio.com\/br\/wp-json\/wp\/v2\/posts\/109147","targetHints":{"allow":["GET"]}}],"collection":[{"href":"https:\/\/grandepremio.com\/br\/wp-json\/wp\/v2\/posts"}],"about":[{"href":"https:\/\/grandepremio.com\/br\/wp-json\/wp\/v2\/types\/post"}],"replies":[{"embeddable":true,"href":"https:\/\/grandepremio.com\/br\/wp-json\/wp\/v2\/comments?post=109147"}],"version-history":[{"count":0,"href":"https:\/\/grandepremio.com\/br\/wp-json\/wp\/v2\/posts\/109147\/revisions"}],"wp:featuredmedia":[{"embeddable":true,"href":"https:\/\/grandepremio.com\/br\/wp-json\/wp\/v2\/media\/1000610981"}],"wp:attachment":[{"href":"https:\/\/grandepremio.com\/br\/wp-json\/wp\/v2\/media?parent=109147"}],"wp:term":[{"taxonomy":"category","embeddable":true,"href":"https:\/\/grandepremio.com\/br\/wp-json\/wp\/v2\/categories?post=109147"},{"taxonomy":"post_tag","embeddable":true,"href":"https:\/\/grandepremio.com\/br\/wp-json\/wp\/v2\/tags?post=109147"},{"taxonomy":"42wp_author","embeddable":true,"href":"https:\/\/grandepremio.com\/br\/wp-json\/wp\/v2\/42wp_author?post=109147"}],"curies":[{"name":"wp","href":"https:\/\/api.w.org\/{rel}","templated":true}]}}