{"id":109154,"date":"2022-09-06T10:47:37","date_gmt":"2022-09-06T13:47:37","guid":{"rendered":"https:\/\/grandepremio.com\/br\/noticias\/nyck-de-vries-assume-vaga-sebastian-vettel-aston-martin-tl1-italia-formula-1\/"},"modified":"2022-09-06T13:00:22","modified_gmt":"2022-09-06T16:00:22","slug":"nyck-de-vries-assume-vaga-sebastian-vettel-aston-martin-tl1-italia-formula-1","status":"publish","type":"post","link":"https:\/\/grandepremio.com\/br\/f1\/nyck-de-vries-assume-vaga-sebastian-vettel-aston-martin-tl1-italia-formula-1\/","title":{"rendered":"De Vries assume vaga de Vettel e guia Aston Martin no TL1 do GP da It\u00e1lia de F1"},"content":{"rendered":"\n<figure class=\"wp-block-embed is-type-video is-provider-youtube wp-block-embed-youtube wp-embed-aspect-16-9 wp-has-aspect-ratio\"><div class=\"wp-block-embed__wrapper\">\n<iframe loading=\"lazy\" title=\"VERSTAPPEN VAI BATER RECORDE? HAMILTON ERROU? DRUGOVICH NA F1? | Paddock GP #303\" width=\"500\" height=\"281\" src=\"https:\/\/www.youtube.com\/embed\/7Br4TPGpJ4A?feature=oembed\" frameborder=\"0\" allow=\"accelerometer; autoplay; clipboard-write; encrypted-media; gyroscope; picture-in-picture; web-share\" referrerpolicy=\"strict-origin-when-cross-origin\" allowfullscreen><\/iframe>\n<\/div><figcaption>VERSTAPPEN VAI BATER RECORDE? HAMILTON ERROU? DRUGOVICH NA F1? | Paddock GP #303<\/figcaption><\/figure>\n\n\n\n<p class=\"wp-block-paragraph\">Nyck de Vries vai realizar seu terceiro treino livre em um carro de F\u00f3rmula 1 este ano. Na manh\u00e3 desta ter\u00e7a-feira (6), a Aston Martin confirmou que o neerland\u00eas, campe\u00e3o da F\u00f3rmula 2 em 2019 e da F\u00f3rmula E em 2020\/2021, vai assumir o cockpit de Sebastian Vettel no TL1 do GP da It\u00e1lia. A partir do segundo treino livre do fim de semana, o alem\u00e3o retoma suas fun\u00e7\u00f5es normalmente.<\/p>\n\n\n\n<p class=\"wp-block-paragraph\"><strong>\u25b6\ufe0f\u00a0Inscreva-se nos dois canais do GRANDE PR\u00caMIO no YouTube:\u00a0<a href=\"https:\/\/www.youtube.com\/channel\/UC9OlHEgxoaY6QY6nWPoiqQg?sub_confirmation=1\" target=\"_blank\" rel=\"noreferrer noopener\">GP<\/a>\u00a0|\u00a0<a href=\"https:\/\/www.youtube.com\/channel\/UC9csiS6q_C3C0FYhyr1rnFA?sub_confirmation=1\" target=\"_blank\" rel=\"noreferrer noopener\">GP2<\/a><\/strong><br><strong>\u25b6\ufe0f\u00a0<a href=\"https:\/\/www.twitch.tv\/grandepremio\" target=\"_blank\" rel=\"noreferrer noopener\">Conhe\u00e7a o canal do GRANDE PR\u00caMIO na Twitch clicando aqui!<\/a><\/strong><\/p>\n\n\n\n<p class=\"wp-block-paragraph\">Esta ser\u00e1 a terceira participa\u00e7\u00e3o de De Vries em um TL1 da temporada 2022. Antes, ocupou o lugar de Alexander Albon na sexta-feira do GP da Espanha, em Barcelona, e substituiu Lewis Hamilton no cockpit do carro #44 da Mercedes no primeiro treino livre do GP da Fran\u00e7a, em Paul Ricard.<\/p>\n\n\n\n<p class=\"wp-block-paragraph\">&#8220;Estamos felizes em anunciar que Nyck de Vries vai pilotar o AMR22 durante o TL1 do GP da It\u00e1lia, no Aut\u00f3dromo de Monza&#8221;, diz o comunicado da equipe brit\u00e2nica, que ter\u00e1 Stroll e Fernando Alonso como titulares em 2023. &#8220;O campe\u00e3o mundial da F\u00f3rmula E em 2020\/2021 vai pilotar ao lado de Lance Stroll, j\u00e1 tendo passado por um trabalho extensivo de simula\u00e7\u00e3o na sede da Aston Martin.&#8221;<\/p>\n\n\n\n<figure class=\"wp-block-image size-large\"><img decoding=\"async\" src=\"https:\/\/www.grandepremio.com\/br\/wp-content\/uploads\/2022\/08\/astonmartin-sebastianvettel-02-1024x683.jpg\" alt=\"\" class=\"wp-image-607766\"\/><figcaption>Sebastian Vettel vai ficar fora do TL1 em Monza (Foto: Aston Martin)<\/figcaption><\/figure>\n\n\n\n<p class=\"wp-block-paragraph\">O piloto reserva da Mercedes tem sido visto constantemente nos boxes da equipe durante os finais de semana de corrida, j\u00e1 que a temporada na F\u00f3rmula E j\u00e1 acabou para De Vries \u2014 inclusive com o t\u00edtulo mundial de seu companheiro de equipe, Stoffel Vandoorne.<\/p>\n\n\n\n<p class=\"wp-block-paragraph\">Entre os resultados que j\u00e1 estabeleceu esse ano nas duas primeiras participa\u00e7\u00f5es, De Vries foi 18\u00ba no TL1 da Espanha com a Williams \u2014 menos de 0s1 \u00e0 frente de Nicholas Latifi \u2014 e nono com a Mercedes na Fran\u00e7a \u2014 George Russell foi quarto, mais de 0s5 \u00e0 frente do neerland\u00eas.<\/p>\n\n\n\n<p class=\"wp-block-paragraph\"><strong>LEIA MAIS<br>+ Ferrari completa 75 anos e comemora com <a href=\"https:\/\/www.grandepremio.com\/br\/f1\/noticias\/ferrari-completa-75-anos-comemora-camisa-especial-amarela-gp-italia\/\" class=\"ek-link\">camisa especial amarela no GP da It\u00e1lia<\/a><\/strong><\/p>\n\n\n\n<p class=\"wp-block-paragraph\">Na F\u00f3rmula E, a situa\u00e7\u00e3o n\u00e3o foi boa para De Vries na temporada 2021\/2022. Ap\u00f3s se sagrar campe\u00e3o da categoria, o neerland\u00eas fez um ano melanc\u00f3lico e terminou apenas na nona coloca\u00e7\u00e3o, com metade dos pontos de seu companheiro de Mercedes \u2014 Vandoorne, o campe\u00e3o.<\/p>\n\n\n\n<figure class=\"wp-block-embed is-type-video is-provider-youtube wp-block-embed-youtube wp-embed-aspect-16-9 wp-has-aspect-ratio\"><div class=\"wp-block-embed__wrapper\">\n<iframe loading=\"lazy\" title=\"DRUGOVICH FEZ O BASTANTE NA F2 E MERECE VAGA NA F\u00d3RMULA 1 2023\" width=\"500\" height=\"281\" src=\"https:\/\/www.youtube.com\/embed\/I-ujei1UehE?feature=oembed\" frameborder=\"0\" allow=\"accelerometer; autoplay; clipboard-write; encrypted-media; gyroscope; picture-in-picture; web-share\" referrerpolicy=\"strict-origin-when-cross-origin\" allowfullscreen><\/iframe>\n<\/div><figcaption>DRUGOVICH FEZ O BASTANTE NA F2 E MERECE VAGA NA F\u00d3RMULA 1 2023<\/figcaption><\/figure>\n","protected":false},"excerpt":{"rendered":"<p>A Aston Martin ter\u00e1 um piloto diferente ao lado de Lance Stroll para o primeiro treino do fim de semana da F\u00f3rmula 1 na It\u00e1lia: Nyck de Vries<\/p>\n","protected":false},"author":0,"featured_media":1000597223,"comment_status":"closed","ping_status":"closed","sticky":false,"template":"","format":"standard","meta":{"42wp_featured_image_caption":"","42wp_featured_image_credits":"","42wp_featured_video":"","42wp_featured_image_hidden":false,"42wp_authors_list":[],"footnotes":""},"categories":[2],"tags":[309,1357,26841,24898,32395,1491,28285,28045,32394,1556,210],"42wp_author":[47120],"class_list":["post-109154","post","type-post","status-publish","format-standard","has-post-thumbnail","hentry","category-f1","tag-aston-martin","tag-f1-2022","tag-formula-1-2022","tag-gp-da-italia","tag-gp-de-monza-f1","tag-grande-premio","tag-grandepremio","tag-italia-f1","tag-monza-f1","tag-nyck-de-vries","tag-sebastian-vettel","42wp_author-pedro-henrique-marum"],"_links":{"self":[{"href":"https:\/\/grandepremio.com\/br\/wp-json\/wp\/v2\/posts\/109154","targetHints":{"allow":["GET"]}}],"collection":[{"href":"https:\/\/grandepremio.com\/br\/wp-json\/wp\/v2\/posts"}],"about":[{"href":"https:\/\/grandepremio.com\/br\/wp-json\/wp\/v2\/types\/post"}],"replies":[{"embeddable":true,"href":"https:\/\/grandepremio.com\/br\/wp-json\/wp\/v2\/comments?post=109154"}],"version-history":[{"count":0,"href":"https:\/\/grandepremio.com\/br\/wp-json\/wp\/v2\/posts\/109154\/revisions"}],"wp:featuredmedia":[{"embeddable":true,"href":"https:\/\/grandepremio.com\/br\/wp-json\/wp\/v2\/media\/1000597223"}],"wp:attachment":[{"href":"https:\/\/grandepremio.com\/br\/wp-json\/wp\/v2\/media?parent=109154"}],"wp:term":[{"taxonomy":"category","embeddable":true,"href":"https:\/\/grandepremio.com\/br\/wp-json\/wp\/v2\/categories?post=109154"},{"taxonomy":"post_tag","embeddable":true,"href":"https:\/\/grandepremio.com\/br\/wp-json\/wp\/v2\/tags?post=109154"},{"taxonomy":"42wp_author","embeddable":true,"href":"https:\/\/grandepremio.com\/br\/wp-json\/wp\/v2\/42wp_author?post=109154"}],"curies":[{"name":"wp","href":"https:\/\/api.w.org\/{rel}","templated":true}]}}