{"id":109171,"date":"2022-09-05T13:07:11","date_gmt":"2022-09-05T16:07:11","guid":{"rendered":"https:\/\/grandepremio.com\/br\/noticias\/will-power-revela-recusa-penske-pedido-ordem-equipe-portland\/"},"modified":"2022-09-05T13:08:22","modified_gmt":"2022-09-05T16:08:22","slug":"will-power-revela-recusa-penske-pedido-ordem-equipe-portland","status":"publish","type":"post","link":"https:\/\/grandepremio.com\/br\/indy\/will-power-revela-recusa-penske-pedido-ordem-equipe-portland\/","title":{"rendered":"Power revela recusa da Penske em pedido de ordem de equipe em Portland"},"content":{"rendered":"\n<figure class=\"wp-block-embed is-type-video is-provider-youtube wp-block-embed-youtube wp-embed-aspect-16-9 wp-has-aspect-ratio\"><div class=\"wp-block-embed__wrapper\">\n<iframe loading=\"lazy\" title=\"POR QUE A F\u00d3RMULA 1 EST\u00c1 OBCECADA COM COLTON HERTA?\" width=\"500\" height=\"281\" src=\"https:\/\/www.youtube.com\/embed\/b5vCK9TQzkY?feature=oembed\" frameborder=\"0\" allow=\"accelerometer; autoplay; clipboard-write; encrypted-media; gyroscope; picture-in-picture; web-share\" referrerpolicy=\"strict-origin-when-cross-origin\" allowfullscreen><\/iframe>\n<\/div><figcaption>POR QUE A F\u00d3RMULA 1 EST\u00c1 OBCECADA COM COLTON HERTA?<\/figcaption><\/figure>\n\n\n\n<p class=\"wp-block-paragraph\">A pen\u00faltima etapa da temporada de 2022 da Indy terminou com uma dobradinha da Penske, com Scott McLaughlin <a href=\"https:\/\/www.grandepremio.com\/br\/indy\/noticias\/scott-mclaughlin-domina-vence-gp-portland-will-power-2o-aproxima-bi\/\" class=\"ek-link\">vencendo a terceira no ano e se mantendo na briga pelo t\u00edtulo<\/a>, e Will Power cruzando em segundo para aumentar sua vantagem na lideran\u00e7a para 20 pontos. Contudo, a ordem poderia ser diferente. O australiano revelou que pediu para a equipe inverter as posi\u00e7\u00f5es pensando na briga pelo campeonato, mas que McLaughlin n\u00e3o quis abrir m\u00e3o da vit\u00f3ria em Portland.<\/p>\n\n\n\n<p class=\"wp-block-paragraph\">&#8220;Absolutamente. Eu estava no r\u00e1dio pedindo [ordens de equipe]. Sim, 10, 11 pontos seria \u00f3timo. Acho que ir\u00edamos para l\u00e1 bastante confiantes de que poder\u00edamos fazer isso [conquistar o t\u00edtulo]. 20, ainda \u00e9 uma grande briga. Eu entendo o ponto de vista do Scott. J\u00e1 estive nessa situa\u00e7\u00e3o e voc\u00ea n\u00e3o quer desistir de uma vit\u00f3ria&#8221;, revelou Power.<\/p>\n\n\n\n<p class=\"wp-block-paragraph\">O campe\u00e3o da Indy em 2014 tem como principais amea\u00e7as o companheiro Josef Newgarden e Scott Dixon, da Ganassi. Com o t\u00edtulo indefinido, Power espera que McLaughlin assuma outro papel na \u00faltima corrida do ano em Laguna Seca. &#8220;Acho que ele est\u00e1 definitivamente em uma posi\u00e7\u00e3o em que ter\u00e1 que ajudar, simplesmente. Eu n\u00e3o acho que haver\u00e1 qualquer d\u00favida sobre isso\u201d, afirmou o australiano.<\/p>\n\n\n\n<p class=\"wp-block-paragraph\"><strong>\u25b6\ufe0f\u00a0Inscreva-se nos dois canais do GRANDE PR\u00caMIO no YouTube:\u00a0<a href=\"https:\/\/www.youtube.com\/channel\/UC9OlHEgxoaY6QY6nWPoiqQg?sub_confirmation=1\" target=\"_blank\" rel=\"noreferrer noopener\">GP<\/a>\u00a0|\u00a0<a href=\"https:\/\/www.youtube.com\/channel\/UC9csiS6q_C3C0FYhyr1rnFA?sub_confirmation=1\" target=\"_blank\" rel=\"noreferrer noopener\">GP2<\/a><\/strong><br><strong>\u25b6\ufe0f\u00a0<a href=\"https:\/\/www.twitch.tv\/grandepremio\" target=\"_blank\" rel=\"noreferrer noopener\">Conhe\u00e7a o canal do GRANDE PR\u00caMIO na Twitch clicando aqui!<\/a><\/strong><\/p>\n\n\n\n<figure class=\"wp-block-image size-large\"><img decoding=\"async\" src=\"https:\/\/www.grandepremio.com\/br\/wp-content\/uploads\/2022\/09\/Scott-Dixon-Grand-Prix-of-Portland-By_-Travis-Hinkle_Large-Image-Without-Watermark_m69211-1024x683.jpg\" alt=\"\" class=\"wp-image-611297\"\/><figcaption>Scott Dixon se surpreendeu com decis\u00e3o da Penske em Portland (Foto: IndyCar)<\/figcaption><\/figure>\n\n\n\n<p class=\"wp-block-paragraph\">A decis\u00e3o surpreendeu os pr\u00f3prios rivais. Scott Dixon, que terminou a corrida em terceiro ap\u00f3s largar em 16\u00ba, contou que disse no r\u00e1dio para a equipe que acreditava que McLaughlin e Power fossem trocar de posi\u00e7\u00e3o: \u201cEu falei com 10 voltas para o final: &#8216;Estou surpreso que eles n\u00e3o tenham trocado ainda'&#8221;. <\/p>\n\n\n\n<p class=\"wp-block-paragraph\">O hexacampe\u00e3o \u00e9 a principal chance da Ganassi de conquistar o t\u00edtulo em 2022. O atual campe\u00e3o, \u00c1lex Palou, foi matematicamente eliminado da disputa ap\u00f3s terminar o GP de Portland apenas na 12\u00aa posi\u00e7\u00e3o, enquanto Marcus Ericsson, vencedor da Indy 500, est\u00e1 39 pontos atr\u00e1s de Power. Assim, Dixon espera receber ajuda de seus companheiros caso seja preciso em Laguna Seca.<\/p>\n\n\n\n<p class=\"wp-block-paragraph\">&#8220;Honestamente, tente ajudar se puder. Estive envolvido em algumas brigas, e nunca realmente entra em jogo, ou pelo menos n\u00e3o tanto quanto voc\u00ea imaginaria. [Mas] situa\u00e7\u00f5es como hoje com o #3 [McLaughlin] e o #12 [Power], eu pensei que seria \u00f3bvio\u2026 Vamos ver o que vai acontecer. Sempre trabalhamos em equipe para alcan\u00e7ar o melhor e, se pudermos ajudar nossos companheiros de equipe, definitivamente o faremos\u201d, disse Dixon.<\/p>\n\n\n\n<p class=\"wp-block-paragraph\"><strong>LEIA MAIS:\u00a0<\/strong><br><strong>+<a href=\"https:\/\/www.grandepremio.com\/br\/indy\/noticias\/scott-mclaughlin-mantem-esperanca-titulo-apos-vitoria-portland-temos-chance\/\">McLaughlin mant\u00e9m esperan\u00e7a de t\u00edtulo ap\u00f3s vit\u00f3ria em Portland: \u201cTemos uma chance\u201d<\/a><\/strong><br><strong>+<a href=\"https:\/\/www.grandepremio.com\/br\/indy\/noticias\/will-power-mantem-pes-chao-bicampeonato-apos-segundo-portland-ainda-e-dificil\/\">Power mant\u00e9m p\u00e9s no ch\u00e3o com bicampeonato ap\u00f3s 2\u00ba em Portland: \u201cAinda \u00e9 dif\u00edcil\u201d<\/a><\/strong><br><strong>+<a href=\"https:\/\/www.grandepremio.com\/br\/indy\/noticias\/scott-dixon-comemora-podio-recuperacao-gp-portland-tive-escalar-pelotao\/\">Dixon comemora p\u00f3dio e recupera\u00e7\u00e3o no GP de Portland: \u201cTive de escalar o pelot\u00e3o\u201d<\/a><\/strong><br><strong>+<a href=\"https:\/\/www.grandepremio.com\/br\/indy\/noticias\/josef-newgarden-lamenta-amarela-final-portland-tem-sido-ano-estranho\/\" class=\"ek-link\">Newgarden lamenta amarela no final em Portland: \u201cTem sido um ano estranho\u201d<\/a><\/strong><\/p>\n\n\n\n<figure class=\"wp-block-image size-large\"><img decoding=\"async\" src=\"https:\/\/www.grandepremio.com\/br\/wp-content\/uploads\/2022\/09\/Scott-McLaughlin-Grand-Prix-of-Portland-By_-James-Black_Large-Image-Without-Watermark_m69549-1024x683.jpg\" alt=\"\" class=\"wp-image-611289\"\/><figcaption>Scott McLaughlin venceu em Portland (Foto: IndyCar)<\/figcaption><\/figure>\n\n\n\n<p class=\"wp-block-paragraph\">J\u00e1 McLaughlin afirmou que n\u00e3o sabia do pedido de Power para trocar de posi\u00e7\u00f5es e ressaltou que n\u00e3o teria sido dif\u00edcil abrir m\u00e3o da vit\u00f3ria. O piloto da Penske sabe que suas chances de t\u00edtulo s\u00e3o m\u00ednimas estando 41 pontos atr\u00e1s do l\u00edder e disse estar preparado para ajudar seus companheiros na \u00faltima corrida de 2022.<\/p>\n\n\n\n<p class=\"wp-block-paragraph\">\u201cTodo mundo saberia que eu tinha sido o verdadeiro vencedor. Eu n\u00e3o sabia que [Will] estava pedindo ordens de equipe, uma troca ou qualquer outra coisa, mas n\u00e3o posso controlar isso. Eu s\u00f3 fiz minha corrida e sou um jogador de equipe. Farei o que for preciso. Mas, para mim, acho que a melhor coisa que poder\u00edamos fazer era vencer a corrida, com qualquer um dos carros. E foi exatamente isso que aconteceu&#8221;, explicou McLaughlin<\/p>\n\n\n\n<p class=\"wp-block-paragraph\">\u201cAcho que \u00e9 tudo circunstancial. Sou um piloto da Penske, me encaixo no molde e, se for preciso fazer algo, ajudarei a equipe. Sim, idealmente eu adoraria ir para a briga, mas para mim eu preciso fazer a pole e vencer a corrida. Se as coisas acontecerem, sim, estou pronto para fazer o que for preciso pela equipe\u201d, concluiu o neozeland\u00eas.<\/p>\n\n\n\n<p class=\"wp-block-paragraph\">A classifica\u00e7\u00e3o da Indy tem Power na ponta, com 523 pontos, seguido por Newgarden e Ericsson, com 503. Mais atr\u00e1s, Ericsson, com 484, e McLaughlin, com 482, seguem com chances matem\u00e1ticas de t\u00edtulo. A&nbsp;<a href=\"https:\/\/www.grandepremio.com\/formula-indy\/\" target=\"_blank\" rel=\"noreferrer noopener\">Indy<\/a>&nbsp;retorna j\u00e1 neste domingo (11) para o encerramento da temporada de 2022 com o GP de&nbsp;<a href=\"https:\/\/www.grandepremio.com\/br\/circuito\/laguna-seca\/\" target=\"_blank\" rel=\"noreferrer noopener\"><\/a><a href=\"https:\/\/www.grandepremio.com\/br\/circuito\/laguna-seca\/\" target=\"_blank\" rel=\"noreferrer noopener\"><\/a><a href=\"https:\/\/www.grandepremio.com\/br\/circuito\/laguna-seca\/\" target=\"_blank\" rel=\"noreferrer noopener\">Laguna Seca<\/a>, com cobertura completa do&nbsp;<strong>GRANDE PR\u00caMIO<\/strong>.<\/p>\n","protected":false},"excerpt":{"rendered":"<p>Will Power pediu uma troca de posi\u00e7\u00f5es com o companheiro Scott McLaughlin em Portland para vencer a prova e abrir vantagem na lideran\u00e7a do campeonato. O rival Scott Dixon se surpreendeu com a decis\u00e3o da Penske de n\u00e3o inverter os pilotos<\/p>\n","protected":false},"author":0,"featured_media":1000610153,"comment_status":"closed","ping_status":"closed","sticky":false,"template":"","format":"standard","meta":{"42wp_featured_image_caption":"","42wp_featured_image_credits":"","42wp_featured_video":"","42wp_featured_image_hidden":false,"42wp_authors_list":[],"footnotes":""},"categories":[3],"tags":[619,29062,1595,3771,93,2209,94,265,732,266,29480,3133],"42wp_author":[47144],"class_list":["post-109171","post","type-post","status-publish","format-standard","has-post-thumbnail","hentry","category-indy","tag-formula-indy","tag-formula-indy-2022","tag-ganassi","tag-gp-de-portland","tag-indy","tag-indy-2022","tag-indycar","tag-penske","tag-scott-dixon","tag-scott-mclaughlin","tag-titulo-indy","tag-will-power","42wp_author-andre-netto"],"_links":{"self":[{"href":"https:\/\/grandepremio.com\/br\/wp-json\/wp\/v2\/posts\/109171","targetHints":{"allow":["GET"]}}],"collection":[{"href":"https:\/\/grandepremio.com\/br\/wp-json\/wp\/v2\/posts"}],"about":[{"href":"https:\/\/grandepremio.com\/br\/wp-json\/wp\/v2\/types\/post"}],"replies":[{"embeddable":true,"href":"https:\/\/grandepremio.com\/br\/wp-json\/wp\/v2\/comments?post=109171"}],"version-history":[{"count":0,"href":"https:\/\/grandepremio.com\/br\/wp-json\/wp\/v2\/posts\/109171\/revisions"}],"wp:featuredmedia":[{"embeddable":true,"href":"https:\/\/grandepremio.com\/br\/wp-json\/wp\/v2\/media\/1000610153"}],"wp:attachment":[{"href":"https:\/\/grandepremio.com\/br\/wp-json\/wp\/v2\/media?parent=109171"}],"wp:term":[{"taxonomy":"category","embeddable":true,"href":"https:\/\/grandepremio.com\/br\/wp-json\/wp\/v2\/categories?post=109171"},{"taxonomy":"post_tag","embeddable":true,"href":"https:\/\/grandepremio.com\/br\/wp-json\/wp\/v2\/tags?post=109171"},{"taxonomy":"42wp_author","embeddable":true,"href":"https:\/\/grandepremio.com\/br\/wp-json\/wp\/v2\/42wp_author?post=109171"}],"curies":[{"name":"wp","href":"https:\/\/api.w.org\/{rel}","templated":true}]}}