{"id":109185,"date":"2022-09-05T09:14:00","date_gmt":"2022-09-05T12:14:00","guid":{"rendered":"https:\/\/grandepremio.com\/br\/noticias\/mick-schumacher-culpa-problema-pit-stop-falta-pontos-holanda-dez-segundos-parado\/"},"modified":"2022-09-05T09:15:58","modified_gmt":"2022-09-05T12:15:58","slug":"mick-schumacher-culpa-problema-pit-stop-falta-pontos-holanda-dez-segundos-parado","status":"publish","type":"post","link":"https:\/\/grandepremio.com\/br\/f1\/mick-schumacher-culpa-problema-pit-stop-falta-pontos-holanda-dez-segundos-parado\/","title":{"rendered":"Schumacher culpa problema em pit-stop por falta de pontos na Holanda: &#8220;10s parado&#8221;"},"content":{"rendered":"\n<figure class=\"wp-block-embed is-type-video is-provider-youtube wp-block-embed-youtube wp-embed-aspect-16-9 wp-has-aspect-ratio\"><div class=\"wp-block-embed__wrapper\">\n<iframe loading=\"lazy\" title=\"F1 2022: VERSTAPPEN VENCE NA HOLANDA. HAMILTON PISTOLA. DRUGOVICH PERTO DO T\u00cdTULO | Briefing\" width=\"500\" height=\"281\" src=\"https:\/\/www.youtube.com\/embed\/I5GfpO0X_Ac?feature=oembed\" frameborder=\"0\" allow=\"accelerometer; autoplay; clipboard-write; encrypted-media; gyroscope; picture-in-picture; web-share\" referrerpolicy=\"strict-origin-when-cross-origin\" allowfullscreen><\/iframe>\n<\/div><figcaption>F1 2022: VERSTAPPEN VENCE NA HOLANDA. HAMILTON PISTOLA. DRUGOVICH PERTO DO T\u00cdTULO | Briefing<\/figcaption><\/figure>\n\n\n\n<p class=\"wp-block-paragraph\">Mick Schumacher <a href=\"https:\/\/www.grandepremio.com\/br\/f1\/noticias\/max-verstappen-navega-entre-interrupcoes-passa-lewis-hamilton-vence-holanda-formula-1\/\" class=\"ek-link\">largou em 8\u00ba<\/a> no GP da Holanda, mas n\u00e3o conseguiu dar fim ao jejum de agora quatro corridas sem ir ao top-10. Assim como a Mercedes, o alem\u00e3o come\u00e7ou a disputa de pneus m\u00e9dios \u2014 ao contr\u00e1rio da maioria do grid, que optou pelos compostos macios. Assim sendo, o piloto da Haas logo caiu pelas posi\u00e7\u00f5es do pelot\u00e3o.<\/p>\n\n\n\n<p class=\"wp-block-paragraph\">O que j\u00e1 estava ruim ficou ainda pior quando, na 13\u00aa volta, Schumacher e a Haas decidiram recalcular a rota e ir aos boxes. No pit-stop, um problema com o macaco dianteiro fez com que o alem\u00e3o demorasse cerca de 26 segundos ao total na parada \u2014 retornando \u00e0 disputa em Zandvoort em 18\u00ba.<\/p>\n\n\n\n<p class=\"wp-block-paragraph\"><strong>\u25b6\ufe0f&nbsp;Inscreva-se nos dois canais do GRANDE PR\u00caMIO no YouTube:&nbsp;<a href=\"https:\/\/www.youtube.com\/channel\/UC9OlHEgxoaY6QY6nWPoiqQg?sub_confirmation=1\" target=\"_blank\" rel=\"noreferrer noopener\">GP<\/a>&nbsp;|&nbsp;<a href=\"https:\/\/www.youtube.com\/channel\/UC9csiS6q_C3C0FYhyr1rnFA?sub_confirmation=1\" target=\"_blank\" rel=\"noreferrer noopener\">GP2<\/a><\/strong><br><strong>\u25b6\ufe0f&nbsp;<a href=\"https:\/\/www.twitch.tv\/grandepremio\" target=\"_blank\" rel=\"noreferrer noopener\">Conhe\u00e7a o canal do GRANDE PR\u00caMIO na Twitch clicando aqui!<\/a><\/strong><\/p>\n\n\n\n<figure class=\"wp-block-embed is-type-rich is-provider-spotify wp-block-embed-spotify wp-embed-aspect-21-9 wp-has-aspect-ratio\"><div class=\"wp-block-embed__wrapper\">\n<iframe title=\"Spotify Embed: Paddockast #163: Os segund\u00f5es da F1 2022: d\u00e1 para confiar em Sainz e P\u00e9rez?\" style=\"border-radius: 12px\" width=\"100%\" height=\"152\" frameborder=\"0\" allowfullscreen allow=\"autoplay; clipboard-write; encrypted-media; fullscreen; picture-in-picture\" loading=\"lazy\" src=\"https:\/\/open.spotify.com\/embed\/episode\/2syHM9TcuYc4XZfQ8LsB5O?utm_source=oembed\"><\/iframe>\n<\/div><\/figure>\n\n\n\n<p class=\"wp-block-paragraph\">\u201cA gente n\u00e3o teve o melhor pit-stop do mundo, fiquei 10 segundos parado. Acho que tivemos um problema com o macaco dianteiro, que n\u00e3o sa\u00eda do carro. Isso, essencialmente, nos tirou da disputa por pontos neste fim de semana\u201d, lamentou Schumacher.&nbsp;<\/p>\n\n\n\n<p class=\"wp-block-paragraph\">\u201cMas, de qualquer jeito, essas coisas acontecem. N\u00f3s agora estamos olhando para frente e, tomara, vamos marcar alguns pontos nas pr\u00f3ximas corridas\u201d, completou o piloto da Haas, 15\u00ba colocado no Mundial de Pilotos com 12 pontos conquistados.<\/p>\n\n\n\n<p class=\"wp-block-paragraph\">A F\u00f3rmula 1 retorna j\u00e1 no pr\u00f3ximo fim de semana, entre os dias 9 e 11 de setembro, para encerrar a rodada tripla e a perna europeia de 2022 com o GP da It\u00e1lia, em Monza.<\/p>\n\n\n\n<figure class=\"wp-block-embed is-type-video is-provider-youtube wp-block-embed-youtube wp-embed-aspect-16-9 wp-has-aspect-ratio\"><div class=\"wp-block-embed__wrapper\">\n<iframe loading=\"lazy\" title=\"POR QUE A F\u00d3RMULA 1 EST\u00c1 OBCECADA COM COLTON HERTA?\" width=\"500\" height=\"281\" src=\"https:\/\/www.youtube.com\/embed\/b5vCK9TQzkY?feature=oembed\" frameborder=\"0\" allow=\"accelerometer; autoplay; clipboard-write; encrypted-media; gyroscope; picture-in-picture; web-share\" referrerpolicy=\"strict-origin-when-cross-origin\" allowfullscreen><\/iframe>\n<\/div><figcaption>POR QUE A F\u00d3RMULA 1 EST\u00c1 OBCECADA COM COLTON HERTA?<\/figcaption><\/figure>\n","protected":false},"excerpt":{"rendered":"<p>Macaco dianteiro travou no carro do alem\u00e3o durante ida aos boxes na corrida em Zandvoort. Piloto da Haas, pela quarta vez seguida na temporada, ficou fora do top-10<\/p>\n","protected":false},"author":0,"featured_media":1000610842,"comment_status":"closed","ping_status":"closed","sticky":false,"template":"","format":"standard","meta":{"42wp_featured_image_caption":"","42wp_featured_image_credits":"","42wp_featured_video":"","42wp_featured_image_hidden":false,"42wp_authors_list":[],"footnotes":""},"categories":[2],"tags":[147,1357,180,26841,1388,29115,29117,1491,28285,119,1294,1295,1389],"42wp_author":[47143],"class_list":["post-109185","post","type-post","status-publish","format-standard","has-post-thumbnail","hentry","category-f1","tag-f1","tag-f1-2022","tag-formula-1","tag-formula-1-2022","tag-gp-da-holanda","tag-gp-da-holanda-de-f1","tag-gp-da-holanda-de-formula-1","tag-grande-premio","tag-grandepremio","tag-haas","tag-mick-schumacher","tag-schumacher","tag-zandvoort","42wp_author-felipe-leite"],"_links":{"self":[{"href":"https:\/\/grandepremio.com\/br\/wp-json\/wp\/v2\/posts\/109185","targetHints":{"allow":["GET"]}}],"collection":[{"href":"https:\/\/grandepremio.com\/br\/wp-json\/wp\/v2\/posts"}],"about":[{"href":"https:\/\/grandepremio.com\/br\/wp-json\/wp\/v2\/types\/post"}],"replies":[{"embeddable":true,"href":"https:\/\/grandepremio.com\/br\/wp-json\/wp\/v2\/comments?post=109185"}],"version-history":[{"count":0,"href":"https:\/\/grandepremio.com\/br\/wp-json\/wp\/v2\/posts\/109185\/revisions"}],"wp:featuredmedia":[{"embeddable":true,"href":"https:\/\/grandepremio.com\/br\/wp-json\/wp\/v2\/media\/1000610842"}],"wp:attachment":[{"href":"https:\/\/grandepremio.com\/br\/wp-json\/wp\/v2\/media?parent=109185"}],"wp:term":[{"taxonomy":"category","embeddable":true,"href":"https:\/\/grandepremio.com\/br\/wp-json\/wp\/v2\/categories?post=109185"},{"taxonomy":"post_tag","embeddable":true,"href":"https:\/\/grandepremio.com\/br\/wp-json\/wp\/v2\/tags?post=109185"},{"taxonomy":"42wp_author","embeddable":true,"href":"https:\/\/grandepremio.com\/br\/wp-json\/wp\/v2\/42wp_author?post=109185"}],"curies":[{"name":"wp","href":"https:\/\/api.w.org\/{rel}","templated":true}]}}