{"id":109196,"date":"2022-09-04T20:35:31","date_gmt":"2022-09-04T23:35:31","guid":{"rendered":"https:\/\/grandepremio.com\/br\/noticias\/scott-dixon-comemora-podio-recuperacao-gp-portland-tive-escalar-pelotao\/"},"modified":"2022-09-04T20:39:07","modified_gmt":"2022-09-04T23:39:07","slug":"scott-dixon-comemora-podio-recuperacao-gp-portland-tive-escalar-pelotao","status":"publish","type":"post","link":"https:\/\/grandepremio.com\/br\/indy\/scott-dixon-comemora-podio-recuperacao-gp-portland-tive-escalar-pelotao\/","title":{"rendered":"Dixon comemora p\u00f3dio e recupera\u00e7\u00e3o no GP de Portland: &#8220;Tive de escalar o pelot\u00e3o&#8221;"},"content":{"rendered":"\n<figure class=\"wp-block-embed is-type-video is-provider-youtube wp-block-embed-youtube wp-embed-aspect-16-9 wp-has-aspect-ratio\"><div class=\"wp-block-embed__wrapper\">\n<iframe loading=\"lazy\" title=\"POR QUE A F\u00d3RMULA 1 EST\u00c1 OBCECADA COM COLTON HERTA?\" width=\"500\" height=\"281\" src=\"https:\/\/www.youtube.com\/embed\/b5vCK9TQzkY?feature=oembed\" frameborder=\"0\" allow=\"accelerometer; autoplay; clipboard-write; encrypted-media; gyroscope; picture-in-picture; web-share\" referrerpolicy=\"strict-origin-when-cross-origin\" allowfullscreen><\/iframe>\n<\/div><figcaption>POR QUE A F\u00d3RMULA 1 EST\u00c1 OBCECADA COM COLTON HERTA?<\/figcaption><\/figure>\n\n\n\n<p class=\"wp-block-paragraph\">Aconteceu de novo: quando mais ningu\u00e9m esperava, Scott Dixon surgiu do meio do pelot\u00e3o para conquistar mais um bom resultado. Largando em 16\u00ba, o piloto da Ganassi escalou o grid e terminou o GP de Portland neste domingo (4) na terceira coloca\u00e7\u00e3o, <a href=\"https:\/\/www.grandepremio.com\/br\/indy\/noticias\/scott-mclaughlin-domina-vence-gp-portland-will-power-2o-aproxima-bi\/\" class=\"ek-link\">atr\u00e1s da dupla da Penske composta por Scott McLaughlin e Will Power<\/a>. Apesar do bom resultado, Dixon est\u00e1 cansado dos resultados ruins nas classifica\u00e7\u00f5es e de ter que  fazer provas de recupera\u00e7\u00e3o.<\/p>\n\n\n\n<p class=\"wp-block-paragraph\">&#8220;N\u00f3s precisamos parar de ganhar esse pr\u00eamio de quem mais ganhou posi\u00e7\u00f5es nas corridas, \u00e9 definitivamente frustrante. N\u00e3o sei o que aconteceu na classifica\u00e7\u00e3o, est\u00e1vamos super r\u00e1pidos com os pneus pretos, est\u00e1vamos em segundo na nossa sess\u00e3o e n\u00e3o conseguimos converter, o que foi dif\u00edcil. Largando em 16\u00ba, com a competi\u00e7\u00e3o que temos agora e sem nenhuma bandeira amarela real, tivemos que escalar o pelot\u00e3o hoje&#8221;, afirmou o hexacampe\u00e3o ap\u00f3s o GP de Portland.<\/p>\n\n\n\n<p class=\"wp-block-paragraph\">O resultado mant\u00e9m Dixon na briga pelo heptacampeonato da Indy. O neozeland\u00eas est\u00e1 atualmente empatado com Josef Newgarden na segunda posi\u00e7\u00e3o com 503 pontos, 20 a menos do que Power. Scott ressaltou a import\u00e2ncia de uma manobra feita na relargada no final da corrida sobre Newgarden para se manter na briga pelo t\u00edtulo.<\/p>\n\n\n\n<p class=\"wp-block-paragraph\"><strong>\u25b6\ufe0f\u00a0Inscreva-se nos dois canais do GRANDE PR\u00caMIO no YouTube:\u00a0<a href=\"https:\/\/www.youtube.com\/channel\/UC9OlHEgxoaY6QY6nWPoiqQg?sub_confirmation=1\" target=\"_blank\" rel=\"noreferrer noopener\">GP<\/a>\u00a0|\u00a0<a href=\"https:\/\/www.youtube.com\/channel\/UC9csiS6q_C3C0FYhyr1rnFA?sub_confirmation=1\" target=\"_blank\" rel=\"noreferrer noopener\">GP2<\/a><\/strong><br><strong>\u25b6\ufe0f\u00a0<a href=\"https:\/\/www.twitch.tv\/grandepremio\" target=\"_blank\" rel=\"noreferrer noopener\">Conhe\u00e7a o canal do GRANDE PR\u00caMIO na Twitch clicando aqui!<\/a><\/strong><\/p>\n\n\n\n<figure class=\"wp-block-image size-large\"><img decoding=\"async\" src=\"https:\/\/www.grandepremio.com\/br\/wp-content\/uploads\/2022\/09\/Scott-Dixon-Grand-Prix-of-Portland-By_-James-Black_Large-Image-Without-Watermark_m69512-1024x683.jpg\" alt=\"\" class=\"wp-image-611295\"\/><figcaption>Scott Dixon durante o GP de Portland (Foto: IndyCar)<\/figcaption><\/figure>\n\n\n\n<p class=\"wp-block-paragraph\">&#8220;Ainda estamos na briga, 20 pontos atr\u00e1s, empatado com o Josef. Foi definitivamente uma corrida interessante e aquela \u00faltima relargada com o Josef eu vi que ele freiou tarde e acabou espalhando para cima do Graham [Rahal] o que nos permitiu passar os dois. N\u00f3s tentamos de tudo naquela \u00faltima parte e conseguimos colocar um carro no p\u00f3dio&#8221;, contou Dixon.<\/p>\n\n\n\n<p class=\"wp-block-paragraph\">A Indy parte agora para a \u00faltima etapa da temporada de 2022 em Laguna Seca. Na \u00faltima semana, a Ganassi realizou um teste no circuito, mas Scott n\u00e3o acredita que sua equipe ter\u00e1 grande vantagem na superf\u00edcie escorregadia. Ainda assim, o neozeland\u00eas garante que vai brigar at\u00e9 o final e espera uma disputa apertada.<\/p>\n\n\n\n<p class=\"wp-block-paragraph\"><strong>LEIA MAIS:\u00a0<\/strong><br><strong>+<a href=\"https:\/\/www.grandepremio.com\/br\/indy\/noticias\/scott-mclaughlin-mantem-esperanca-titulo-apos-vitoria-portland-temos-chance\/\">McLaughlin mant\u00e9m esperan\u00e7a de t\u00edtulo ap\u00f3s vit\u00f3ria em Portland: \u201cTemos uma chance\u201d<\/a><\/strong><br><strong>+<a href=\"https:\/\/www.grandepremio.com\/br\/indy\/noticias\/will-power-mantem-pes-chao-bicampeonato-apos-segundo-portland-ainda-e-dificil\/\" class=\"ek-link\">Power mant\u00e9m p\u00e9s no ch\u00e3o com bicampeonato ap\u00f3s 2\u00ba em Portland: \u201cAinda \u00e9 dif\u00edcil\u201d<\/a><\/strong><\/p>\n\n\n\n<figure class=\"wp-block-image size-large\"><img decoding=\"async\" src=\"https:\/\/www.grandepremio.com\/br\/wp-content\/uploads\/2022\/09\/Scott-Dixon-Grand-Prix-of-Portland-By_-James-Black_Large-Image-Without-Watermark_m69112-1024x683.jpg\" alt=\"\" class=\"wp-image-610133\"\/><figcaption>Scott Dixon est\u00e1 20 pontos atr\u00e1s de Will Power (Foto: IndyCar)<\/figcaption><\/figure>\n\n\n\n<p class=\"wp-block-paragraph\">&#8220;Infelizmente o pneu \u00e9 diferente. Laguna \u00e9 provavelmente o circuito mais escorregadio que vamos durante todo o ano e felizmente eles v\u00e3o recapear, o que acho que deve nos ajudar. Tudo \u00e9 poss\u00edvel, n\u00f3s conquistamos t\u00edtulos por crit\u00e9rios de desempate antes, estamos na briga e nunca vamos desistir como equipe at\u00e9 que acabe. Vai ser uma disputa interessante, est\u00e1 bem apertado entre 3 ou 4 carros e se tivermos nela vamos tentar de tudo&#8221;, concluiu Dixon.<\/p>\n\n\n\n<p class=\"wp-block-paragraph\">Al\u00e9m de Power, Newgarden e Dixon,\u00a0<a href=\"https:\/\/www.grandepremio.com\/br\/piloto\/marcus-ericsson\/\" target=\"_blank\" rel=\"noreferrer noopener\">Marcus Ericsson<\/a>\u00a0e McLaughlin ainda t\u00eam chances matem\u00e1ticas de serem campe\u00f5es. A\u00a0<a href=\"https:\/\/www.grandepremio.com\/formula-indy\/\" target=\"_blank\" rel=\"noreferrer noopener\">Indy<\/a>\u00a0retorna j\u00e1 neste domingo (11) para o encerramento da temporada de 2022 com o GP de\u00a0<a href=\"https:\/\/www.grandepremio.com\/br\/circuito\/laguna-seca\/\" target=\"_blank\" rel=\"noreferrer noopener\">Laguna Seca<\/a>, com cobertura completa do\u00a0<strong>GRANDE PR\u00caMIO<\/strong>.<\/p>\n\n\n\n<figure class=\"wp-block-embed is-type-video is-provider-youtube wp-block-embed-youtube wp-embed-aspect-16-9 wp-has-aspect-ratio\"><div class=\"wp-block-embed__wrapper\">\n<iframe loading=\"lazy\" title=\"INDY 2022: COMO ESTARIA COM PONTUA\u00c7\u00c3O DA F\u00d3RMULA 1?\" width=\"500\" height=\"281\" src=\"https:\/\/www.youtube.com\/embed\/5BYiHwlI1FE?feature=oembed\" frameborder=\"0\" allow=\"accelerometer; autoplay; clipboard-write; encrypted-media; gyroscope; picture-in-picture; web-share\" referrerpolicy=\"strict-origin-when-cross-origin\" allowfullscreen><\/iframe>\n<\/div><figcaption>INDY 2022: COMO ESTARIA COM PONTUA\u00c7\u00c3O DA F\u00d3RMULA 1?<\/figcaption><\/figure>\n","protected":false},"excerpt":{"rendered":"<p>Scott Dixon largou em 16\u00ba e conseguiu terminar o GP de Portland na terceira coloca\u00e7\u00e3o. O neozeland\u00eas se mant\u00e9m na briga pelo t\u00edtulo em 2022, 20 pontos atr\u00e1s do l\u00edder Will Power<\/p>\n","protected":false},"author":0,"featured_media":1000611296,"comment_status":"closed","ping_status":"closed","sticky":false,"template":"","format":"standard","meta":{"42wp_featured_image_caption":"","42wp_featured_image_credits":"","42wp_featured_video":"","42wp_featured_image_hidden":false,"42wp_authors_list":[],"footnotes":""},"categories":[3],"tags":[619,29062,1595,3771,93,2209,94,1555,265,732,266,29480,3133],"42wp_author":[47144],"class_list":["post-109196","post","type-post","status-publish","format-standard","has-post-thumbnail","hentry","category-indy","tag-formula-indy","tag-formula-indy-2022","tag-ganassi","tag-gp-de-portland","tag-indy","tag-indy-2022","tag-indycar","tag-josef-newgarden","tag-penske","tag-scott-dixon","tag-scott-mclaughlin","tag-titulo-indy","tag-will-power","42wp_author-andre-netto"],"_links":{"self":[{"href":"https:\/\/grandepremio.com\/br\/wp-json\/wp\/v2\/posts\/109196","targetHints":{"allow":["GET"]}}],"collection":[{"href":"https:\/\/grandepremio.com\/br\/wp-json\/wp\/v2\/posts"}],"about":[{"href":"https:\/\/grandepremio.com\/br\/wp-json\/wp\/v2\/types\/post"}],"replies":[{"embeddable":true,"href":"https:\/\/grandepremio.com\/br\/wp-json\/wp\/v2\/comments?post=109196"}],"version-history":[{"count":0,"href":"https:\/\/grandepremio.com\/br\/wp-json\/wp\/v2\/posts\/109196\/revisions"}],"wp:featuredmedia":[{"embeddable":true,"href":"https:\/\/grandepremio.com\/br\/wp-json\/wp\/v2\/media\/1000611296"}],"wp:attachment":[{"href":"https:\/\/grandepremio.com\/br\/wp-json\/wp\/v2\/media?parent=109196"}],"wp:term":[{"taxonomy":"category","embeddable":true,"href":"https:\/\/grandepremio.com\/br\/wp-json\/wp\/v2\/categories?post=109196"},{"taxonomy":"post_tag","embeddable":true,"href":"https:\/\/grandepremio.com\/br\/wp-json\/wp\/v2\/tags?post=109196"},{"taxonomy":"42wp_author","embeddable":true,"href":"https:\/\/grandepremio.com\/br\/wp-json\/wp\/v2\/42wp_author?post=109196"}],"curies":[{"name":"wp","href":"https:\/\/api.w.org\/{rel}","templated":true}]}}