{"id":109197,"date":"2022-09-04T19:55:09","date_gmt":"2022-09-04T22:55:09","guid":{"rendered":"https:\/\/grandepremio.com\/br\/noticias\/will-power-mantem-pes-chao-bicampeonato-apos-segundo-portland-ainda-e-dificil\/"},"modified":"2022-09-04T19:56:07","modified_gmt":"2022-09-04T22:56:07","slug":"will-power-mantem-pes-chao-bicampeonato-apos-segundo-portland-ainda-e-dificil","status":"publish","type":"post","link":"https:\/\/grandepremio.com\/br\/indy\/will-power-mantem-pes-chao-bicampeonato-apos-segundo-portland-ainda-e-dificil\/","title":{"rendered":"Power mant\u00e9m p\u00e9s no ch\u00e3o com bicampeonato ap\u00f3s 2\u00ba em Portland: &#8220;Ainda \u00e9 dif\u00edcil&#8221;"},"content":{"rendered":"\n<figure class=\"wp-block-embed is-type-video is-provider-youtube wp-block-embed-youtube wp-embed-aspect-16-9 wp-has-aspect-ratio\"><div class=\"wp-block-embed__wrapper\">\n<iframe loading=\"lazy\" title=\"POR QUE A F\u00d3RMULA 1 EST\u00c1 OBCECADA COM COLTON HERTA?\" width=\"500\" height=\"281\" src=\"https:\/\/www.youtube.com\/embed\/b5vCK9TQzkY?feature=oembed\" frameborder=\"0\" allow=\"accelerometer; autoplay; clipboard-write; encrypted-media; gyroscope; picture-in-picture; web-share\" referrerpolicy=\"strict-origin-when-cross-origin\" allowfullscreen><\/iframe>\n<\/div><figcaption>POR QUE A F\u00d3RMULA 1 EST\u00c1 OBCECADA COM COLTON HERTA?<\/figcaption><\/figure>\n\n\n\n<p class=\"wp-block-paragraph\">Will Power fez mais uma corrida cerebral neste domingo (4) em Portland e conquistou seu oitavo p\u00f3dio na temporada de 2022. <a href=\"https:\/\/www.grandepremio.com\/br\/indy\/noticias\/scott-mclaughlin-domina-vence-gp-portland-will-power-2o-aproxima-bi\/\" class=\"ek-link\">Scott McLaughlin dominou a corrida e venceu pela terceira vez no ano<\/a>. O piloto da Penske elogiou a estrat\u00e9gia da equipe e se mostrou aliviado por n\u00e3o ter sa\u00eddo com danos ap\u00f3s um toque com Pato O&#8217;Ward na reta final da prova.<\/p>\n\n\n\n<p class=\"wp-block-paragraph\">&#8220;O pneu vermelho era muito melhor para n\u00f3s. O preto nunca funcionou, nunca tivemos um bom balan\u00e7o com ele. Foi uma decis\u00e3o dif\u00edcil, porque esses pneus vermelhos j\u00e1 tinham algumas voltas, mas ainda sinto que ser\u00edamos mais r\u00e1pidos no stint. Foi a escolha certa, teria sido muito dif\u00edcil nas relargadas sem eles, ent\u00e3o foi uma boa chamada da equipe&#8221;, disse Will ap\u00f3s o GP de Portland. <\/p>\n\n\n\n<p class=\"wp-block-paragraph\">&#8220;Tivemos uma boa estrat\u00e9gia durante todo o dia e, se o [Christian] Lundgaard n\u00e3o tivesse nos ultrapassado na largada ter\u00edamos uma chance de ter atacado o Scott [McLaughlin]. Foi outro dia em que fizemos tudo o que pod\u00edamos, tive um encontr\u00e3o com o Pato [O&#8217;Ward], ainda bem que deu tudo certo&#8221;, comemorou o piloto do carro #12.<\/p>\n\n\n\n<p class=\"wp-block-paragraph\"><strong>\u25b6\ufe0f\u00a0Inscreva-se nos dois canais do GRANDE PR\u00caMIO no YouTube:\u00a0<a href=\"https:\/\/www.youtube.com\/channel\/UC9OlHEgxoaY6QY6nWPoiqQg?sub_confirmation=1\" target=\"_blank\" rel=\"noreferrer noopener\">GP<\/a>\u00a0|\u00a0<a href=\"https:\/\/www.youtube.com\/channel\/UC9csiS6q_C3C0FYhyr1rnFA?sub_confirmation=1\" target=\"_blank\" rel=\"noreferrer noopener\">GP2<\/a><\/strong><br><strong>\u25b6\ufe0f\u00a0<a href=\"https:\/\/www.twitch.tv\/grandepremio\" target=\"_blank\" rel=\"noreferrer noopener\">Conhe\u00e7a o canal do GRANDE PR\u00caMIO na Twitch clicando aqui!<\/a><\/strong><\/p>\n\n\n\n<figure class=\"wp-block-image size-large\"><img decoding=\"async\" src=\"https:\/\/www.grandepremio.com\/br\/wp-content\/uploads\/2022\/09\/Will-Power-Grand-Prix-of-Portland-By_-Travis-Hinkle_Large-Image-Without-Watermark_m69545-1024x683.jpg\" alt=\"\" class=\"wp-image-611292\"\/><figcaption>Will Power durante o GP de Portland (Foto: IndyCar)<\/figcaption><\/figure>\n\n\n\n<p class=\"wp-block-paragraph\"><strong>LEIA MAIS: <a href=\"https:\/\/www.grandepremio.com\/br\/indy\/noticias\/scott-mclaughlin-mantem-esperanca-titulo-apos-vitoria-portland-temos-chance\/\" class=\"ek-link\">McLaughlin mant\u00e9m esperan\u00e7a de t\u00edtulo ap\u00f3s vit\u00f3ria em Portland: \u201cTemos uma chance\u201d<\/a><\/strong><\/p>\n\n\n\n<p class=\"wp-block-paragraph\">Com o resultado, <a href=\"https:\/\/www.grandepremio.com\/br\/indy\/noticias\/will-power-aumenta-vantagem-para-20-pontos-antes-decisao-confira-classificacao\/\" class=\"ek-link\">o australiano abriu 20 pontos de vantagem para Josef Newgarden e Scott Dixon com apenas uma corrida restante em Laguna Seca<\/a>. O campe\u00e3o de 2014 contou que quer o bicampeonato para dedicar a toda a equipe que o acompanhou na \u00faltima d\u00e9cada na Indy, e evitou o favoritismo mesmo com a boa vantagem antes da corrida em Monterrey.<\/p>\n\n\n\n<p class=\"wp-block-paragraph\">&#8220;Eu s\u00f3 quero vencer esse campeonato para os caras que est\u00e3o comigo h\u00e1 mais de uma d\u00e9cada, como meu engenheiro, Dave, meu analista de dados, Robby, e o grupo. \u00c9 muito menos ego\u00edsta para mim desta vez, porque eles merecem, eu senti a dor deles ao longo dos anos perdendo v\u00e1rios [campeonatos], ent\u00e3o adoraria vencer para eles&#8221;, explicou Power.<\/p>\n\n\n\n<p class=\"wp-block-paragraph\">&#8220;Ainda \u00e9 muito d\u00edficil. A Ganassi testou l\u00e1 e ainda \u00e9 dif\u00edcil. N\u00f3s estamos na melhor posi\u00e7\u00e3o, temos a melhor chance e vamos fazer tudo o que pudermos&#8221;, concluiu Will.<\/p>\n\n\n\n<p class=\"wp-block-paragraph\">Al\u00e9m de Power, Newgarden e Dixon, Marcus Ericsson e McLaughlin ainda t\u00eam chances matem\u00e1ticas de serem campe\u00f5es. A Indy retorna j\u00e1 neste domingo (11) para o encerramento da temporada de 2022 com o GP de Laguna Seca, com cobertura completa do <strong>GRANDE PR\u00caMIO<\/strong>.<\/p>\n\n\n\n<figure class=\"wp-block-embed is-type-video is-provider-youtube wp-block-embed-youtube wp-embed-aspect-16-9 wp-has-aspect-ratio\"><div class=\"wp-block-embed__wrapper\">\n<iframe loading=\"lazy\" title=\"INDY 2022: COMO ESTARIA COM PONTUA\u00c7\u00c3O DA F\u00d3RMULA 1?\" width=\"500\" height=\"281\" src=\"https:\/\/www.youtube.com\/embed\/5BYiHwlI1FE?feature=oembed\" frameborder=\"0\" allow=\"accelerometer; autoplay; clipboard-write; encrypted-media; gyroscope; picture-in-picture; web-share\" referrerpolicy=\"strict-origin-when-cross-origin\" allowfullscreen><\/iframe>\n<\/div><figcaption>INDY 2022: COMO ESTARIA COM PONTUA\u00c7\u00c3O DA F\u00d3RMULA 1?<\/figcaption><\/figure>\n","protected":false},"excerpt":{"rendered":"<p>Will Power abriu 20 pontos de vantagem na lideran\u00e7a da Indy com apenas uma corrida restante, mas se mant\u00e9m cauteloso na busca pelo bicampeonato que dedicaria a sua equipe<\/p>\n","protected":false},"author":0,"featured_media":1000611291,"comment_status":"closed","ping_status":"closed","sticky":false,"template":"","format":"standard","meta":{"42wp_featured_image_caption":"","42wp_featured_image_credits":"","42wp_featured_video":"","42wp_featured_image_hidden":false,"42wp_authors_list":[],"footnotes":""},"categories":[3],"tags":[619,29062,3771,93,2209,94,1555,265,732,266,29480,3133],"42wp_author":[47144],"class_list":["post-109197","post","type-post","status-publish","format-standard","has-post-thumbnail","hentry","category-indy","tag-formula-indy","tag-formula-indy-2022","tag-gp-de-portland","tag-indy","tag-indy-2022","tag-indycar","tag-josef-newgarden","tag-penske","tag-scott-dixon","tag-scott-mclaughlin","tag-titulo-indy","tag-will-power","42wp_author-andre-netto"],"_links":{"self":[{"href":"https:\/\/grandepremio.com\/br\/wp-json\/wp\/v2\/posts\/109197","targetHints":{"allow":["GET"]}}],"collection":[{"href":"https:\/\/grandepremio.com\/br\/wp-json\/wp\/v2\/posts"}],"about":[{"href":"https:\/\/grandepremio.com\/br\/wp-json\/wp\/v2\/types\/post"}],"replies":[{"embeddable":true,"href":"https:\/\/grandepremio.com\/br\/wp-json\/wp\/v2\/comments?post=109197"}],"version-history":[{"count":0,"href":"https:\/\/grandepremio.com\/br\/wp-json\/wp\/v2\/posts\/109197\/revisions"}],"wp:featuredmedia":[{"embeddable":true,"href":"https:\/\/grandepremio.com\/br\/wp-json\/wp\/v2\/media\/1000611291"}],"wp:attachment":[{"href":"https:\/\/grandepremio.com\/br\/wp-json\/wp\/v2\/media?parent=109197"}],"wp:term":[{"taxonomy":"category","embeddable":true,"href":"https:\/\/grandepremio.com\/br\/wp-json\/wp\/v2\/categories?post=109197"},{"taxonomy":"post_tag","embeddable":true,"href":"https:\/\/grandepremio.com\/br\/wp-json\/wp\/v2\/tags?post=109197"},{"taxonomy":"42wp_author","embeddable":true,"href":"https:\/\/grandepremio.com\/br\/wp-json\/wp\/v2\/42wp_author?post=109197"}],"curies":[{"name":"wp","href":"https:\/\/api.w.org\/{rel}","templated":true}]}}