{"id":109250,"date":"2022-09-03T19:20:54","date_gmt":"2022-09-03T22:20:54","guid":{"rendered":"https:\/\/grandepremio.com\/br\/noticias\/will-power-se-preocupa-pior-primeira-curva-segundo-classificacao-portland\/"},"modified":"2022-09-03T19:21:57","modified_gmt":"2022-09-03T22:21:57","slug":"will-power-se-preocupa-pior-primeira-curva-segundo-classificacao-portland","status":"publish","type":"post","link":"https:\/\/grandepremio.com\/br\/indy\/will-power-se-preocupa-pior-primeira-curva-segundo-classificacao-portland\/","title":{"rendered":"Power se preocupa com &#8220;pior primeira curva&#8221; ap\u00f3s 2\u00ba na classifica\u00e7\u00e3o em Portland"},"content":{"rendered":"\n<figure class=\"wp-block-embed is-type-video is-provider-youtube wp-block-embed-youtube wp-embed-aspect-16-9 wp-has-aspect-ratio\"><div class=\"wp-block-embed__wrapper\">\n<iframe loading=\"lazy\" title=\"INDY 2022: COMO ESTARIA COM PONTUA\u00c7\u00c3O DA F\u00d3RMULA 1?\" width=\"500\" height=\"281\" src=\"https:\/\/www.youtube.com\/embed\/5BYiHwlI1FE?feature=oembed\" frameborder=\"0\" allow=\"accelerometer; autoplay; clipboard-write; encrypted-media; gyroscope; picture-in-picture; web-share\" referrerpolicy=\"strict-origin-when-cross-origin\" allowfullscreen><\/iframe>\n<\/div><figcaption>INDY 2022: COMO ESTARIA COM PONTUA\u00c7\u00c3O DA F\u00d3RMULA 1?<\/figcaption><\/figure>\n\n\n\n<p class=\"wp-block-paragraph\">O australiano Will Power fechou a trinca da Penske no topo da classifica\u00e7\u00e3o para o GP de Portland neste s\u00e1bado (3). Scott McLaughlin <a href=\"https:\/\/www.grandepremio.com\/br\/indy\/noticias\/scott-mclaughlin-confirma-favoritismo-penske-anota-pole-gp-portland\/\" class=\"ek-link\">confirmou o favoritismo da equipe e obteve a pole<\/a>, com Josef Newgarden logo atr\u00e1s. O americano, contudo, <a href=\"https:\/\/www.grandepremio.com\/br\/indy\/noticias\/josef-newgarden-punido-troca-motor-perde-seis-posicoes-grid-gp-portland\/\" class=\"ek-link\">foi punido por uma troca de motor e vai largar em oitavo<\/a>, promovendo Power para a primeira fila. O veterano de 41 anos lamentou um erro na classifica\u00e7\u00e3o que poderia ter lhe dado a hist\u00f3rica 68\u00aa pole, batendo o recorde de Mario Andretti.<\/p>\n\n\n\n<p class=\"wp-block-paragraph\">&#8220;Eu puxei a barra de rolamento dianteira e quando fui trazer a m\u00e3o de volta acabei subindo uma marcha antes da curva 4, ent\u00e3o tive que reduzir duas marchas ao inv\u00e9s de uma. A barra foi muito para tr\u00e1s, o que fez com que o carro sa\u00edsse muito de frente. Sinto que t\u00ednhamos uma grande chance de conseguir a pole, mas a culpa \u00e9 minha. Eu devaria ter deixado o carro daquela maneira, estava bom&#8221;, contou Will ap\u00f3s a classifica\u00e7\u00e3o no circuito misto.<\/p>\n\n\n\n<p class=\"wp-block-paragraph\">L\u00edder do campeonato com tr\u00eas pontos de vantagem para Newgarden, Power mostrou grande preocupa\u00e7\u00e3o com a possibilidade de acidentes na largada e colocou a primeira curva de Portland como a pior de toda a Indy. O australiano relembrou <a href=\"https:\/\/www.grandepremio.com\/br\/indy\/noticias\/michael-dorlando-aproveita-acidentes-adversarios-conquista-titulo-usf2000-portland\/\" class=\"ek-link\">os acidentes que aconteceram na USF2000 nas corridas 2 e 3 que tiraram postulantes ao t\u00edtulo da briga neste fim de semana<\/a>, e espera que os pilotos que venham atr\u00e1s n\u00e3o cometam erros.<\/p>\n\n\n\n<p class=\"wp-block-paragraph\"><strong>\u25b6\ufe0f\u00a0Inscreva-se nos dois canais do GRANDE PR\u00caMIO no YouTube:\u00a0<a href=\"https:\/\/www.youtube.com\/channel\/UC9OlHEgxoaY6QY6nWPoiqQg?sub_confirmation=1\" target=\"_blank\" rel=\"noreferrer noopener\">GP<\/a>\u00a0|\u00a0<a href=\"https:\/\/www.youtube.com\/channel\/UC9csiS6q_C3C0FYhyr1rnFA?sub_confirmation=1\" target=\"_blank\" rel=\"noreferrer noopener\">GP2<\/a><\/strong><br><strong>\u25b6\ufe0f\u00a0<a href=\"https:\/\/www.twitch.tv\/grandepremio\" target=\"_blank\" rel=\"noreferrer noopener\">Conhe\u00e7a o canal do GRANDE PR\u00caMIO na Twitch clicando aqui!<\/a><\/strong><\/p>\n\n\n\n<figure class=\"wp-block-image size-large\"><img decoding=\"async\" src=\"https:\/\/www.grandepremio.com\/br\/wp-content\/uploads\/2022\/09\/Will-Power-Grand-Prix-of-Portland-By_-Travis-Hinkle_Large-Image-Without-Watermark_m69120-1024x683.jpg\" alt=\"Indy 2022, GP de Portland, Penske, Will Power\" class=\"wp-image-610163\"\/><figcaption>Will Power sai na primeira fila em Portland (Foto: IndyCar)<\/figcaption><\/figure>\n\n\n\n<p class=\"wp-block-paragraph\"><strong>LEIA MAIS:\u00a0<\/strong><br><strong>+<a href=\"https:\/\/www.grandepremio.com\/br\/indy\/noticias\/scott-mclaughlin-celebra-pole-portland-promete-batalhar-duro-titulo-indy\/\">McLaughlin celebra pole em Portland e promete \u201cbatalhar duro\u201d por t\u00edtulo da Indy<\/a><\/strong><br><strong>+<a href=\"https:\/\/www.grandepremio.com\/br\/indy\/noticias\/josef-newgarden-lamenta-erro-custou-pole-position-portland-fiz-besteira\/\" class=\"ek-link\">Newgarden lamenta erro que custou pole-position em Portland: \u201cFiz besteira<\/a>\u201d<\/strong><\/p>\n\n\n\n<p class=\"wp-block-paragraph\">&#8220;\u00c9 a pior primeira curva de toda a categoria. Eu n\u00e3o sei qual \u00e9 a solu\u00e7\u00e3o para espalhar um pouco mais o pelot\u00e3o, a Indy disse que queria que a gente fosse muito suave. Mas, vendo as categorias juniores, n\u00e3o sei se isso vai ser bom, acaba juntando todo mundo. \u00c9 dif\u00edcil dizer. Voc\u00ea est\u00e1 \u00e0 merc\u00ea de todos atr\u00e1s, torcendo para que eles fa\u00e7am a coisa certa&#8221;, explicou Power. <\/p>\n\n\n\n<p class=\"wp-block-paragraph\">&#8220;\u00c9 uma curva muito convidativa, ent\u00e3o como j\u00e1 vimos nas corridas neste fim de semana, a primeira curva nas categorias juniores teve muita confus\u00e3o, at\u00e9 mesmo para o pole, que foi atingido duas vezes e perdeu o t\u00edtulo da USF2000. Isso \u00e9 algo que temos que ficar atentos&#8221;, concluiu o piloto do carro #12.<\/p>\n\n\n\n<p class=\"wp-block-paragraph\">O GP de\u00a0<a href=\"https:\/\/www.grandepremio.com\/br\/circuito\/portland\/\" target=\"_blank\" rel=\"noreferrer noopener\">Portland<\/a>\u00a0da\u00a0<a href=\"https:\/\/www.grandepremio.com\/formula-indy\/\" target=\"_blank\" rel=\"noreferrer noopener\">Indy<\/a>\u00a0acontece neste domingo (4) com largada marcada para \u00e0s 16h30 (de Bras\u00edlia), com cobertura completa do\u00a0<strong>GRANDE PR\u00caMIO<\/strong>. A TV Cultura transmite a prova entre os canais abertos, a ESPN realiza a transmiss\u00e3o na televis\u00e3o por assinatura, e o Star+\u00a0<a href=\"https:\/\/formula1aovivo.com\/\" target=\"_blank\" rel=\"noreferrer noopener\">no streaming<\/a>.<\/p>\n\n\n\n<figure class=\"wp-block-embed is-type-video is-provider-youtube wp-block-embed-youtube wp-embed-aspect-16-9 wp-has-aspect-ratio\"><div class=\"wp-block-embed__wrapper\">\n<iframe loading=\"lazy\" title=\"POR QUE A F\u00d3RMULA 1 EST\u00c1 OBCECADA COM COLTON HERTA?\" width=\"500\" height=\"281\" src=\"https:\/\/www.youtube.com\/embed\/b5vCK9TQzkY?feature=oembed\" frameborder=\"0\" allow=\"accelerometer; autoplay; clipboard-write; encrypted-media; gyroscope; picture-in-picture; web-share\" referrerpolicy=\"strict-origin-when-cross-origin\" allowfullscreen><\/iframe>\n<\/div><figcaption>POR QUE A F\u00d3RMULA 1 EST\u00c1 OBCECADA COM COLTON HERTA?<\/figcaption><\/figure>\n","protected":false},"excerpt":{"rendered":"<p>Will Power terminou a classifica\u00e7\u00e3o para o GP de Portland em terceiro, mas vai largar em segundo por conta de uma puni\u00e7\u00e3o para Josef Newgarden. Australiano torce para uma largada limpa ap\u00f3s acidentes nas categorias juniores<\/p>\n","protected":false},"author":0,"featured_media":1000610122,"comment_status":"closed","ping_status":"closed","sticky":false,"template":"","format":"standard","meta":{"42wp_featured_image_caption":"","42wp_featured_image_credits":"","42wp_featured_video":"","42wp_featured_image_hidden":false,"42wp_authors_list":[],"footnotes":""},"categories":[3],"tags":[487,619,29062,3771,93,2209,94,1555,265,266,29480,1819,3133],"42wp_author":[47144],"class_list":["post-109250","post","type-post","status-publish","format-standard","has-post-thumbnail","hentry","category-indy","tag-acidente","tag-formula-indy","tag-formula-indy-2022","tag-gp-de-portland","tag-indy","tag-indy-2022","tag-indycar","tag-josef-newgarden","tag-penske","tag-scott-mclaughlin","tag-titulo-indy","tag-usf2000","tag-will-power","42wp_author-andre-netto"],"_links":{"self":[{"href":"https:\/\/grandepremio.com\/br\/wp-json\/wp\/v2\/posts\/109250","targetHints":{"allow":["GET"]}}],"collection":[{"href":"https:\/\/grandepremio.com\/br\/wp-json\/wp\/v2\/posts"}],"about":[{"href":"https:\/\/grandepremio.com\/br\/wp-json\/wp\/v2\/types\/post"}],"replies":[{"embeddable":true,"href":"https:\/\/grandepremio.com\/br\/wp-json\/wp\/v2\/comments?post=109250"}],"version-history":[{"count":0,"href":"https:\/\/grandepremio.com\/br\/wp-json\/wp\/v2\/posts\/109250\/revisions"}],"wp:featuredmedia":[{"embeddable":true,"href":"https:\/\/grandepremio.com\/br\/wp-json\/wp\/v2\/media\/1000610122"}],"wp:attachment":[{"href":"https:\/\/grandepremio.com\/br\/wp-json\/wp\/v2\/media?parent=109250"}],"wp:term":[{"taxonomy":"category","embeddable":true,"href":"https:\/\/grandepremio.com\/br\/wp-json\/wp\/v2\/categories?post=109250"},{"taxonomy":"post_tag","embeddable":true,"href":"https:\/\/grandepremio.com\/br\/wp-json\/wp\/v2\/tags?post=109250"},{"taxonomy":"42wp_author","embeddable":true,"href":"https:\/\/grandepremio.com\/br\/wp-json\/wp\/v2\/42wp_author?post=109250"}],"curies":[{"name":"wp","href":"https:\/\/api.w.org\/{rel}","templated":true}]}}