{"id":109270,"date":"2022-09-03T13:43:51","date_gmt":"2022-09-03T16:43:51","guid":{"rendered":"https:\/\/grandepremio.com\/br\/noticias\/sebastian-vettel-reclama-areia-19o-lugar-grid-holanda-perdi-carro\/"},"modified":"2022-09-03T17:18:45","modified_gmt":"2022-09-03T20:18:45","slug":"sebastian-vettel-reclama-areia-19o-lugar-grid-holanda-perdi-carro","status":"publish","type":"post","link":"https:\/\/grandepremio.com\/br\/f1\/sebastian-vettel-reclama-areia-19o-lugar-grid-holanda-perdi-carro\/","title":{"rendered":"Vettel reclama de areia ap\u00f3s 19\u00ba lugar no grid da Holanda: &#8220;Simplesmente perdi o carro&#8221;"},"content":{"rendered":"\n<figure class=\"wp-block-embed is-type-video is-provider-youtube wp-block-embed-youtube wp-embed-aspect-16-9 wp-has-aspect-ratio\"><div class=\"wp-block-embed__wrapper\">\n<iframe loading=\"lazy\" title=\"OS SEGUND\u00d5ES DA F1 2022: D\u00c1 PRA CONFIAR EM SAINZ E P\u00c9REZ? | PADDOCKAST #163\" width=\"500\" height=\"281\" src=\"https:\/\/www.youtube.com\/embed\/1qRgyadHw1E?feature=oembed\" frameborder=\"0\" allow=\"accelerometer; autoplay; clipboard-write; encrypted-media; gyroscope; picture-in-picture; web-share\" referrerpolicy=\"strict-origin-when-cross-origin\" allowfullscreen><\/iframe>\n<\/div><figcaption>OS SEGUND\u00d5ES DA F1 2022: D\u00c1 PRA CONFIAR EM SAINZ E P\u00c9REZ? | PADDOCKAST #163<\/figcaption><\/figure>\n\n\n\n<p class=\"wp-block-paragraph\">A Aston Martin viveu dois sentimentos completamente diferentes em sua garagem neste s\u00e1bado (3), em Zandvoort, entre a felicidade pelo d\u00e9cimo lugar de Lance Stroll no grid de largada do GP da Holanda <a href=\"https:\/\/www.grandepremio.com\/br\/f1\/noticias\/max-verstappen-torcida-loucura-zandvoort-conquista-pole-holanda\/\" target=\"_blank\" aria-label=\"e a decep\u00e7\u00e3o pela 19\u00aa posi\u00e7\u00e3o (opens in a new tab)\" rel=\"noreferrer noopener\" class=\"ek-link\">e a decep\u00e7\u00e3o pela 19\u00aa posi\u00e7\u00e3o<\/a> de Sebastian Vettel na classifica\u00e7\u00e3o. O tetracampe\u00e3o mundial afirmou que teve sua \u00faltima tentativa atrapalhada por um trecho mais arenoso do circuito holand\u00eas, que fica \u00e0s margens do Mar Negro e recebe uma quantidade maior de areia do que o habitual na F1.<\/p>\n\n\n\n<p class=\"wp-block-paragraph\">&#8220;Eu tive um pouco de areia nos pneus da esquerda na minha \u00faltima volta do Q1, na entrada da curva 13&#8221;, lamentou Vettel. &#8220;Nesse momento, voc\u00ea est\u00e1 realmente focado na zebra da cura \u00e0 direita \u2014 eu n\u00e3o estava tentando nada de diferente \u2014 e simplesmente escapei da linha [de corrida] e perdi o carro&#8221;, explicou.<\/p>\n\n\n\n<p class=\"wp-block-paragraph\">Vettel destacou que, assim como seu companheiro de equipe conseguiu, confiava em um ritmo que fosse suficiente para lev\u00e1-lo \u00e0 fase seguinte da classifica\u00e7\u00e3o \u2014 e at\u00e9 mesmo ao Q3, quando apenas os dez melhores definem as posi\u00e7\u00f5es de largada do grid de domingo.<\/p>\n\n\n\n<p class=\"wp-block-paragraph\"><strong>\u25b6\ufe0f&nbsp;<a href=\"https:\/\/www.twitch.tv\/grandepremio\" target=\"_blank\" rel=\"noreferrer noopener\">Conhe\u00e7a o canal do GRANDE PR\u00caMIO na Twitch clicando aqui!<\/a><\/strong><\/p>\n\n\n\n<figure class=\"wp-block-image size-large\"><img decoding=\"async\" src=\"https:\/\/www.grandepremio.com\/br\/wp-content\/uploads\/2022\/09\/GPF1-1024x683.jpeg\" alt=\"\" class=\"wp-image-608707\"\/><figcaption>Pr\u00f3ximo \u00e0 praia, Circuito de Zandvoort sofre com areia na pista (Foto: Ferrari)<\/figcaption><\/figure>\n\n\n\n<p class=\"wp-block-paragraph\"><strong>\u25b6\ufe0f&nbsp;Inscreva-se nos dois canais do GRANDE PR\u00caMIO no YouTube:&nbsp;<a href=\"https:\/\/www.youtube.com\/channel\/UC9OlHEgxoaY6QY6nWPoiqQg?sub_confirmation=1\" target=\"_blank\" rel=\"noreferrer noopener\">GP<\/a>&nbsp;|&nbsp;<a href=\"https:\/\/www.youtube.com\/channel\/UC9csiS6q_C3C0FYhyr1rnFA?sub_confirmation=1\" target=\"_blank\" rel=\"noreferrer noopener\">GP2<\/a><\/strong><\/p>\n\n\n\n<p class=\"wp-block-paragraph\">&#8220;Acho que voc\u00ea poderia dizer que eu fui pego pelo &#8216;Zand&#8217; de &#8220;Zandvoort&#8221;, brincou Vettel em alus\u00e3o \u00e0 palara &#8216;sand&#8217;, que em ingl\u00eas significa areia. &#8220;Meu ritmo at\u00e9 aquele momento parecia muito bom, aquela \u00faltima volta era facilmente boa o suficiente para ir ao Q2, e acho que provavelmente chegar\u00edamos ao Q3 tamb\u00e9m&#8221;, avaliou.<\/p>\n\n\n\n<p class=\"wp-block-paragraph\">No entanto, a areia atrapalhou o piloto, que precisou se contentar com a \u00faltima fila. Agora, na opini\u00e3o do pr\u00f3prio Vettel, a miss\u00e3o de pontuar em Zandvoort se tornou consideravelmente mais dif\u00edcil, e s\u00f3 uma estrat\u00e9gia da Aston Martin pode ajudar o alem\u00e3o a buscar pontos na corrida deste domingo.<\/p>\n\n\n\n<p class=\"wp-block-paragraph\">&#8220;\u00c9 uma pena, e torna as coisas mais dif\u00edceis para amanh\u00e3&#8221;, admitiu Vettel. &#8220;Porque n\u00f3s basicamente vamos come\u00e7ar no \u00faltimo lugar. Vamos ver se conseguimos encontrar uma solu\u00e7\u00e3o estrat\u00e9gica inteligente, mas provavelmente ser\u00e1 uma longa tarde [na corrida]&#8221;, sentenciou.<\/p>\n\n\n\n<p class=\"wp-block-paragraph\">O <strong>GRANDE PR\u00caMIO<\/strong> acompanha <strong>AO VIVO<\/strong> e <strong>EM TEMPO REAL<\/strong> todas as atividades do GP da Holanda de F\u00f3rmula 1. No domingo, a largada est\u00e1 marcada para as 10h (de Bras\u00edlia, GMT-3).<\/p>\n","protected":false},"excerpt":{"rendered":"<p>Sebastian Vettel n\u00e3o passou do pen\u00faltimo lugar na classifica\u00e7\u00e3o do GP da Holanda, e creditou erro a um trecho arenoso da pista de Zandvoort que o fez perder controle do carro<\/p>\n","protected":false},"author":0,"featured_media":1000608803,"comment_status":"closed","ping_status":"closed","sticky":false,"template":"","format":"standard","meta":{"42wp_featured_image_caption":"","42wp_featured_image_credits":"","42wp_featured_video":"","42wp_featured_image_hidden":false,"42wp_authors_list":[],"footnotes":""},"categories":[2],"tags":[309,5660,147,1357,180,1388,1491,28285,901,485,210,1389],"42wp_author":[47142],"class_list":["post-109270","post","type-post","status-publish","format-standard","has-post-thumbnail","hentry","category-f1","tag-aston-martin","tag-classificacao","tag-f1","tag-f1-2022","tag-formula-1","tag-gp-da-holanda","tag-grande-premio","tag-grandepremio","tag-holanda","tag-lance-stroll","tag-sebastian-vettel","tag-zandvoort","42wp_author-jp-nascimento"],"_links":{"self":[{"href":"https:\/\/grandepremio.com\/br\/wp-json\/wp\/v2\/posts\/109270","targetHints":{"allow":["GET"]}}],"collection":[{"href":"https:\/\/grandepremio.com\/br\/wp-json\/wp\/v2\/posts"}],"about":[{"href":"https:\/\/grandepremio.com\/br\/wp-json\/wp\/v2\/types\/post"}],"replies":[{"embeddable":true,"href":"https:\/\/grandepremio.com\/br\/wp-json\/wp\/v2\/comments?post=109270"}],"version-history":[{"count":0,"href":"https:\/\/grandepremio.com\/br\/wp-json\/wp\/v2\/posts\/109270\/revisions"}],"wp:featuredmedia":[{"embeddable":true,"href":"https:\/\/grandepremio.com\/br\/wp-json\/wp\/v2\/media\/1000608803"}],"wp:attachment":[{"href":"https:\/\/grandepremio.com\/br\/wp-json\/wp\/v2\/media?parent=109270"}],"wp:term":[{"taxonomy":"category","embeddable":true,"href":"https:\/\/grandepremio.com\/br\/wp-json\/wp\/v2\/categories?post=109270"},{"taxonomy":"post_tag","embeddable":true,"href":"https:\/\/grandepremio.com\/br\/wp-json\/wp\/v2\/tags?post=109270"},{"taxonomy":"42wp_author","embeddable":true,"href":"https:\/\/grandepremio.com\/br\/wp-json\/wp\/v2\/42wp_author?post=109270"}],"curies":[{"name":"wp","href":"https:\/\/api.w.org\/{rel}","templated":true}]}}