{"id":109294,"date":"2022-09-03T06:58:36","date_gmt":"2022-09-03T09:58:36","guid":{"rendered":"https:\/\/grandepremio.com\/br\/noticias\/caio-collet-domina-vence-corrida-sprint-formula-3-zandvoort-juan-manuel-correa-podio\/"},"modified":"2022-09-03T07:07:10","modified_gmt":"2022-09-03T10:07:10","slug":"caio-collet-domina-vence-corrida-sprint-formula-3-zandvoort-juan-manuel-correa-podio","status":"publish","type":"post","link":"https:\/\/grandepremio.com\/br\/f3\/caio-collet-domina-vence-corrida-sprint-formula-3-zandvoort-juan-manuel-correa-podio\/","title":{"rendered":"Collet domina e vence corrida sprint da F\u00f3rmula 3 em Zandvoort. Correa vai ao p\u00f3dio"},"content":{"rendered":"\n<figure class=\"wp-block-embed is-type-video is-provider-youtube wp-block-embed-youtube wp-embed-aspect-16-9 wp-has-aspect-ratio\"><div class=\"wp-block-embed__wrapper\">\n<iframe loading=\"lazy\" title=\"QUEM VAI FAZER A POLE NA HOLANDA? RUSSELL, HAMILTON, VERSTAPPEN, LECLERC OU SAINZ?\" width=\"500\" height=\"281\" src=\"https:\/\/www.youtube.com\/embed\/OmMlozyY7tU?feature=oembed\" frameborder=\"0\" allow=\"accelerometer; autoplay; clipboard-write; encrypted-media; gyroscope; picture-in-picture; web-share\" referrerpolicy=\"strict-origin-when-cross-origin\" allowfullscreen><\/iframe>\n<\/div><figcaption>QUEM VAI FAZER A POLE NA HOLANDA? RUSSELL, HAMILTON, VERSTAPPEN, LECLERC OU SAINZ?<\/figcaption><\/figure>\n\n\n\n<p class=\"wp-block-paragraph\">O s\u00e1bado (3) na Holanda come\u00e7ou muito bem para o Brasil. Caio Collet partiu da 4\u00aa coloca\u00e7\u00e3o para a corrida sprint da F\u00f3rmula 3 em Zandvoort, deixou Zak O&#8217;Sullivan e Gr\u00e9goire Saucy para tr\u00e1s e saltou posi\u00e7\u00f5es logo na largada e, ap\u00f3s ultrapassar Juan Manuel Correa na quinta volta, abriu dist\u00e2ncia para cruzar a linha de chegada no primeiro lugar da disputa.<\/p>\n\n\n\n<p class=\"wp-block-paragraph\">Esta foi a segunda vit\u00f3ria do brasileiro na temporada de 2022 da F3 \u2014 a primeira aconteceu tamb\u00e9m em uma corrida de s\u00e1bado, na Hungria. De maneira dominante na Holanda, o piloto da MP recebeu a bandeirada quadriculada 4s antes de Correa, segundo colocado.<\/p>\n\n\n\n<figure class=\"wp-block-image size-large\"><img decoding=\"async\" src=\"https:\/\/www.grandepremio.com\/br\/wp-content\/uploads\/2022\/09\/GPF3-1-1024x576.jpeg\" alt=\"\" class=\"wp-image-609436\"\/><figcaption>Juan Manuel Correa volta ao p\u00f3dio pela primeira vez desde que retomou a carreira (Foto: Reprodu\u00e7\u00e3o\/F3)<\/figcaption><\/figure>\n\n\n\n<p class=\"wp-block-paragraph\">O piloto da ART, ali\u00e1s, conquistou seu primeiro p\u00f3dio na categoria \u2014 e festejou muito. Correa, como se sabe, esteve envolvido no grav\u00edssimo acidente em&nbsp;Spa-Francorchamps em 2019, pela&nbsp;F\u00f3rmula 2, que quebrou suas duas pernas e o deixou em coma induzido \u2014 al\u00e9m de provocar a morte do franc\u00eas Anthoine Hubert. O estadunidense de origem equatoriana tamb\u00e9m sofreu les\u00f5es s\u00e9rias no pulm\u00e3o e na espinha, al\u00e9m do risco de amputar as pernas, e teve que passar por 20 cirurgias durante o per\u00edodo de intensa reabilita\u00e7\u00e3o at\u00e9 conseguir retornar ao automobilismo.<\/p>\n\n\n\n<p class=\"wp-block-paragraph\">O&#8217;Sullivan, da Carlin, completou a prova em terceiro \u2014 garantindo seu segundo p\u00f3dio do ano. Jonny Edgar, Saucy, Isack Hadjar, Victor Martin, Sebastian Montoya, Jak Crawford e Roman Stanek fecharam a lista dos 10 primeiros colocados.<\/p>\n\n\n\n<figure class=\"wp-block-image size-large\"><img decoding=\"async\" src=\"https:\/\/www.grandepremio.com\/br\/wp-content\/uploads\/2022\/09\/GPF2-1-1024x576.jpeg\" alt=\"\" class=\"wp-image-609437\"\/><figcaption>O p\u00f3dio da corrida sprint da F\u00f3rmula 3 na Holanda: Collet no centro, Correa \u00e0 esquerda da imagem e O&#8217;Sullivan \u00e0 direita (Foto: Reprodu\u00e7\u00e3o\/F3)<\/figcaption><\/figure>\n\n\n\n<p class=\"wp-block-paragraph\">Ap\u00f3s as luzes se apagarem no grid, Collet imediatamente subiu para o 3\u00ba lugar, deixando Saucy para tr\u00e1s, e logo ultrapassou tamb\u00e9m O&#8217;Sullivan. Enquanto isso, Correa \u2014 que largou da pole na sprint \u2014, conseguia segurar a lideran\u00e7a da prova. <\/p>\n\n\n\n<p class=\"wp-block-paragraph\">Eventualmente, gra\u00e7as \u00e0 asa m\u00f3vel, o brasileiro p\u00f4de ultrapassar Correa na quinta volta \u2014 em bela manobra na curva 3 \u2014 e, somente dois giros depois, j\u00e1 se encontrava 1s4 \u00e0 frente do rival deste s\u00e1bado.<\/p>\n\n\n\n<p class=\"wp-block-paragraph\">O brasileiro somou 11 pontos para a conta com o resultado deste s\u00e1bado: 10 da vit\u00f3ria e mais 1 da volta mais r\u00e1pida da disputa. <\/p>\n\n\n\n<figure class=\"wp-block-image size-large\"><img decoding=\"async\" src=\"https:\/\/www.grandepremio.com\/br\/wp-content\/uploads\/2022\/09\/GPF1-2-1024x576.jpeg\" alt=\"\" class=\"wp-image-609439\"\/><figcaption>Caio Collet passa Juan Manuel Correa e vence corrida sprint da F3 em Zandvoort (Foto: Reprodu\u00e7\u00e3o\/F3)<\/figcaption><\/figure>\n\n\n\n<p class=\"wp-block-paragraph\">Enquanto isso, os postulantes ao t\u00edtulo Stanek e Oliver Bearman brigavam pela posi\u00e7\u00e3o final nos pontos \u2014 com o piloto da Trident levando a melhor. Arthur Leclerc, <a href=\"https:\/\/www.grandepremio.com\/br\/f3\/noticias\/zane-maloney-comanda-zandvoort-vira-primeiro-repetir-pole-position-formula-3-2022\/\" class=\"ek-link\">prejudicado pelas circunst\u00e2ncias do treino de classifica\u00e7\u00e3o<\/a>, largou de 20\u00ba e escalou o pelot\u00e3o para terminar em 12\u00ba.<\/p>\n\n\n\n<p class=\"wp-block-paragraph\">Para a corrida principal, que acontece neste domingo,&nbsp;Collet ir\u00e1 largar da 9\u00aa posi\u00e7\u00e3o, com Zane Maloney partindo da pole. A segunda corrida da rodada da Holanda da F3 est\u00e1 marcada para \u00e0s 3h45 (de Bras\u00edlia, GMT -3). O&nbsp;<strong>GRANDE PR\u00caMIO<\/strong>&nbsp;acompanha todas as atividades da temporada 2022 da F\u00f3rmula 3.<\/p>\n\n\n\n<p class=\"wp-block-paragraph\"><strong>\u25b6\ufe0f&nbsp;Inscreva-se nos dois canais do GRANDE PR\u00caMIO no YouTube:&nbsp;<a href=\"https:\/\/www.youtube.com\/channel\/UC9OlHEgxoaY6QY6nWPoiqQg?sub_confirmation=1\" target=\"_blank\" rel=\"noreferrer noopener\">GP<\/a>&nbsp;|&nbsp;<a href=\"https:\/\/www.youtube.com\/channel\/UC9csiS6q_C3C0FYhyr1rnFA?sub_confirmation=1\" target=\"_blank\" rel=\"noreferrer noopener\">GP2<\/a><\/strong><br><strong>\u25b6\ufe0f&nbsp;<a href=\"https:\/\/www.twitch.tv\/grandepremio\" target=\"_blank\" rel=\"noreferrer noopener\">Conhe\u00e7a o canal do GRANDE PR\u00caMIO na Twitch clicando aqui!<\/a><\/strong><\/p>\n\n\n\n<figure class=\"wp-block-embed is-type-video is-provider-youtube wp-block-embed-youtube wp-embed-aspect-16-9 wp-has-aspect-ratio\"><div class=\"wp-block-embed__wrapper\">\n<iframe loading=\"lazy\" title=\"F1 2022: PIASTRI NA MCLAREN. LECLERC LIDERA NA HOLANDA. DRUGOVICH POLE NA F2 | Briefing\" width=\"500\" height=\"281\" src=\"https:\/\/www.youtube.com\/embed\/xKTj2_7LR0c?feature=oembed\" frameborder=\"0\" allow=\"accelerometer; autoplay; clipboard-write; encrypted-media; gyroscope; picture-in-picture; web-share\" referrerpolicy=\"strict-origin-when-cross-origin\" allowfullscreen><\/iframe>\n<\/div><figcaption>F1 2022: PIASTRI NA MCLAREN. LECLERC LIDERA NA HOLANDA. DRUGOVICH POLE NA F2 | Briefing<\/figcaption><\/figure>\n","protected":false},"excerpt":{"rendered":"<p>Brasileiro largou em 4\u00ba, imediatamente saltou duas posi\u00e7\u00f5es e, na quinta volta, ultrapassou Juan Manuel Correa para n\u00e3o mais se desgarrar da lideran\u00e7a. O estadunidense de origem equatoriana, envolvido no acidente que provocou a morte de Anthoine Hubert, terminou no top-3 da F3 pela primeira vez na carreira<\/p>\n","protected":false},"author":0,"featured_media":1000609437,"comment_status":"closed","ping_status":"closed","sticky":false,"template":"","format":"standard","meta":{"42wp_featured_image_caption":"","42wp_featured_image_credits":"","42wp_featured_video":"","42wp_featured_image_hidden":false,"42wp_authors_list":[],"footnotes":""},"categories":[10],"tags":[448,5921,1008,29657,8057,29653,1491,28285,901,107,1389],"42wp_author":[47143],"class_list":["post-109294","post","type-post","status-publish","format-standard","has-post-thumbnail","hentry","category-f3","tag-caio-collet","tag-corrida-sprint","tag-f3","tag-f3-2022","tag-formula-3","tag-formula-3-2022","tag-grande-premio","tag-grandepremio","tag-holanda","tag-juan-manuel-correa","tag-zandvoort","42wp_author-felipe-leite"],"_links":{"self":[{"href":"https:\/\/grandepremio.com\/br\/wp-json\/wp\/v2\/posts\/109294","targetHints":{"allow":["GET"]}}],"collection":[{"href":"https:\/\/grandepremio.com\/br\/wp-json\/wp\/v2\/posts"}],"about":[{"href":"https:\/\/grandepremio.com\/br\/wp-json\/wp\/v2\/types\/post"}],"replies":[{"embeddable":true,"href":"https:\/\/grandepremio.com\/br\/wp-json\/wp\/v2\/comments?post=109294"}],"version-history":[{"count":0,"href":"https:\/\/grandepremio.com\/br\/wp-json\/wp\/v2\/posts\/109294\/revisions"}],"wp:featuredmedia":[{"embeddable":true,"href":"https:\/\/grandepremio.com\/br\/wp-json\/wp\/v2\/media\/1000609437"}],"wp:attachment":[{"href":"https:\/\/grandepremio.com\/br\/wp-json\/wp\/v2\/media?parent=109294"}],"wp:term":[{"taxonomy":"category","embeddable":true,"href":"https:\/\/grandepremio.com\/br\/wp-json\/wp\/v2\/categories?post=109294"},{"taxonomy":"post_tag","embeddable":true,"href":"https:\/\/grandepremio.com\/br\/wp-json\/wp\/v2\/tags?post=109294"},{"taxonomy":"42wp_author","embeddable":true,"href":"https:\/\/grandepremio.com\/br\/wp-json\/wp\/v2\/42wp_author?post=109294"}],"curies":[{"name":"wp","href":"https:\/\/api.w.org\/{rel}","templated":true}]}}