{"id":109308,"date":"2022-09-02T16:31:44","date_gmt":"2022-09-02T19:31:44","guid":{"rendered":"https:\/\/grandepremio.com\/br\/noticias\/charles-leclerc-surpresa-equilibrio-holanda-passo-a-frente-ferrari\/"},"modified":"2022-09-02T17:22:56","modified_gmt":"2022-09-02T20:22:56","slug":"charles-leclerc-surpresa-equilibrio-holanda-passo-a-frente-ferrari","status":"publish","type":"post","link":"https:\/\/grandepremio.com\/br\/f1\/charles-leclerc-surpresa-equilibrio-holanda-passo-a-frente-ferrari\/","title":{"rendered":"Leclerc admite surpresa com equil\u00edbrio na Holanda e pede &#8220;passo \u00e0 frente&#8221; da Ferrari"},"content":{"rendered":"\n<figure class=\"wp-block-embed is-type-video is-provider-youtube wp-block-embed-youtube wp-embed-aspect-16-9 wp-has-aspect-ratio\"><div class=\"wp-block-embed__wrapper\">\n<iframe loading=\"lazy\" title=\"OS SEGUND\u00d5ES DA F1 2022: D\u00c1 PRA CONFIAR EM SAINZ E P\u00c9REZ? | PADDOCKAST #163\" width=\"500\" height=\"281\" src=\"https:\/\/www.youtube.com\/embed\/1qRgyadHw1E?feature=oembed\" frameborder=\"0\" allow=\"accelerometer; autoplay; clipboard-write; encrypted-media; gyroscope; picture-in-picture; web-share\" referrerpolicy=\"strict-origin-when-cross-origin\" allowfullscreen><\/iframe>\n<\/div><figcaption>OS SEGUND\u00d5ES DA F1 2022: D\u00c1 PRA CONFIAR EM SAINZ E P\u00c9REZ? | PADDOCKAST #163<\/figcaption><\/figure>\n\n\n\n<p class=\"wp-block-paragraph\">Charles Leclerc fechou o primeiro dia de atividades do GP da Holanda, nesta sexta-feira (2), <a href=\"https:\/\/www.grandepremio.com\/br\/f1\/noticias\/charles-leclerc-caras-lidera-tl2-holanda-formula-1-max-verstappen-8\/\" target=\"_blank\" aria-label=\"com o topo da tabela de tempos no TL2 (opens in a new tab)\" rel=\"noreferrer noopener\" class=\"ek-link\">com o topo da tabela de tempos no TL2<\/a>. Depois de um primeiro treino livre um pouco mais complicado, em que as Mercedes se sobressa\u00edram, o monegasco cravou o melhor tempo da segunda sess\u00e3o logo no momento em que colocou os pneus macios e foi para a pista. O agora terceiro colocado no campeonato reconheceu a evolu\u00e7\u00e3o em rela\u00e7\u00e3o \u00e0 manh\u00e3, mas ainda reconheceu que a Ferrari precisa trabalhar no carro antes da classifica\u00e7\u00e3o de s\u00e1bado e admitiu surpresa com a proximidade do pelot\u00e3o.<\/p>\n\n\n\n<p class=\"wp-block-paragraph\">&#8220;Foi um pouco melhor [do que o TL1], mas no fim n\u00f3s ficamos todos muito pr\u00f3ximos, e ainda \u00e9 uma surpresa ver todo mundo t\u00e3o perto&#8221;, afirmou Leclerc ap\u00f3s a sexta-feira de treinos. &#8220;Ser\u00e1 um dia complicado amanh\u00e3, mas estamos ansiosos para dar mais um passo \u00e0 frente. Eu n\u00e3o estava muito satisfeito com o equil\u00edbrio do carro hoje, ent\u00e3o espero que possamos trabalhar na dire\u00e7\u00e3o certa para dar mais um passo amanh\u00e3&#8221;, salientou.<\/p>\n\n\n\n<p class=\"wp-block-paragraph\"><strong>\u25b6\ufe0f&nbsp;<a href=\"https:\/\/www.twitch.tv\/grandepremio\" target=\"_blank\" rel=\"noreferrer noopener\">Conhe\u00e7a o canal do GRANDE PR\u00caMIO na Twitch clicando aqui!<\/a><\/strong><\/p>\n\n\n\n<figure class=\"wp-block-image size-large\"><img decoding=\"async\" src=\"https:\/\/www.grandepremio.com\/br\/wp-content\/uploads\/2022\/09\/ferrari-charlesleclerc-01-1-1024x683.jpg\" alt=\"\" class=\"wp-image-609011\"\/><figcaption>Leclerc quer ver um passo \u00e0 frente da Ferrari no s\u00e1bado de classifica\u00e7\u00e3o (Foto: Ferrari)<\/figcaption><\/figure>\n\n\n\n<p class=\"wp-block-paragraph\"><strong>\u25b6\ufe0f&nbsp;Inscreva-se nos dois canais do GRANDE PR\u00caMIO no YouTube:&nbsp;<a href=\"https:\/\/www.youtube.com\/channel\/UC9OlHEgxoaY6QY6nWPoiqQg?sub_confirmation=1\" target=\"_blank\" rel=\"noreferrer noopener\">GP<\/a>&nbsp;|&nbsp;<a href=\"https:\/\/www.youtube.com\/channel\/UC9csiS6q_C3C0FYhyr1rnFA?sub_confirmation=1\" target=\"_blank\" rel=\"noreferrer noopener\">GP2<\/a><\/strong><\/p>\n\n\n\n<p class=\"wp-block-paragraph\">Apesar do ritmo superior em compara\u00e7\u00e3o ao TL1, Leclerc ainda v\u00ea trabalho a ser feito na F1-75, principalmente no que tange ao equil\u00edbrio do carro na pista de Zandvoort. O piloto relatou uma certa dificuldade de fazer os pneus dianteiros funcionarem nas exigentes curvas do circuito holand\u00eas, algo que a Ferrari vai tentar resolver antes do terceiro e \u00faltimo treino livre.<\/p>\n\n\n\n<p class=\"wp-block-paragraph\">&#8220;Em geral, o equil\u00edbrio estava bem complicado, bastante subviragem ao tentar virar o carro [quando as rodas dianteiras n\u00e3o conseguem fazer a tang\u00eancia necess\u00e1ria nas curvas, gerando um raio maior do que o ideal]&#8221;, admitiu. &#8220;E no fim, ficou bastante arisco porque n\u00e3o virei o suficiente no meio da curva. Ent\u00e3o, precisamos trabalhar nisso, mas estou confiante de que daremos um passo \u00e0 frente amanh\u00e3&#8221;, finalizou.<\/p>\n\n\n\n<p class=\"wp-block-paragraph\">O <strong>GRANDE PR\u00caMIO <\/strong>acompanha <strong>AO VIVO<\/strong> e<strong> EM TEMPO REAL<\/strong> todas as atividades do GP da Holanda de F\u00f3rmula 1. No s\u00e1bado, o TL3 est\u00e1 marcado para as 7h (de Bras\u00edlia, GMT-3). A classifica\u00e7\u00e3o come\u00e7a \u00e0s 10h.<\/p>\n","protected":false},"excerpt":{"rendered":"<p>Charles Leclerc liderou o TL2 do GP da Holanda, mas reclamou do equil\u00edbrio do carro e pediu evolu\u00e7\u00e3o \u00e0 Ferrari, pois considerou &#8220;todo mundo muito pr\u00f3ximo&#8221; nesta sexta-feira<\/p>\n","protected":false},"author":0,"featured_media":1000609058,"comment_status":"closed","ping_status":"closed","sticky":false,"template":"","format":"standard","meta":{"42wp_featured_image_caption":"","42wp_featured_image_credits":"","42wp_featured_video":"","42wp_featured_image_hidden":false,"42wp_authors_list":[],"footnotes":""},"categories":[2],"tags":[209,147,1357,207,180,1388,1491,28285,901,1389],"42wp_author":[47142],"class_list":["post-109308","post","type-post","status-publish","format-standard","has-post-thumbnail","hentry","category-f1","tag-charles-leclerc","tag-f1","tag-f1-2022","tag-ferrari","tag-formula-1","tag-gp-da-holanda","tag-grande-premio","tag-grandepremio","tag-holanda","tag-zandvoort","42wp_author-jp-nascimento"],"_links":{"self":[{"href":"https:\/\/grandepremio.com\/br\/wp-json\/wp\/v2\/posts\/109308","targetHints":{"allow":["GET"]}}],"collection":[{"href":"https:\/\/grandepremio.com\/br\/wp-json\/wp\/v2\/posts"}],"about":[{"href":"https:\/\/grandepremio.com\/br\/wp-json\/wp\/v2\/types\/post"}],"replies":[{"embeddable":true,"href":"https:\/\/grandepremio.com\/br\/wp-json\/wp\/v2\/comments?post=109308"}],"version-history":[{"count":0,"href":"https:\/\/grandepremio.com\/br\/wp-json\/wp\/v2\/posts\/109308\/revisions"}],"wp:featuredmedia":[{"embeddable":true,"href":"https:\/\/grandepremio.com\/br\/wp-json\/wp\/v2\/media\/1000609058"}],"wp:attachment":[{"href":"https:\/\/grandepremio.com\/br\/wp-json\/wp\/v2\/media?parent=109308"}],"wp:term":[{"taxonomy":"category","embeddable":true,"href":"https:\/\/grandepremio.com\/br\/wp-json\/wp\/v2\/categories?post=109308"},{"taxonomy":"post_tag","embeddable":true,"href":"https:\/\/grandepremio.com\/br\/wp-json\/wp\/v2\/tags?post=109308"},{"taxonomy":"42wp_author","embeddable":true,"href":"https:\/\/grandepremio.com\/br\/wp-json\/wp\/v2\/42wp_author?post=109308"}],"curies":[{"name":"wp","href":"https:\/\/api.w.org\/{rel}","templated":true}]}}