{"id":109313,"date":"2022-09-02T15:03:27","date_gmt":"2022-09-02T18:03:27","guid":{"rendered":"https:\/\/grandepremio.com\/br\/noticias\/carlos-sainz-rivais-perto-torce-ferrari-achar-desempenho-classificacao-holanda\/"},"modified":"2022-09-02T15:04:20","modified_gmt":"2022-09-02T18:04:20","slug":"carlos-sainz-rivais-perto-torce-ferrari-achar-desempenho-classificacao-holanda","status":"publish","type":"post","link":"https:\/\/grandepremio.com\/br\/f1\/carlos-sainz-rivais-perto-torce-ferrari-achar-desempenho-classificacao-holanda\/","title":{"rendered":"Sainz v\u00ea rivais perto e torce para Ferrari &#8220;achar desempenho&#8221; para classifica\u00e7\u00e3o na Holanda"},"content":{"rendered":"\n<figure class=\"wp-block-embed is-type-video is-provider-youtube wp-block-embed-youtube wp-embed-aspect-16-9 wp-has-aspect-ratio\"><div class=\"wp-block-embed__wrapper\">\n<iframe loading=\"lazy\" title=\"F1 2022: PIASTRI NA MCLAREN. LECLERC LIDERA NA HOLANDA. DRUGOVICH POLE NA F2 | Briefing\" width=\"500\" height=\"281\" src=\"https:\/\/www.youtube.com\/embed\/xKTj2_7LR0c?feature=oembed\" frameborder=\"0\" allow=\"accelerometer; autoplay; clipboard-write; encrypted-media; gyroscope; picture-in-picture; web-share\" referrerpolicy=\"strict-origin-when-cross-origin\" allowfullscreen><\/iframe>\n<\/div><figcaption>F1 2022: PIASTRI NA MCLAREN. LECLERC LIDERA NA HOLANDA. DRUGOVICH POLE NA F2 | Briefing<\/figcaption><\/figure>\n\n\n\n<p class=\"wp-block-paragraph\">A Ferrari chegou para o GP da Holanda disposta a apagar a imagem de dom\u00ednio da Red Bull na B\u00e9lgica. Nesta sexta-feira (2), o resultado at\u00e9 que foi positivo: a escuderia italiana <a href=\"https:\/\/www.grandepremio.com\/br\/f1\/noticias\/charles-leclerc-caras-lidera-tl2-holanda-formula-1-max-verstappen-8\/\" class=\"ek-link\">conseguiu uma dobradinha no TL2<\/a> em Zandvoort, com Charles Leclerc em primeiro e Carlos Sainz em segundo.<\/p>\n\n\n\n<p class=\"wp-block-paragraph\">O espanhol, inclusive, reiterou que os dois primeiros treinos da equipe de Maranello na Holanda foram &#8220;limpos&#8221;, mas ressaltou: mesmo com a Red Bull aparentemente mal, a Ferrari precisa elevar o sarrafo para garantir um bom resultado na pista de Zandvoort.<\/p>\n\n\n\n<p class=\"wp-block-paragraph\"><strong>\u25b6\ufe0f\u00a0Inscreva-se nos dois canais do GRANDE PR\u00caMIO no YouTube:\u00a0<a href=\"https:\/\/www.youtube.com\/channel\/UC9OlHEgxoaY6QY6nWPoiqQg?sub_confirmation=1\" target=\"_blank\" rel=\"noreferrer noopener\">GP<\/a>\u00a0|\u00a0<a href=\"https:\/\/www.youtube.com\/channel\/UC9csiS6q_C3C0FYhyr1rnFA?sub_confirmation=1\" target=\"_blank\" rel=\"noreferrer noopener\">GP2<\/a><\/strong><br><strong>\u25b6\ufe0f\u00a0<a href=\"https:\/\/www.twitch.tv\/grandepremio\" target=\"_blank\" rel=\"noreferrer noopener\">Conhe\u00e7a o canal do GRANDE PR\u00caMIO na Twitch clicando aqui!<\/a><\/strong><\/p>\n\n\n\n<figure class=\"wp-block-embed is-type-rich is-provider-spotify wp-block-embed-spotify wp-embed-aspect-21-9 wp-has-aspect-ratio\"><div class=\"wp-block-embed__wrapper\">\n<iframe title=\"Spotify Embed: Paddockast #163: Os segund\u00f5es da F1 2022: d\u00e1 para confiar em Sainz e P\u00e9rez?\" style=\"border-radius: 12px\" width=\"100%\" height=\"152\" frameborder=\"0\" allowfullscreen allow=\"autoplay; clipboard-write; encrypted-media; fullscreen; picture-in-picture\" loading=\"lazy\" src=\"https:\/\/open.spotify.com\/embed\/episode\/2syHM9TcuYc4XZfQ8LsB5O?utm_source=oembed\"><\/iframe>\n<\/div><\/figure>\n\n\n\n<p class=\"wp-block-paragraph\">&#8220;Em geral, foi uma boa sexta-feira aqui. Foi \u00f3timo estar de volta a uma pista t\u00e3o exigente e desafiadora para pilotos e carros, ent\u00e3o aproveitei bastante&#8221;, come\u00e7ou a dizer Sainz.<\/p>\n\n\n\n<p class=\"wp-block-paragraph\">&#8220;Com rela\u00e7\u00e3o \u00e0 performance, foi uma sexta-feira limpa e completamos o plano de pista sem problemas \u2014 tanto nas sequ\u00eancias longas quanto curtas. Parece que vai ser apertado contra os nossos rivais, ent\u00e3o qualquer desempenho que pudermos achar \u00e0 noite vai, definitivamente, nos ajudar para a classifica\u00e7\u00e3o&#8221;, finalizou o piloto da Ferrari.<\/p>\n\n\n\n<p class=\"wp-block-paragraph\">O\u00a0<strong>GRANDE PR\u00caMIO<\/strong>\u00a0acompanha\u00a0<strong>AO VIVO<\/strong>\u00a0e\u00a0<strong>EM\u00a0TEMPO REAL<\/strong>\u00a0todas as atividades do GP da Holanda de\u00a0F\u00f3rmula 1. No s\u00e1bado, o TL3 est\u00e1 marcado para as 7h (de Bras\u00edlia, GMT-3). A classifica\u00e7\u00e3o come\u00e7a \u00e0s 10h.<\/p>\n\n\n\n<figure class=\"wp-block-embed is-type-video is-provider-youtube wp-block-embed-youtube wp-embed-aspect-16-9 wp-has-aspect-ratio\"><div class=\"wp-block-embed__wrapper\">\n<iframe loading=\"lazy\" title=\"DO VINHO PARA \u00c1GUA: O QUE ACONTECEU COM A MERCEDES NO GP DA B\u00c9LGICA DE F1?\" width=\"500\" height=\"281\" src=\"https:\/\/www.youtube.com\/embed\/-uLXaJIZmr0?feature=oembed\" frameborder=\"0\" allow=\"accelerometer; autoplay; clipboard-write; encrypted-media; gyroscope; picture-in-picture; web-share\" referrerpolicy=\"strict-origin-when-cross-origin\" allowfullscreen><\/iframe>\n<\/div><figcaption>DO VINHO PARA \u00c1GUA: O QUE ACONTECEU COM A MERCEDES NO GP DA B\u00c9LGICA DE F1?<\/figcaption><\/figure>\n","protected":false},"excerpt":{"rendered":"<p>Piloto espanhol afirmou que escuderia italiana teve uma sexta-feira &#8220;limpa&#8221; em Zandvoort. Sainz tamb\u00e9m destacou que, se time de Maranello conseguir achar performance na F1-75 \u00e0 noite, vai ter um trunfo no treino classificat\u00f3rio <\/p>\n","protected":false},"author":0,"featured_media":1000609008,"comment_status":"closed","ping_status":"closed","sticky":false,"template":"","format":"standard","meta":{"42wp_featured_image_caption":"","42wp_featured_image_credits":"","42wp_featured_video":"","42wp_featured_image_hidden":false,"42wp_authors_list":[],"footnotes":""},"categories":[2],"tags":[546,147,1357,207,180,26841,1388,29115,29117,1491,28285,7672,1389],"42wp_author":[47143],"class_list":["post-109313","post","type-post","status-publish","format-standard","has-post-thumbnail","hentry","category-f1","tag-carlos-sainz","tag-f1","tag-f1-2022","tag-ferrari","tag-formula-1","tag-formula-1-2022","tag-gp-da-holanda","tag-gp-da-holanda-de-f1","tag-gp-da-holanda-de-formula-1","tag-grande-premio","tag-grandepremio","tag-sainz","tag-zandvoort","42wp_author-felipe-leite"],"_links":{"self":[{"href":"https:\/\/grandepremio.com\/br\/wp-json\/wp\/v2\/posts\/109313","targetHints":{"allow":["GET"]}}],"collection":[{"href":"https:\/\/grandepremio.com\/br\/wp-json\/wp\/v2\/posts"}],"about":[{"href":"https:\/\/grandepremio.com\/br\/wp-json\/wp\/v2\/types\/post"}],"replies":[{"embeddable":true,"href":"https:\/\/grandepremio.com\/br\/wp-json\/wp\/v2\/comments?post=109313"}],"version-history":[{"count":0,"href":"https:\/\/grandepremio.com\/br\/wp-json\/wp\/v2\/posts\/109313\/revisions"}],"wp:featuredmedia":[{"embeddable":true,"href":"https:\/\/grandepremio.com\/br\/wp-json\/wp\/v2\/media\/1000609008"}],"wp:attachment":[{"href":"https:\/\/grandepremio.com\/br\/wp-json\/wp\/v2\/media?parent=109313"}],"wp:term":[{"taxonomy":"category","embeddable":true,"href":"https:\/\/grandepremio.com\/br\/wp-json\/wp\/v2\/categories?post=109313"},{"taxonomy":"post_tag","embeddable":true,"href":"https:\/\/grandepremio.com\/br\/wp-json\/wp\/v2\/tags?post=109313"},{"taxonomy":"42wp_author","embeddable":true,"href":"https:\/\/grandepremio.com\/br\/wp-json\/wp\/v2\/42wp_author?post=109313"}],"curies":[{"name":"wp","href":"https:\/\/api.w.org\/{rel}","templated":true}]}}