{"id":109319,"date":"2022-09-02T13:27:43","date_gmt":"2022-09-02T16:27:43","guid":{"rendered":"https:\/\/grandepremio.com\/br\/noticias\/max-verstappen-reclama-equilibrio-rb18-holanda-promete-ser-mais-competitivo\/"},"modified":"2022-09-02T13:30:49","modified_gmt":"2022-09-02T16:30:49","slug":"max-verstappen-reclama-equilibrio-rb18-holanda-promete-ser-mais-competitivo","status":"publish","type":"post","link":"https:\/\/grandepremio.com\/br\/f1\/max-verstappen-reclama-equilibrio-rb18-holanda-promete-ser-mais-competitivo\/","title":{"rendered":"Verstappen reclama de equil\u00edbrio do RB18 na Holanda e promete &#8220;ser mais competitivo&#8221;"},"content":{"rendered":"\n<figure class=\"wp-block-video\"><video class=\"video-js vjs-big-play-centered\" data-gp-vjs=\"1\" controls poster=\"https:\/\/www.grandepremio.com\/br\/wp-content\/uploads\/2022\/09\/yoovdvh-1gWNi2Q9-poster.jpeg\" src=\"https:\/\/www.grandepremio.com\/br\/wp-content\/uploads\/2022\/09\/yoovdvh-1gWNi2Q9.mp4\"><\/video><figcaption>Max Verstappen ficou pelo caminho em Zandvoort (V\u00eddeo: Sky Sports)<\/figcaption><\/figure>\n\n\n\n<p class=\"wp-block-paragraph\">Foi uma sexta-feira (2) cheia de problemas para Max Verstappen. Nos primeiros treinos livres da F\u00f3rmula 1 para o GP da Holanda, em Zandvoort, o atual campe\u00e3o mundial n\u00e3o conseguiu acumular muito tempo de pista e, quando enfim foi para o tra\u00e7ado, mostrou um desempenho aqu\u00e9m do esperado.<\/p>\n\n\n\n<p class=\"wp-block-paragraph\">No TL1, Verstappen <a href=\"https:\/\/www.grandepremio.com\/br\/f1\/noticias\/max-verstappen-para-pista-problema-transmissao-interrompe-tl1-gp-holanda\/\" class=\"ek-link\">teve um problema<\/a> na\u00a0transmiss\u00e3o\u00a0do RB18 e ficou pela pista logo no in\u00edcio da sess\u00e3o. No treino derradeiro do dia, o holand\u00eas conseguiu recuperar o tempo perdido e encaixar 22 voltas, mas ficou devendo na tabela de tempos: 8\u00aa coloca\u00e7\u00e3o e 1min13s042.<\/p>\n\n\n\n<p class=\"wp-block-paragraph\">&#8220;N\u00e3o pude fazer o TL1 com os pneus macios. Acho que, com os compostos duros, n\u00e3o deu para analisar o equil\u00edbrio do carro porque a gente n\u00e3o tinha muita ader\u00eancia \u2014 e ficamos uma sess\u00e3o atr\u00e1s&#8221;, apontou o piloto da Red Bull.<\/p>\n\n\n\n<figure class=\"wp-block-embed is-type-video is-provider-youtube wp-block-embed-youtube wp-embed-aspect-16-9 wp-has-aspect-ratio\"><div class=\"wp-block-embed__wrapper\">\n<iframe loading=\"lazy\" title=\"F1 2022: PIASTRI NA MCLAREN. LECLERC LIDERA NA HOLANDA. DRUGOVICH POLE NA F2 | Briefing\" width=\"500\" height=\"281\" src=\"https:\/\/www.youtube.com\/embed\/xKTj2_7LR0c?feature=oembed\" frameborder=\"0\" allow=\"accelerometer; autoplay; clipboard-write; encrypted-media; gyroscope; picture-in-picture; web-share\" referrerpolicy=\"strict-origin-when-cross-origin\" allowfullscreen><\/iframe>\n<\/div><figcaption>F1 AO VIVO: PIASTRI NA MCLAREN. LECLERC LIDERA NA HOLANDA. DRUGOVICH POLE NA F2 | Briefing<\/figcaption><\/figure>\n\n\n\n<p class=\"wp-block-paragraph\">&#8220;Ent\u00e3o, fomos para o TL2 e o equil\u00edbrio n\u00e3o estava \u00f3timo, mas voc\u00ea n\u00e3o consegue mudar muito o carro com uma hora de treino. Tentamos lidar com isso com o que t\u00ednhamos a m\u00e3o, e foi isso. N\u00e3o foi \u00f3timo hoje, mas temos a noite para olhar para as coisas. Com certeza, conseguimos fazer melhor do que isso&#8221;, jurou o holand\u00eas.<\/p>\n\n\n\n<p class=\"wp-block-paragraph\">Justamente pela sexta-feira complicada, Verstappen afirmou que n\u00e3o se surpreendeu com a dist\u00e2ncia da Red Bull para as rivais. Sentimento de p\u00e2nico, entretanto, n\u00e3o h\u00e1.<\/p>\n\n\n\n<figure class=\"wp-block-embed is-type-rich is-provider-spotify wp-block-embed-spotify wp-embed-aspect-21-9 wp-has-aspect-ratio\"><div class=\"wp-block-embed__wrapper\">\n<iframe title=\"Spotify Embed: Paddockast #163: Os segund\u00f5es da F1 2022: d\u00e1 para confiar em Sainz e P\u00e9rez?\" style=\"border-radius: 12px\" width=\"100%\" height=\"152\" frameborder=\"0\" allowfullscreen allow=\"autoplay; clipboard-write; encrypted-media; fullscreen; picture-in-picture\" loading=\"lazy\" src=\"https:\/\/open.spotify.com\/embed\/episode\/2syHM9TcuYc4XZfQ8LsB5O?utm_source=oembed\"><\/iframe>\n<\/div><\/figure>\n\n\n\n<p class=\"wp-block-paragraph\">&#8220;Pilotando o carro, n\u00e3o fiquei surpreso quando vi a diferen\u00e7a nos tempos. Temos muito o que melhorar. Temos toda a noite para analisar tudo e, claro, o TL3. Vou tentar ser mais competitivo&#8221;, prometeu Verstappen.<\/p>\n\n\n\n<p class=\"wp-block-paragraph\">O\u00a0<strong>GRANDE PR\u00caMIO<\/strong>\u00a0acompanha\u00a0<strong>AO VIVO<\/strong>\u00a0e\u00a0<strong>EM\u00a0TEMPO REAL<\/strong>\u00a0todas as atividades do GP da Holanda de\u00a0F\u00f3rmula 1. No s\u00e1bado, o TL3 est\u00e1 marcado para as 7h (de Bras\u00edlia, GMT-3). A classifica\u00e7\u00e3o come\u00e7a \u00e0s 10h.<\/p>\n\n\n\n<p class=\"wp-block-paragraph\"><strong>\u25b6\ufe0f\u00a0Inscreva-se nos dois canais do GRANDE PR\u00caMIO no YouTube:\u00a0<a href=\"https:\/\/www.youtube.com\/channel\/UC9OlHEgxoaY6QY6nWPoiqQg?sub_confirmation=1\" target=\"_blank\" rel=\"noreferrer noopener\">GP<\/a>\u00a0|\u00a0<a href=\"https:\/\/www.youtube.com\/channel\/UC9csiS6q_C3C0FYhyr1rnFA?sub_confirmation=1\" target=\"_blank\" rel=\"noreferrer noopener\">GP2<\/a><\/strong><br><strong>\u25b6\ufe0f\u00a0<a href=\"https:\/\/www.twitch.tv\/grandepremio\" target=\"_blank\" rel=\"noreferrer noopener\">Conhe\u00e7a o canal do GRANDE PR\u00caMIO na Twitch clicando aqui!<\/a><\/strong><\/p>\n","protected":false},"excerpt":{"rendered":"<p>A sexta-feira em Zandvoort foi esquec\u00edvel para o atual campe\u00e3o mundial, que prometeu tamb\u00e9m muito trabalho da Red Bull para reverter situa\u00e7\u00e3o<\/p>\n","protected":false},"author":0,"featured_media":1000609030,"comment_status":"closed","ping_status":"closed","sticky":false,"template":"","format":"standard","meta":{"42wp_featured_image_caption":"","42wp_featured_image_credits":"","42wp_featured_video":"","42wp_featured_image_hidden":false,"42wp_authors_list":[],"footnotes":""},"categories":[2],"tags":[147,1357,180,26841,1388,29115,29117,1491,28285,203,30799,204,9685,1389],"42wp_author":[47143],"class_list":["post-109319","post","type-post","status-publish","format-standard","has-post-thumbnail","hentry","category-f1","tag-f1","tag-f1-2022","tag-formula-1","tag-formula-1-2022","tag-gp-da-holanda","tag-gp-da-holanda-de-f1","tag-gp-da-holanda-de-formula-1","tag-grande-premio","tag-grandepremio","tag-max-verstappen","tag-rb18","tag-red-bull","tag-verstappen","tag-zandvoort","42wp_author-felipe-leite"],"_links":{"self":[{"href":"https:\/\/grandepremio.com\/br\/wp-json\/wp\/v2\/posts\/109319","targetHints":{"allow":["GET"]}}],"collection":[{"href":"https:\/\/grandepremio.com\/br\/wp-json\/wp\/v2\/posts"}],"about":[{"href":"https:\/\/grandepremio.com\/br\/wp-json\/wp\/v2\/types\/post"}],"replies":[{"embeddable":true,"href":"https:\/\/grandepremio.com\/br\/wp-json\/wp\/v2\/comments?post=109319"}],"version-history":[{"count":0,"href":"https:\/\/grandepremio.com\/br\/wp-json\/wp\/v2\/posts\/109319\/revisions"}],"wp:featuredmedia":[{"embeddable":true,"href":"https:\/\/grandepremio.com\/br\/wp-json\/wp\/v2\/media\/1000609030"}],"wp:attachment":[{"href":"https:\/\/grandepremio.com\/br\/wp-json\/wp\/v2\/media?parent=109319"}],"wp:term":[{"taxonomy":"category","embeddable":true,"href":"https:\/\/grandepremio.com\/br\/wp-json\/wp\/v2\/categories?post=109319"},{"taxonomy":"post_tag","embeddable":true,"href":"https:\/\/grandepremio.com\/br\/wp-json\/wp\/v2\/tags?post=109319"},{"taxonomy":"42wp_author","embeddable":true,"href":"https:\/\/grandepremio.com\/br\/wp-json\/wp\/v2\/42wp_author?post=109319"}],"curies":[{"name":"wp","href":"https:\/\/api.w.org\/{rel}","templated":true}]}}