{"id":109330,"date":"2022-09-02T10:39:13","date_gmt":"2022-09-02T13:39:13","guid":{"rendered":"https:\/\/grandepremio.com\/br\/noticias\/zane-maloney-comanda-zandvoort-vira-primeiro-repetir-pole-position-formula-3-2022\/"},"modified":"2022-09-02T10:42:21","modified_gmt":"2022-09-02T13:42:21","slug":"zane-maloney-comanda-zandvoort-vira-primeiro-repetir-pole-position-formula-3-2022","status":"publish","type":"post","link":"https:\/\/grandepremio.com\/br\/f3\/zane-maloney-comanda-zandvoort-vira-primeiro-repetir-pole-position-formula-3-2022\/","title":{"rendered":"Maloney comanda em Zandvoort e vira primeiro a repetir pole-position na F3 2022"},"content":{"rendered":"\n<figure class=\"wp-block-embed is-type-video is-provider-youtube wp-block-embed-youtube wp-embed-aspect-16-9 wp-has-aspect-ratio\"><div class=\"wp-block-embed__wrapper\">\n<iframe loading=\"lazy\" title=\"DO VINHO PARA \u00c1GUA: O QUE ACONTECEU COM A MERCEDES NO GP DA B\u00c9LGICA DE F1?\" width=\"500\" height=\"281\" src=\"https:\/\/www.youtube.com\/embed\/-uLXaJIZmr0?feature=oembed\" frameborder=\"0\" allow=\"accelerometer; autoplay; clipboard-write; encrypted-media; gyroscope; picture-in-picture; web-share\" referrerpolicy=\"strict-origin-when-cross-origin\" allowfullscreen><\/iframe>\n<\/div><figcaption>DO VINHO PARA \u00c1GUA: O QUE ACONTECEU COM A MERCEDES NO GP DA B\u00c9LGICA DE F1?<\/figcaption><\/figure>\n\n\n\n<p class=\"wp-block-paragraph\">Pela primeira vez na temporada, a F\u00f3rmula 3 n\u00e3o ter\u00e1 uma pole-position in\u00e9dita. Nesta sexta-feira (2) Zane Maloney conquistou \u2014 pela segunda vez em 2022 \u2014 a posi\u00e7\u00e3o de honra para a corrida principal da categoria em Zandvoort, como j\u00e1 havia feito em \u00cdmola. O piloto da Trident cravou 1min24s386 na pista holandesa.<\/p>\n\n\n\n<p class=\"wp-block-paragraph\">Terceiro colocado no Mundial de Pilotos da F3, Victor Martins ir\u00e1 largar em 2\u00ba na disputa de domingo. Jak Crawford, Roman Stanek e Franco Colapinto completam o top-5. Isack Hadjar, Sebastian Montoya \u2014 filho de Juan Pablo e estreando na categoria neste fim de semana \u2014, Jonny Edgar, Caio Collet e Zak O&#8217;Sullivan fecham a lista dos dez primeiros.<\/p>\n\n\n\n<p class=\"wp-block-paragraph\"><strong>LEIA TAMB\u00c9M<br>+ <a href=\"https:\/\/www.grandepremio.com\/br\/f1\/noticias\/ferrari-duvida-possivel-chassi-mais-leve-red-bull-ficaria-muito-surpreso\/\" class=\"ek-link\">Ferrari duvida de poss\u00edvel chassi mais leve da Red Bull: \u201cFicaria muito surpreso\u201d<\/a><\/strong><\/p>\n\n\n\n<p class=\"wp-block-paragraph\">A sess\u00e3o come\u00e7ou com promessa de decis\u00e3o \u2014 j\u00e1 que, em Zandvoort, \u00e9 dif\u00edcil ultrapassar. Em sua primeira volta do treino classificat\u00f3rio, Isack Hadjar quase perdeu o controle de sua Hitech, mas conseguiu se recuperar para cravar o primeiro tempo r\u00e1pido: 1min26s930.<\/p>\n\n\n\n<figure class=\"wp-block-image size-large\"><img decoding=\"async\" src=\"https:\/\/www.grandepremio.com\/br\/wp-content\/uploads\/2022\/09\/f3-1-1024x547.jpg\" alt=\"\" class=\"wp-image-608904\"\/><figcaption>Segura a\u00ed, Hadjar! (Foto: F3\/Reprodu\u00e7\u00e3o)<\/figcaption><\/figure>\n\n\n\n<p class=\"wp-block-paragraph\">Com os pneus n\u00e3o aguentando mais do que uma volta r\u00e1pida, a lideran\u00e7a pouco passou de m\u00e3os no classificat\u00f3rio. Victor Martins logo assumiu a ponta, com 1min25s152. Com oito minutos restantes na classifica\u00e7\u00e3o, foi a vez de Zane Maloney al\u00e7ar \u00e0 lideran\u00e7a: 1min24s386, recorde da F\u00f3rmula 3 no tra\u00e7ado holand\u00eas.<\/p>\n\n\n\n<p class=\"wp-block-paragraph\">Na reta final do treino, Hadjar encontrava-se em situa\u00e7\u00e3o dram\u00e1tica. O l\u00edder do campeonato n\u00e3o encaixou uma boa segunda volta e estava em 20\u00ba, a cinco minutos do fim. O piloto da Hitech conseguiu tirar um coelho da cartola a tempo, com 1min25s029, mas outros do grid n\u00e3o tiveram a mesma sorte.<\/p>\n\n\n\n<p class=\"wp-block-paragraph\"><strong>\u25b6\ufe0f\u00a0Inscreva-se nos dois canais do GRANDE PR\u00caMIO no YouTube:\u00a0<a href=\"https:\/\/www.youtube.com\/channel\/UC9OlHEgxoaY6QY6nWPoiqQg?sub_confirmation=1\" target=\"_blank\" rel=\"noreferrer noopener\">GP<\/a>\u00a0|\u00a0<a href=\"https:\/\/www.youtube.com\/channel\/UC9csiS6q_C3C0FYhyr1rnFA?sub_confirmation=1\" target=\"_blank\" rel=\"noreferrer noopener\">GP2<\/a><\/strong><br><strong>\u25b6\ufe0f\u00a0<a href=\"https:\/\/www.twitch.tv\/grandepremio\" target=\"_blank\" rel=\"noreferrer noopener\">Conhe\u00e7a o canal do GRANDE PR\u00caMIO na Twitch clicando aqui!<\/a><\/strong><\/p>\n\n\n\n<p class=\"wp-block-paragraph\">Isso porque a sess\u00e3o chegou a um fim precoce quando a bandeira vermelha foi acionada. William Alatalo foi parar na barreira de prote\u00e7\u00e3o na curva 3 de Zandvoort, a 44 segundos do fim. Ou seja: virtualmente ningu\u00e9m conseguiu concluir sua respectiva volta final do treino de classifica\u00e7\u00e3o.<\/p>\n\n\n\n<figure class=\"wp-block-image size-large\"><img decoding=\"async\" src=\"https:\/\/www.grandepremio.com\/br\/wp-content\/uploads\/2022\/09\/f3-2-1024x543.jpg\" alt=\"\" class=\"wp-image-608906\"\/><figcaption>Alatalo na barreira de prote\u00e7\u00e3o (Foto: F3\/Reprodu\u00e7\u00e3o)<\/figcaption><\/figure>\n\n\n\n<p class=\"wp-block-paragraph\">Pior para dois dos pilotos da Prema, Arthur Leclerc (4\u00ba no campeonato) e Oliver Bearman (2\u00ba). O monegasco ir\u00e1 largar somente da 20\u00aa posi\u00e7\u00e3o no domingo, enquanto o companheiro de equipe partir\u00e1 da 14\u00aa coloca\u00e7\u00e3o. Melhor, contudo, para Maloney: mais dois pontos para a conta e a posi\u00e7\u00e3o de honra para a corrida principal da F\u00f3rmula 3 na Holanda.<\/p>\n\n\n\n<figure class=\"wp-block-embed is-type-video is-provider-youtube wp-block-embed-youtube wp-embed-aspect-16-9 wp-has-aspect-ratio\"><div class=\"wp-block-embed__wrapper\">\n<iframe loading=\"lazy\" title=\"ALONSO E HAMILTON FAZEM AS PAZES + RED BULL-PORSCHE NA F1 J\u00c1 ERA? | WGP\" width=\"500\" height=\"281\" src=\"https:\/\/www.youtube.com\/embed\/UoC78edWxCE?feature=oembed\" frameborder=\"0\" allow=\"accelerometer; autoplay; clipboard-write; encrypted-media; gyroscope; picture-in-picture; web-share\" referrerpolicy=\"strict-origin-when-cross-origin\" allowfullscreen><\/iframe>\n<\/div><figcaption>ALONSO E HAMILTON FAZEM AS PAZES + RED BULL-PORSCHE NA F1 J\u00c1 ERA? | WGP<\/figcaption><\/figure>\n","protected":false},"excerpt":{"rendered":"<p>Bandeira vermelha no fim impediu que pilotos pudessem concluir volta final da classifica\u00e7\u00e3o \u2014 o que prejudicou, e muito, Arthur Leclerc e Oliver Bearman. Brasileiro Caio Collet ficou em 9\u00ba<\/p>\n","protected":false},"author":0,"featured_media":1000608914,"comment_status":"closed","ping_status":"closed","sticky":false,"template":"","format":"standard","meta":{"42wp_featured_image_caption":"","42wp_featured_image_credits":"","42wp_featured_video":"","42wp_featured_image_hidden":false,"42wp_authors_list":[],"footnotes":""},"categories":[10],"tags":[1008,29657,8057,29653,1491,28285,901,1389,28107],"42wp_author":[47143],"class_list":["post-109330","post","type-post","status-publish","format-standard","has-post-thumbnail","hentry","category-f3","tag-f3","tag-f3-2022","tag-formula-3","tag-formula-3-2022","tag-grande-premio","tag-grandepremio","tag-holanda","tag-zandvoort","tag-zane-maloney","42wp_author-felipe-leite"],"_links":{"self":[{"href":"https:\/\/grandepremio.com\/br\/wp-json\/wp\/v2\/posts\/109330","targetHints":{"allow":["GET"]}}],"collection":[{"href":"https:\/\/grandepremio.com\/br\/wp-json\/wp\/v2\/posts"}],"about":[{"href":"https:\/\/grandepremio.com\/br\/wp-json\/wp\/v2\/types\/post"}],"replies":[{"embeddable":true,"href":"https:\/\/grandepremio.com\/br\/wp-json\/wp\/v2\/comments?post=109330"}],"version-history":[{"count":0,"href":"https:\/\/grandepremio.com\/br\/wp-json\/wp\/v2\/posts\/109330\/revisions"}],"wp:featuredmedia":[{"embeddable":true,"href":"https:\/\/grandepremio.com\/br\/wp-json\/wp\/v2\/media\/1000608914"}],"wp:attachment":[{"href":"https:\/\/grandepremio.com\/br\/wp-json\/wp\/v2\/media?parent=109330"}],"wp:term":[{"taxonomy":"category","embeddable":true,"href":"https:\/\/grandepremio.com\/br\/wp-json\/wp\/v2\/categories?post=109330"},{"taxonomy":"post_tag","embeddable":true,"href":"https:\/\/grandepremio.com\/br\/wp-json\/wp\/v2\/tags?post=109330"},{"taxonomy":"42wp_author","embeddable":true,"href":"https:\/\/grandepremio.com\/br\/wp-json\/wp\/v2\/42wp_author?post=109330"}],"curies":[{"name":"wp","href":"https:\/\/api.w.org\/{rel}","templated":true}]}}