{"id":109372,"date":"2022-09-01T08:24:57","date_gmt":"2022-09-01T11:24:57","guid":{"rendered":"https:\/\/grandepremio.com\/br\/noticias\/ferrari-defende-nao-cometeu-erros-formula-1-2022-quanto-acusada\/"},"modified":"2022-09-01T08:27:03","modified_gmt":"2022-09-01T11:27:03","slug":"ferrari-defende-nao-cometeu-erros-formula-1-2022-quanto-acusada","status":"publish","type":"post","link":"https:\/\/grandepremio.com\/br\/f1\/ferrari-defende-nao-cometeu-erros-formula-1-2022-quanto-acusada\/","title":{"rendered":"Ferrari se defende e diz que &#8220;n\u00e3o cometeu tantos erros&#8221; na F1 2022 quanto \u00e9 acusada"},"content":{"rendered":"\n<figure class=\"wp-block-embed is-type-video is-provider-youtube wp-block-embed-youtube wp-embed-aspect-16-9 wp-has-aspect-ratio\"><div class=\"wp-block-embed__wrapper\">\n<iframe loading=\"lazy\" title=\"GASLY E HERTA DENTRO, SCHUMACHER E RICCIARDO FORA? F1 2023 ENLOUQUECE | TT GP #67\" width=\"500\" height=\"281\" src=\"https:\/\/www.youtube.com\/embed\/5nC7B9-ArOU?feature=oembed\" frameborder=\"0\" allow=\"accelerometer; autoplay; clipboard-write; encrypted-media; gyroscope; picture-in-picture; web-share\" referrerpolicy=\"strict-origin-when-cross-origin\" allowfullscreen><\/iframe>\n<\/div><figcaption>GASLY E HERTA DENTRO, SCHUMACHER E RICCIARDO FORA? F1 2023 ENLOUQUECE | TT GP #67<\/figcaption><\/figure>\n\n\n\n<p class=\"wp-block-paragraph\">A opini\u00e3o p\u00fablica chega \u00e0 setembro, com oito corridas ainda pela frente na temporada 2022 do Mundial de F\u00f3rmula 1, com a sensa\u00e7\u00e3o de que Max Verstappen est\u00e1 pr\u00f3ximo do bicampeonato mundial. Um tanto decepcionante num desenho de campeonato em que a Ferrari apresentou carro t\u00e3o forte quanto o da Red Bull em muitos momentos, mas tamb\u00e9m sofreu toda a sorte de infort\u00fanios. Erros? Segundo o chefe Mattia Binotto, n\u00e3o.<\/p>\n\n\n\n<p class=\"wp-block-paragraph\"><strong>\u25b6\ufe0f\u00a0Inscreva-se nos dois canais do GRANDE PR\u00caMIO no YouTube:\u00a0<a href=\"https:\/\/www.youtube.com\/channel\/UC9OlHEgxoaY6QY6nWPoiqQg?sub_confirmation=1\" target=\"_blank\" rel=\"noreferrer noopener\">GP<\/a>\u00a0|\u00a0<a href=\"https:\/\/www.youtube.com\/channel\/UC9csiS6q_C3C0FYhyr1rnFA?sub_confirmation=1\" target=\"_blank\" rel=\"noreferrer noopener\">GP2<\/a><\/strong><br><strong>\u25b6\ufe0f\u00a0<a href=\"https:\/\/www.twitch.tv\/grandepremio\" target=\"_blank\" rel=\"noreferrer noopener\">Conhe\u00e7a o canal do GRANDE PR\u00caMIO na Twitch clicando aqui!<\/a><\/strong><\/p>\n\n\n\n<p class=\"wp-block-paragraph\">A ideia de que a Ferrari cometeu mais equ\u00edvocos que deveria ser aceit\u00e1vel ao longo de 2022 \u00e9 geral, mas Binotto ainda quer lutar contra isso e dizer que algumas decis\u00f5es vistas como erro, n\u00e3o s\u00e3o.<\/p>\n\n\n\n<p class=\"wp-block-paragraph\">Como resolver chamar Charles Leclerc aos boxes a duas voltas do fim do <strong><a href=\"https:\/\/www.grandepremio.com\/br\/f1\/noticias\/max-verstappen-consegue-virada-vence-belgica-formula-1-lewis-hamilton-fernando-alonso-batem\/\" class=\"ek-link\">GP da B\u00e9lgica<\/a><\/strong> do \u00faltimo fim de semana, algo que colocou o monegasco atr\u00e1s de Fernando Alonso, fez com que tivesse de brigar por posi\u00e7\u00e3o e n\u00e3o conseguissem o que era a meta: tomar a melhor volta da corrida. Ainda recebeu uma puni\u00e7\u00e3o por passar do limite de velocidade no pit-lane, algo que, para a equipe, foi <strong><a href=\"https:\/\/www.grandepremio.com\/br\/f1\/noticias\/ferrari-culpa-sobreviseira-max-verstappen-excesso-velocidade-charles-leclerc-pit-lane\/\" class=\"ek-link\">culpa de uma sobreviseira<\/a><\/strong> de Max Verstappen perdida no caminho.<\/p>\n\n\n\n<figure class=\"wp-block-image size-large\"><img decoding=\"async\" src=\"https:\/\/www.grandepremio.com\/br\/wp-content\/uploads\/2020\/05\/220033-hungarian-gp-qualifying-1024x683.jpg\" alt=\"\" class=\"wp-image-602827\"\/><figcaption>Mattia Binotto se protege das cr\u00edticas (Foto: Scuderia Ferrari Press Office)<\/figcaption><\/figure>\n\n\n\n<p class=\"wp-block-paragraph\">&#8220;Havia a oportunidade de tentar a volta mais r\u00e1pida e margem para parar e voltar na frente de Alonso. Acho que foi a decis\u00e3o certa, mas sab\u00edamos que ele estava muito perto de Fernando. Acabou sendo muito apertado&#8221;, afirmou.<\/p>\n\n\n\n<p class=\"wp-block-paragraph\">&#8220;\u00c9 claro que precisamos sempre melhorar e que h\u00e1 li\u00e7\u00f5es a aprender, algo que estamos avaliando e refletindo sobre, mas se eu rever a temporada at\u00e9 agora, acho que s\u00e3o muitas percep\u00e7\u00f5es externas comparadas ao que \u00e9 verdade e realidade&#8221;, apontou.<\/p>\n\n\n\n<p class=\"wp-block-paragraph\">&#8220;\u00c0s vezes, n\u00e3o estamos cometendo erros quando as pessoas enxergam como erro. Mais que isso: se eu olhar para a corrida, acredito que a decis\u00e3o de parar Charles foi certa. \u00c9 preciso ser corajoso na F\u00f3rmula 1&#8221;, finalizou.<\/p>\n\n\n\n<p class=\"wp-block-paragraph\">Ainda no s\u00e1bado de Spa, a Ferrari colocou o jogo de pneus errado no carro de Leclerc e foi o piloto que teve de perceber.<\/p>\n\n\n\n<p class=\"wp-block-paragraph\">O <strong>GRANDE PR\u00caMIO<\/strong> acompanha <a href=\"https:\/\/www.grandepremio.com\/br\/f1\/ao-vivo\" class=\"ek-link\"><strong>AO VIVO<\/strong> e <strong>EM TEMPO REAL<\/strong><\/a> todas as atividades do GP da Holanda de F\u00f3rmula 1 deste fim de semana.<\/p>\n\n\n\n<figure class=\"wp-block-embed is-type-video is-provider-youtube wp-block-embed-youtube wp-embed-aspect-16-9 wp-has-aspect-ratio\"><div class=\"wp-block-embed__wrapper\">\n<iframe loading=\"lazy\" title=\"ALONSO FOI INOCENTE NA BATIDA, MAS PASSOU DOS LIMITES COM HAMILTON | F1 2022\" width=\"500\" height=\"281\" src=\"https:\/\/www.youtube.com\/embed\/578Xa7cYaro?feature=oembed\" frameborder=\"0\" allow=\"accelerometer; autoplay; clipboard-write; encrypted-media; gyroscope; picture-in-picture; web-share\" referrerpolicy=\"strict-origin-when-cross-origin\" allowfullscreen><\/iframe>\n<\/div><figcaption>ALONSO FOI INOCENTE NA BATIDA, MAS PASSOU DOS LIMITES COM HAMILTON | F1 2022<\/figcaption><\/figure>\n","protected":false},"excerpt":{"rendered":"<p>Mattia Binotto, chefe da Ferrari, bateu o p\u00e9 sobre a decis\u00e3o de parar Charles Leclerc no fim do GP da B\u00e9lgica e ainda defende as decis\u00f5es de 2022<\/p>\n","protected":false},"author":0,"featured_media":1000606585,"comment_status":"closed","ping_status":"closed","sticky":false,"template":"","format":"standard","meta":{"42wp_featured_image_caption":"","42wp_featured_image_credits":"","42wp_featured_video":"","42wp_featured_image_hidden":false,"42wp_authors_list":[],"footnotes":""},"categories":[2],"tags":[26959,209,1357,207,26841,22936,1491,28285,442,32013,32260],"42wp_author":[47120],"class_list":["post-109372","post","type-post","status-publish","format-standard","has-post-thumbnail","hentry","category-f1","tag-belgica-f1","tag-charles-leclerc","tag-f1-2022","tag-ferrari","tag-formula-1-2022","tag-gp-da-belgica","tag-grande-premio","tag-grandepremio","tag-mattia-binotto","tag-spa-f1","tag-spa-francorchamps-f1","42wp_author-pedro-henrique-marum"],"_links":{"self":[{"href":"https:\/\/grandepremio.com\/br\/wp-json\/wp\/v2\/posts\/109372","targetHints":{"allow":["GET"]}}],"collection":[{"href":"https:\/\/grandepremio.com\/br\/wp-json\/wp\/v2\/posts"}],"about":[{"href":"https:\/\/grandepremio.com\/br\/wp-json\/wp\/v2\/types\/post"}],"replies":[{"embeddable":true,"href":"https:\/\/grandepremio.com\/br\/wp-json\/wp\/v2\/comments?post=109372"}],"version-history":[{"count":0,"href":"https:\/\/grandepremio.com\/br\/wp-json\/wp\/v2\/posts\/109372\/revisions"}],"wp:featuredmedia":[{"embeddable":true,"href":"https:\/\/grandepremio.com\/br\/wp-json\/wp\/v2\/media\/1000606585"}],"wp:attachment":[{"href":"https:\/\/grandepremio.com\/br\/wp-json\/wp\/v2\/media?parent=109372"}],"wp:term":[{"taxonomy":"category","embeddable":true,"href":"https:\/\/grandepremio.com\/br\/wp-json\/wp\/v2\/categories?post=109372"},{"taxonomy":"post_tag","embeddable":true,"href":"https:\/\/grandepremio.com\/br\/wp-json\/wp\/v2\/tags?post=109372"},{"taxonomy":"42wp_author","embeddable":true,"href":"https:\/\/grandepremio.com\/br\/wp-json\/wp\/v2\/42wp_author?post=109372"}],"curies":[{"name":"wp","href":"https:\/\/api.w.org\/{rel}","templated":true}]}}