{"id":109376,"date":"2022-09-01T04:00:00","date_gmt":"2022-09-01T07:00:00","guid":{"rendered":"https:\/\/grandepremio.com\/br\/noticias\/max-verstappen-espera-duelo-ferrari-holanda-admite-vai-ser-dificil-dominar\/"},"modified":"2022-08-31T17:23:30","modified_gmt":"2022-08-31T20:23:30","slug":"max-verstappen-espera-duelo-ferrari-holanda-admite-vai-ser-dificil-dominar","status":"publish","type":"post","link":"https:\/\/grandepremio.com\/br\/f1\/max-verstappen-espera-duelo-ferrari-holanda-admite-vai-ser-dificil-dominar\/","title":{"rendered":"Verstappen espera duelo com Ferrari na Holanda e admite: &#8220;Vai ser dif\u00edcil dominar&#8221;"},"content":{"rendered":"\n<figure class=\"wp-block-embed is-type-video is-provider-youtube wp-block-embed-youtube wp-embed-aspect-16-9 wp-has-aspect-ratio\"><div class=\"wp-block-embed__wrapper\">\n<iframe loading=\"lazy\" title=\"GASLY E HERTA DENTRO, SCHUMACHER E RICCIARDO FORA? F1 2023 ENLOUQUECE | TT GP #67\" width=\"500\" height=\"281\" src=\"https:\/\/www.youtube.com\/embed\/5nC7B9-ArOU?start=2&amp;feature=oembed\" frameborder=\"0\" allow=\"accelerometer; autoplay; clipboard-write; encrypted-media; gyroscope; picture-in-picture; web-share\" referrerpolicy=\"strict-origin-when-cross-origin\" allowfullscreen><\/iframe>\n<\/div><figcaption>GASLY E HERTA DENTRO, SCHUMACHER E RICCIARDO FORA? F1 2023 ENLOUQUECE | TT GP #67<\/figcaption><\/figure>\n\n\n\n<p class=\"wp-block-paragraph\">Max Vestappen venceu o GP da B\u00e9lgica de forma dominante no \u00faltimo domingo (28), mesmo ap\u00f3s largar na 14\u00aa posi\u00e7\u00e3o. O desempenho surpreendeu a pr\u00f3pria Red Bull, <a href=\"https:\/\/www.grandepremio.com\/br\/f1\/noticias\/red-bull-admite-surpresa-max-verstappen-spa-diz-venceria-largasse-20o\/\" class=\"ek-link\">que chegou a afirmar que o holand\u00eas venceria a prova at\u00e9 mesmo largando em \u00faltimo<\/a>. Mas o atual campe\u00e3o da F\u00f3rmula 1 n\u00e3o espera vida f\u00e1cil neste fim de semana na Holanda. Em um circuito mais travado, Verstappen imagina uma Ferrari mais forte e novamente pr\u00f3xima ao desempenho dos taurinos.<\/p>\n\n\n\n<p class=\"wp-block-paragraph\">&#8220;Depois do fim de semana de sucesso que tivemos em Spa, estou realmente ansioso pelo GP da Holanda. Voc\u00ea precisa de muito mais downforce em Zandvoort, ent\u00e3o ser\u00e1 mais dif\u00edcil para n\u00f3s sermos dominantes, e acredito que a Ferrari ser\u00e1 forte l\u00e1&#8221;, disse Max.<\/p>\n\n\n\n<p class=\"wp-block-paragraph\"><strong>\u25b6\ufe0f\u00a0Inscreva-se nos dois canais do GRANDE PR\u00caMIO no YouTube:\u00a0<a href=\"https:\/\/www.youtube.com\/channel\/UC9OlHEgxoaY6QY6nWPoiqQg?sub_confirmation=1\" target=\"_blank\" rel=\"noreferrer noopener\">GP<\/a>\u00a0|\u00a0<a href=\"https:\/\/www.youtube.com\/channel\/UC9csiS6q_C3C0FYhyr1rnFA?sub_confirmation=1\" target=\"_blank\" rel=\"noreferrer noopener\">GP2<\/a><\/strong><br><strong>\u25b6\ufe0f\u00a0<a href=\"https:\/\/www.twitch.tv\/grandepremio\" target=\"_blank\" rel=\"noreferrer noopener\">Conhe\u00e7a o canal do GRANDE PR\u00caMIO na Twitch clicando aqui!<\/a><\/strong><\/p>\n\n\n\n<figure class=\"wp-block-image size-large\"><img decoding=\"async\" src=\"https:\/\/www.grandepremio.com\/br\/wp-content\/uploads\/2021\/09\/redbull-afp-maxverstappen-02-1024x683.jpg\" alt=\"\" class=\"wp-image-505980\"\/><figcaption>Max Verstappen venceu no retorno do GP da Holanda ao calend\u00e1rio (Foto: AFP)<\/figcaption><\/figure>\n\n\n\n<p class=\"wp-block-paragraph\">O GP da Holanda voltou ao calend\u00e1rio da F\u00f3rmula 1 em 2021 ap\u00f3s ficar 36 anos fora. A corrida terminou com vit\u00f3ria de Verstappen, levando \u00e0 loucura a multid\u00e3o que se vestiu de laranja e lotou as arquibancadas de Zandvoort. O piloto da Red Bull espera mais um fim de semana insano com os f\u00e3s e abaixou um pouco as expectativas depois da vit\u00f3ria na B\u00e9lgica.<\/p>\n\n\n\n<p class=\"wp-block-paragraph\">&#8220;Claro que quero um bom resultado, mas \u00e9 importante sempre marcar pontos. Vamos torcer para que possamos fazer um bom trabalho. Ser\u00e1 \u00f3timo ter minha fam\u00edlia l\u00e1 me apoiando, s\u00f3 vou aproveitar o fim de semana com todos os f\u00e3s, vai ser muito insano&#8221;, afirmou Verstappen.<\/p>\n\n\n\n<p class=\"wp-block-paragraph\">O holand\u00eas tem atualmente 93 pontos de vantagem no Mundial de Pilotos para seu companheiro de equipe, S\u00e9rgio P\u00e9rez. O <strong>GRANDE PR\u00caMIO <\/strong>acompanha todas as atividades do GP da Holanda a partir desta sexta-feira (2).<\/p>\n\n\n\n<figure class=\"wp-block-embed is-type-video is-provider-youtube wp-block-embed-youtube wp-embed-aspect-16-9 wp-has-aspect-ratio\"><div class=\"wp-block-embed__wrapper\">\n<iframe loading=\"lazy\" title=\"DRUGOVICH, L\u00cdDER DA F2, TEM LUGAR NA F\u00d3RMULA 1 EM 2023?\" width=\"500\" height=\"281\" src=\"https:\/\/www.youtube.com\/embed\/_WygI10Lovc?feature=oembed\" frameborder=\"0\" allow=\"accelerometer; autoplay; clipboard-write; encrypted-media; gyroscope; picture-in-picture; web-share\" referrerpolicy=\"strict-origin-when-cross-origin\" allowfullscreen><\/iframe>\n<\/div><figcaption>DRUGOVICH, L\u00cdDER DA F1, TEM LUGAR NA F\u00d3RMULA 1 EM 2023?<\/figcaption><\/figure>\n","protected":false},"excerpt":{"rendered":"<p>Max Verstappen est\u00e1 empolgado para voltar a correr em casa, mas espera a Ferrari com um desempenho melhor e que a Red Bull tenha uma vantagem menor em Zandvoort<\/p>\n","protected":false},"author":0,"featured_media":1000607542,"comment_status":"closed","ping_status":"closed","sticky":false,"template":"","format":"standard","meta":{"42wp_featured_image_caption":"","42wp_featured_image_credits":"","42wp_featured_video":"","42wp_featured_image_hidden":false,"42wp_authors_list":[],"footnotes":""},"categories":[2],"tags":[147,1357,207,180,26841,22936,32142,1388,203,204],"42wp_author":[47144],"class_list":["post-109376","post","type-post","status-publish","format-standard","has-post-thumbnail","hentry","category-f1","tag-f1","tag-f1-2022","tag-ferrari","tag-formula-1","tag-formula-1-2022","tag-gp-da-belgica","tag-gp-da-belgica-2022","tag-gp-da-holanda","tag-max-verstappen","tag-red-bull","42wp_author-andre-netto"],"_links":{"self":[{"href":"https:\/\/grandepremio.com\/br\/wp-json\/wp\/v2\/posts\/109376","targetHints":{"allow":["GET"]}}],"collection":[{"href":"https:\/\/grandepremio.com\/br\/wp-json\/wp\/v2\/posts"}],"about":[{"href":"https:\/\/grandepremio.com\/br\/wp-json\/wp\/v2\/types\/post"}],"replies":[{"embeddable":true,"href":"https:\/\/grandepremio.com\/br\/wp-json\/wp\/v2\/comments?post=109376"}],"version-history":[{"count":0,"href":"https:\/\/grandepremio.com\/br\/wp-json\/wp\/v2\/posts\/109376\/revisions"}],"wp:featuredmedia":[{"embeddable":true,"href":"https:\/\/grandepremio.com\/br\/wp-json\/wp\/v2\/media\/1000607542"}],"wp:attachment":[{"href":"https:\/\/grandepremio.com\/br\/wp-json\/wp\/v2\/media?parent=109376"}],"wp:term":[{"taxonomy":"category","embeddable":true,"href":"https:\/\/grandepremio.com\/br\/wp-json\/wp\/v2\/categories?post=109376"},{"taxonomy":"post_tag","embeddable":true,"href":"https:\/\/grandepremio.com\/br\/wp-json\/wp\/v2\/tags?post=109376"},{"taxonomy":"42wp_author","embeddable":true,"href":"https:\/\/grandepremio.com\/br\/wp-json\/wp\/v2\/42wp_author?post=109376"}],"curies":[{"name":"wp","href":"https:\/\/api.w.org\/{rel}","templated":true}]}}