{"id":109377,"date":"2022-08-31T14:30:00","date_gmt":"2022-08-31T17:30:00","guid":{"rendered":"https:\/\/grandepremio.com\/br\/noticias\/tt-gp-pierre-gasly-colton-herta-dentro-mick-schumacher-daniel-ricciardo-fora-formula-1-2023-enlouquece\/"},"modified":"2022-08-31T15:17:49","modified_gmt":"2022-08-31T18:17:49","slug":"tt-gp-pierre-gasly-colton-herta-dentro-mick-schumacher-daniel-ricciardo-fora-formula-1-2023-enlouquece","status":"publish","type":"post","link":"https:\/\/grandepremio.com\/br\/f1\/tt-gp-pierre-gasly-colton-herta-dentro-mick-schumacher-daniel-ricciardo-fora-formula-1-2023-enlouquece\/","title":{"rendered":"TT GP #67 | Gasly e Herta dentro, Schumacher e Ricciardo fora? F1 2023 enlouquece"},"content":{"rendered":"\n<figure class=\"wp-block-embed is-type-video is-provider-youtube wp-block-embed-youtube wp-embed-aspect-16-9 wp-has-aspect-ratio\"><div class=\"wp-block-embed__wrapper\">\n<iframe loading=\"lazy\" title=\"GASLY E HERTA DENTRO, SCHUMACHER E RICCIARDO FORA? F1 2023 ENLOUQUECE | TT GP #67\" width=\"500\" height=\"281\" src=\"https:\/\/www.youtube.com\/embed\/5nC7B9-ArOU?feature=oembed\" frameborder=\"0\" allow=\"accelerometer; autoplay; clipboard-write; encrypted-media; gyroscope; picture-in-picture; web-share\" referrerpolicy=\"strict-origin-when-cross-origin\" allowfullscreen><\/iframe>\n<\/div><\/figure>\n\n\n\n<p class=\"wp-block-paragraph\">Esque\u00e7a o <strong><a href=\"https:\/\/www.grandepremio.com\/br\/f1\/noticias\/max-verstappen-consegue-virada-vence-belgica-formula-1-lewis-hamilton-fernando-alonso-batem\/\" class=\"ek-link\">GP da B\u00e9lgica<\/a><\/strong>: mais uma vez na temporada 2022 do Mundial de F\u00f3rmula 1 \u00e9 necess\u00e1rio falar da forma\u00e7\u00e3o do grid para o ano seguinte. Desde que Sebastian Vettel anunciou a aposentadora as coisas foram pelos ares. A conversa da vez inclui a sa\u00edda de Pierre Gasly para a Alpine, que deseja contar com o franc\u00eas, e ida de Colton Herta para a AlphaTauri. O TT GP fala do assunto.<\/p>\n\n\n\n<p class=\"wp-block-paragraph\">Herta testou com o carro da McLaren, mas sequer passou perto da vaga. Foi falado como possibilidade na Haas e \u00e9 senso comum de que tem acordo com a Andretti para ser piloto do time que defende na Indy caso a Andretti consiga criar sua equipe na F1. Mas quem se aproxima agora \u00e9 o Grupo Red Bull.<\/p>\n\n\n\n<p class=\"wp-block-paragraph\">Caso isso aconte\u00e7a, o que ser\u00e1 de Mick Schumacher, cada vez menos ligado \u00e0 Haas, e Daniel Ricciardo, fora da McLaren, esnobado pela Haas e longe de ser op\u00e7\u00e3o um na Alpine? H\u00e1 muito a ser definido nesses \u00faltimos meses de 2022.<\/p>\n\n\n\n<p class=\"wp-block-paragraph\">Pedro Henrique Marum apresenta o TT GP e conta com os coment\u00e1rios de Renato Ribeiro, Jo\u00e3o Pedro Nascimento e Andr\u00e9 Netto.<\/p>\n\n\n\n<p class=\"wp-block-paragraph\"><strong>\u25b6\ufe0f&nbsp;Inscreva-se nos dois canais do GRANDE PR\u00caMIO no YouTube:&nbsp;<a href=\"https:\/\/www.youtube.com\/channel\/UC9OlHEgxoaY6QY6nWPoiqQg?sub_confirmation=1\" target=\"_blank\" rel=\"noreferrer noopener\">GP<\/a>&nbsp;|&nbsp;<a href=\"https:\/\/www.youtube.com\/channel\/UC9csiS6q_C3C0FYhyr1rnFA?sub_confirmation=1\" target=\"_blank\" rel=\"noreferrer noopener\">GP2<\/a><\/strong><br><strong>\u25b6\ufe0f&nbsp;<a href=\"https:\/\/www.twitch.tv\/grandepremio\" target=\"_blank\" rel=\"noreferrer noopener\" class=\"ek-link\">Conhe\u00e7a o canal do GRANDE PR\u00caMIO na Twitch clicando aqui!<\/a><\/strong><\/p>\n","protected":false},"excerpt":{"rendered":"<p>A edi\u00e7\u00e3o #67 do TT GP fala novamente sobre a forma\u00e7\u00e3o do grid da temporada 2023 da F\u00f3rmula 1 por conta das novas informa\u00e7\u00f5es<\/p>\n","protected":false},"author":0,"featured_media":1000608398,"comment_status":"closed","ping_status":"closed","sticky":false,"template":"","format":"standard","meta":{"42wp_featured_image_caption":"","42wp_featured_image_credits":"","42wp_featured_video":"","42wp_featured_image_hidden":false,"42wp_authors_list":[],"footnotes":""},"categories":[2],"tags":[524,20491,31547,1579,211,1357,31064,24899,24836,28285,119,30267,1294,570,1494,32013,32260,27402],"42wp_author":[47120],"class_list":["post-109377","post","type-post","status-publish","format-standard","has-post-thumbnail","hentry","category-f1","tag-alphatauri","tag-alpine","tag-andre-netto","tag-colton-herta","tag-daniel-ricciardo","tag-f1-2022","tag-formula-1-2022-3","tag-gp-da-belgica-2","tag-grande-premio-2","tag-grandepremio","tag-haas","tag-joao-pedro-nascimento","tag-mick-schumacher","tag-pedro-henrique-marum","tag-renato-ribeiro","tag-spa-f1","tag-spa-francorchamps-f1","tag-tt-gp","42wp_author-pedro-henrique-marum"],"_links":{"self":[{"href":"https:\/\/grandepremio.com\/br\/wp-json\/wp\/v2\/posts\/109377","targetHints":{"allow":["GET"]}}],"collection":[{"href":"https:\/\/grandepremio.com\/br\/wp-json\/wp\/v2\/posts"}],"about":[{"href":"https:\/\/grandepremio.com\/br\/wp-json\/wp\/v2\/types\/post"}],"replies":[{"embeddable":true,"href":"https:\/\/grandepremio.com\/br\/wp-json\/wp\/v2\/comments?post=109377"}],"version-history":[{"count":0,"href":"https:\/\/grandepremio.com\/br\/wp-json\/wp\/v2\/posts\/109377\/revisions"}],"wp:featuredmedia":[{"embeddable":true,"href":"https:\/\/grandepremio.com\/br\/wp-json\/wp\/v2\/media\/1000608398"}],"wp:attachment":[{"href":"https:\/\/grandepremio.com\/br\/wp-json\/wp\/v2\/media?parent=109377"}],"wp:term":[{"taxonomy":"category","embeddable":true,"href":"https:\/\/grandepremio.com\/br\/wp-json\/wp\/v2\/categories?post=109377"},{"taxonomy":"post_tag","embeddable":true,"href":"https:\/\/grandepremio.com\/br\/wp-json\/wp\/v2\/tags?post=109377"},{"taxonomy":"42wp_author","embeddable":true,"href":"https:\/\/grandepremio.com\/br\/wp-json\/wp\/v2\/42wp_author?post=109377"}],"curies":[{"name":"wp","href":"https:\/\/api.w.org\/{rel}","templated":true}]}}