{"id":109404,"date":"2022-08-30T14:00:00","date_gmt":"2022-08-30T17:00:00","guid":{"rendered":"https:\/\/grandepremio.com\/br\/noticias\/vitoria-max-verstappen-diz-situacao-campeonato-gabriel-curty\/"},"modified":"2022-08-30T12:32:36","modified_gmt":"2022-08-30T15:32:36","slug":"vitoria-max-verstappen-diz-situacao-campeonato-gabriel-curty","status":"publish","type":"post","link":"https:\/\/grandepremio.com\/br\/f1\/vitoria-max-verstappen-diz-situacao-campeonato-gabriel-curty\/","title":{"rendered":"Vit\u00f3ria de Verstappen diz muito sobre real situa\u00e7\u00e3o do campeonato, diz Gabriel Curty"},"content":{"rendered":"\n<p class=\"wp-block-paragraph\">Max Verstappen saiu vitorioso no GP da B\u00e9lgica ap\u00f3s largar da 14\u00aa posi\u00e7\u00e3o. Ningu\u00e9m \u00e0 sua frente conseguiu realmente segur\u00e1-lo, sequer amea\u00e7\u00e1-lo \u2014 a Mercedes n\u00e3o teve um bom fim de semana, enquanto a Ferrari, mais uma vez, se viu perdida. \u00c9 por isso que, no Paddock GP #302, Gabriel Curty entende que o triunfo e grande vantagem do holand\u00eas mostram a real situa\u00e7\u00e3o da F1 2022.<\/p>\n\n\n\n<p class=\"wp-block-paragraph\"><strong>Assista ao trecho completo abaixo:<\/strong><\/p>\n\n\n\n<figure class=\"wp-block-embed is-type-rich is-provider-incorporar-manipulador wp-block-embed-incorporar-manipulador wp-embed-aspect-16-9 wp-has-aspect-ratio\"><div class=\"wp-block-embed__wrapper\">\nhttps:\/\/www.youtube.com\/watch?v=DzS0z-59kas?t=356\n<\/div><\/figure>\n\n\n\n<p class=\"wp-block-paragraph\"><strong>\u25b6\ufe0f&nbsp;Inscreva-se nos dois canais do GRANDE PR\u00caMIO no YouTube:&nbsp;<a href=\"https:\/\/www.youtube.com\/channel\/UC9OlHEgxoaY6QY6nWPoiqQg?sub_confirmation=1\" target=\"_blank\" rel=\"noreferrer noopener\">GP<\/a>&nbsp;|&nbsp;<a href=\"https:\/\/www.youtube.com\/channel\/UC9csiS6q_C3C0FYhyr1rnFA?sub_confirmation=1\" target=\"_blank\" rel=\"noreferrer noopener\">GP2<\/a><\/strong><\/p>\n","protected":false},"excerpt":{"rendered":"<p>Mercedes mal, Ferrari perdida. \u00c9 por isso que, no Paddock GP #302, Gabriel Curty entende que o triunfo e grande vantagem do holand\u00eas mostram a real situa\u00e7\u00e3o da F1 2022<\/p>\n","protected":false},"author":0,"featured_media":1000607595,"comment_status":"closed","ping_status":"closed","sticky":false,"template":"","format":"standard","meta":{"42wp_featured_image_caption":"","42wp_featured_image_credits":"","42wp_featured_video":"","42wp_featured_image_hidden":false,"42wp_authors_list":[],"footnotes":""},"categories":[2],"tags":[25062,2154,207,230,24899,24836,82,1537,29362,204,486],"42wp_author":[47139],"class_list":["post-109404","post","type-post","status-publish","format-standard","has-post-thumbnail","hentry","category-f1","tag-belgica","tag-evelyn-guimaraes","tag-ferrari","tag-gabriel-curty","tag-gp-da-belgica-2","tag-grande-premio-2","tag-mercedes","tag-paddock-gp","tag-programas-grande-premio-2","tag-red-bull","tag-victor-martins","42wp_author-ana-cerveira"],"_links":{"self":[{"href":"https:\/\/grandepremio.com\/br\/wp-json\/wp\/v2\/posts\/109404","targetHints":{"allow":["GET"]}}],"collection":[{"href":"https:\/\/grandepremio.com\/br\/wp-json\/wp\/v2\/posts"}],"about":[{"href":"https:\/\/grandepremio.com\/br\/wp-json\/wp\/v2\/types\/post"}],"replies":[{"embeddable":true,"href":"https:\/\/grandepremio.com\/br\/wp-json\/wp\/v2\/comments?post=109404"}],"version-history":[{"count":0,"href":"https:\/\/grandepremio.com\/br\/wp-json\/wp\/v2\/posts\/109404\/revisions"}],"wp:featuredmedia":[{"embeddable":true,"href":"https:\/\/grandepremio.com\/br\/wp-json\/wp\/v2\/media\/1000607595"}],"wp:attachment":[{"href":"https:\/\/grandepremio.com\/br\/wp-json\/wp\/v2\/media?parent=109404"}],"wp:term":[{"taxonomy":"category","embeddable":true,"href":"https:\/\/grandepremio.com\/br\/wp-json\/wp\/v2\/categories?post=109404"},{"taxonomy":"post_tag","embeddable":true,"href":"https:\/\/grandepremio.com\/br\/wp-json\/wp\/v2\/tags?post=109404"},{"taxonomy":"42wp_author","embeddable":true,"href":"https:\/\/grandepremio.com\/br\/wp-json\/wp\/v2\/42wp_author?post=109404"}],"curies":[{"name":"wp","href":"https:\/\/api.w.org\/{rel}","templated":true}]}}