{"id":109430,"date":"2022-08-29T12:16:38","date_gmt":"2022-08-29T15:16:38","guid":{"rendered":"https:\/\/grandepremio.com\/br\/noticias\/charles-leclerc-titulo-cada-vez-mais-distante-gp-belgica-muito-dificil\/"},"modified":"2022-09-01T17:01:15","modified_gmt":"2022-09-01T20:01:15","slug":"charles-leclerc-titulo-cada-vez-mais-distante-gp-belgica-muito-dificil","status":"publish","type":"post","link":"https:\/\/grandepremio.com\/br\/f1\/charles-leclerc-titulo-cada-vez-mais-distante-gp-belgica-muito-dificil\/","title":{"rendered":"Leclerc v\u00ea t\u00edtulo cada vez mais distante ap\u00f3s GP da B\u00e9lgica: &#8220;Vai ser muito dif\u00edcil&#8221;"},"content":{"rendered":"\n<figure class=\"wp-block-embed is-type-video is-provider-youtube wp-block-embed-youtube wp-embed-aspect-16-9 wp-has-aspect-ratio\"><div class=\"wp-block-embed__wrapper\">\n<iframe loading=\"lazy\" title=\"F1 2022: VERSTAPPEN CONSEGUE VIRADA CATEG\u00d3RICA E VENCE NA B\u00c9LGICA | Briefing\" width=\"500\" height=\"281\" src=\"https:\/\/www.youtube.com\/embed\/NY1B0QMyrAY?feature=oembed\" frameborder=\"0\" allow=\"accelerometer; autoplay; clipboard-write; encrypted-media; gyroscope; picture-in-picture; web-share\" referrerpolicy=\"strict-origin-when-cross-origin\" allowfullscreen><\/iframe>\n<\/div><figcaption>F1 2022: VERSTAPPEN CONSEGUE VIRADA CATEG\u00d3RICA E VENCE NA B\u00c9LGICA | Briefing<\/figcaption><\/figure>\n\n\n\n<p class=\"wp-block-paragraph\">Foi um GP da B\u00e9lgica para Charles Leclerc esquecer. A <a href=\"https:\/\/www.grandepremio.com\/br\/f1\/noticias\/ferrari-culpa-sobreviseira-max-verstappen-excesso-velocidade-charles-leclerc-pit-lane\/\" class=\"ek-link\">sobreviseira<\/a> de Max Verstappen, removida pelo pr\u00f3prio holand\u00eas, foi parar nos dutos de freio do monegasco \u2014 que se viu for\u00e7ado a ir aos boxes logo no in\u00edcio da disputa, em meio \u00e0 dura miss\u00e3o de escalar o pelot\u00e3o.<\/p>\n\n\n\n<p class=\"wp-block-paragraph\">N\u00e3o bastasse isso, a pel\u00edcula eventualmente causou um superaquecimento em um sensor da F1-75, o que acabou atrapalhando na hora da&nbsp;<a href=\"https:\/\/www.grandepremio.com\/br\/f1\/noticias\/max-verstappen-consegue-virada-vence-belgica-formula-1-lewis-hamilton-fernando-alonso-batem\/\" class=\"ek-link\">\u00faltima parada do monegasco no GP da B\u00e9lgica<\/a>. A Ferrari quis tirar o ponto extra de volta mais r\u00e1pida das m\u00e3os de Verstappen e, no pen\u00faltimo giro, mandou o monegasco aos boxes. S\u00f3 que Leclerc n\u00e3o s\u00f3 falhou na miss\u00e3o, como acelerou demais no pit-lane \u2014 por conta do problema \u2014 e foi punido em 5 segundos, caindo para o 6\u00ba lugar.<\/p>\n\n\n\n<p class=\"wp-block-paragraph\"><strong>\u25b6\ufe0f&nbsp;Inscreva-se nos dois canais do GRANDE PR\u00caMIO no YouTube:&nbsp;<a href=\"https:\/\/www.youtube.com\/channel\/UC9OlHEgxoaY6QY6nWPoiqQg?sub_confirmation=1\" target=\"_blank\" rel=\"noreferrer noopener\">GP<\/a>&nbsp;|&nbsp;<a href=\"https:\/\/www.youtube.com\/channel\/UC9csiS6q_C3C0FYhyr1rnFA?sub_confirmation=1\" target=\"_blank\" rel=\"noreferrer noopener\">GP2<\/a><\/strong><br><strong>\u25b6\ufe0f&nbsp;<a href=\"https:\/\/www.twitch.tv\/grandepremio\" target=\"_blank\" rel=\"noreferrer noopener\">Conhe\u00e7a o canal do GRANDE PR\u00caMIO na Twitch clicando aqui!<\/a><\/strong><\/p>\n\n\n\n<figure class=\"wp-block-embed is-type-rich is-provider-spotify wp-block-embed-spotify wp-embed-aspect-21-9 wp-has-aspect-ratio\"><div class=\"wp-block-embed__wrapper\">\n<iframe title=\"Spotify Embed: Paddockast #162: F1 de volta! O que de melhor - e pior - aconteceu na 1\u00aa metade de 2022\" style=\"border-radius: 12px\" width=\"100%\" height=\"152\" frameborder=\"0\" allowfullscreen allow=\"autoplay; clipboard-write; encrypted-media; fullscreen; picture-in-picture\" loading=\"lazy\" src=\"https:\/\/open.spotify.com\/embed\/episode\/3vXg2gVnyqSB3ee9cspgiM?utm_source=oembed\"><\/iframe>\n<\/div><\/figure>\n\n\n\n<p class=\"wp-block-paragraph\">Tudo isso resultou em pesadelo para Leclerc no Mundial de Pilotos. O monegasco sabe que a miss\u00e3o, j\u00e1 dif\u00edcil, passou a se tornar virtualmente imposs\u00edvel. Verstappen tem 284 pontos somados, contra 186 do piloto da Ferrari, terceiro colocado na tabela \u2014 faltam oito corridas para o encerramento da&nbsp;F1 2022.<\/p>\n\n\n\n<p class=\"wp-block-paragraph\">&#8220;(T\u00edtulo) come\u00e7a a ficar muito dif\u00edcil, com o ritmo que eles (Red Bull) demonstraram ao longo de todo o fim de semana. Ser\u00e1 muito dif\u00edcil, mas vou manter minha cabe\u00e7a baixa e tentar focar corrida a corrida, dando o meu melhor&#8221;, falou Leclerc sobre suas chances de t\u00edtulo.<\/p>\n\n\n\n<p class=\"wp-block-paragraph\">Sobre os problemas enfrentados na B\u00e9lgica, Leclerc chamou a responsabilidade para si. &#8220;Sexto lugar no fim das contas, com o que aconteceu. \u00c9 como \u00e9. (Puni\u00e7\u00e3o do) pit-lane n\u00e3o \u00e9 falta de sorte, a culpa \u00e9 minha e pronto. N\u00f3s n\u00e3o fomos r\u00e1pidos o suficiente. Esse \u00e9 o problema, mais do que qualquer outra coisa\u201d, contou.<\/p>\n\n\n\n<figure class=\"wp-block-video\"><video class=\"video-js vjs-big-play-centered\" data-gp-vjs=\"1\" controls src=\"https:\/\/www.grandepremio.com\/br\/wp-content\/uploads\/2022\/08\/ALonso-Hamilton.mp4\"><\/video><figcaption>Hamilton toca em Alonso na Les Combes, catapulta e abandona o GP da B\u00e9lgica (V\u00eddeo: Reprodu\u00e7\u00e3o)<\/figcaption><\/figure>\n\n\n\n<p class=\"wp-block-paragraph\">&#8220;N\u00e3o me sinto bem, obviamente. Al\u00e9m de tudo isso, tem tamb\u00e9m a desvantagem de ritmo\u2026 o que \u00e9 estranho \u00e9 que o sentimento, dentro do carro, \u00e9 bom. Mas a\u00ed voc\u00ea olha para o ritmo comparado com a Red Bull e eles est\u00e3o em outro planeta, completamente. Precisamos entender isso e tomara que at\u00e9 Zandvoort, isso seja poss\u00edvel. Precisamos voltar a ficar perto deles, como est\u00e1vamos na primeira metade da temporada&#8221;, finalizou.<\/p>\n\n\n\n<p class=\"wp-block-paragraph\">A\u00a0<a href=\"https:\/\/www.grandepremio.com\/formula-1\/\" target=\"_blank\" rel=\"noreferrer noopener\"><\/a>F\u00f3rmula 1\u00a0retorna j\u00e1 no pr\u00f3ximo fim de semana, entre os dias 2 e 4 de setembro, para o GP da Holanda, em\u00a0Zandvoort. O\u00a0<strong>GRANDE PR\u00caMIO\u00a0<\/strong>acompanha <a href=\"https:\/\/premierleaguebrasil.com.br\/codigo-promocional-stake\/\" class=\"ek-link\">todas as emo\u00e7\u00f5es<\/a> da principal categoria de automobilismo do mundo\u00a0<strong>AO VIVO e em\u00a0TEMPO REAL<\/strong>.<\/p>\n\n\n\n<figure class=\"wp-block-embed is-type-video is-provider-youtube wp-block-embed-youtube wp-embed-aspect-16-9 wp-has-aspect-ratio\"><div class=\"wp-block-embed__wrapper\">\n<iframe loading=\"lazy\" title=\"ALONSO FOI INOCENTE NA BATIDA, MAS PASSOU DOS LIMITES COM HAMILTON | F1 2022\" width=\"500\" height=\"281\" src=\"https:\/\/www.youtube.com\/embed\/578Xa7cYaro?feature=oembed\" frameborder=\"0\" allow=\"accelerometer; autoplay; clipboard-write; encrypted-media; gyroscope; picture-in-picture; web-share\" referrerpolicy=\"strict-origin-when-cross-origin\" allowfullscreen><\/iframe>\n<\/div><figcaption>ALONSO FOI INOCENTE NA BATIDA, MAS PASSOU DOS LIMITES COM HAMILTON | F1 2022<\/figcaption><\/figure>\n","protected":false},"excerpt":{"rendered":"<p>98 pontos separam Max Verstappen e Charles Leclerc no Mundial de Pilotos da F1 2022. Al\u00e9m disso, ritmo taurino em Spa-Francorchamps assustou o monegasco, que admitiu dificuldade em manter esperan\u00e7a nas suas chances para a temporada<\/p>\n","protected":false},"author":0,"featured_media":1000606327,"comment_status":"closed","ping_status":"closed","sticky":false,"template":"","format":"standard","meta":{"42wp_featured_image_caption":"","42wp_featured_image_credits":"","42wp_featured_video":"","42wp_featured_image_hidden":false,"42wp_authors_list":[],"footnotes":""},"categories":[2],"tags":[209,147,1357,207,24837,31064,24899,32142,26062,29009,24836,28285,2780,108],"42wp_author":[47143],"class_list":["post-109430","post","type-post","status-publish","format-standard","has-post-thumbnail","hentry","category-f1","tag-charles-leclerc","tag-f1","tag-f1-2022","tag-ferrari","tag-formula-1-2","tag-formula-1-2022-3","tag-gp-da-belgica-2","tag-gp-da-belgica-2022","tag-gp-da-belgica-de-f1","tag-gp-da-belgica-de-formula-1","tag-grande-premio-2","tag-grandepremio","tag-leclerc","tag-spa-francorchamps","42wp_author-felipe-leite"],"_links":{"self":[{"href":"https:\/\/grandepremio.com\/br\/wp-json\/wp\/v2\/posts\/109430","targetHints":{"allow":["GET"]}}],"collection":[{"href":"https:\/\/grandepremio.com\/br\/wp-json\/wp\/v2\/posts"}],"about":[{"href":"https:\/\/grandepremio.com\/br\/wp-json\/wp\/v2\/types\/post"}],"replies":[{"embeddable":true,"href":"https:\/\/grandepremio.com\/br\/wp-json\/wp\/v2\/comments?post=109430"}],"version-history":[{"count":0,"href":"https:\/\/grandepremio.com\/br\/wp-json\/wp\/v2\/posts\/109430\/revisions"}],"wp:featuredmedia":[{"embeddable":true,"href":"https:\/\/grandepremio.com\/br\/wp-json\/wp\/v2\/media\/1000606327"}],"wp:attachment":[{"href":"https:\/\/grandepremio.com\/br\/wp-json\/wp\/v2\/media?parent=109430"}],"wp:term":[{"taxonomy":"category","embeddable":true,"href":"https:\/\/grandepremio.com\/br\/wp-json\/wp\/v2\/categories?post=109430"},{"taxonomy":"post_tag","embeddable":true,"href":"https:\/\/grandepremio.com\/br\/wp-json\/wp\/v2\/tags?post=109430"},{"taxonomy":"42wp_author","embeddable":true,"href":"https:\/\/grandepremio.com\/br\/wp-json\/wp\/v2\/42wp_author?post=109430"}],"curies":[{"name":"wp","href":"https:\/\/api.w.org\/{rel}","templated":true}]}}