{"id":109434,"date":"2022-08-29T10:38:17","date_gmt":"2022-08-29T13:38:17","guid":{"rendered":"https:\/\/grandepremio.com\/br\/noticias\/matt-campbell-mathieu-jaminet-vencem-virgini-titulo-imsa-gtd-pro\/"},"modified":"2022-08-29T13:31:23","modified_gmt":"2022-08-29T16:31:23","slug":"matt-campbell-mathieu-jaminet-vencem-virgini-titulo-imsa-gtd-pro","status":"publish","type":"post","link":"https:\/\/grandepremio.com\/br\/endurance\/matt-campbell-mathieu-jaminet-vencem-virgini-titulo-imsa-gtd-pro\/","title":{"rendered":"Campbell e Jaminet vencem na Virg\u00ednia e se aproximam de t\u00edtulo do IMSA na GTD Pro"},"content":{"rendered":"\n<figure class=\"wp-block-embed is-type-video is-provider-youtube wp-block-embed-youtube wp-embed-aspect-16-9 wp-has-aspect-ratio\"><div class=\"wp-block-embed__wrapper\">\n<iframe loading=\"lazy\" title=\"F1 2022: VERSTAPPEN CONSEGUE VIRADA CATEG\u00d3RICA E VENCE NA B\u00c9LGICA | Briefing\" width=\"500\" height=\"281\" src=\"https:\/\/www.youtube.com\/embed\/NY1B0QMyrAY?feature=oembed\" frameborder=\"0\" allow=\"accelerometer; autoplay; clipboard-write; encrypted-media; gyroscope; picture-in-picture; web-share\" referrerpolicy=\"strict-origin-when-cross-origin\" allowfullscreen><\/iframe>\n<\/div><figcaption>F1 2022 AO VIVO: TUDO SOBRE O GP DA B\u00c9LGICA DE F\u00d3RMULA 1 | Briefing<\/figcaption><\/figure>\n\n\n\n<p class=\"wp-block-paragraph\">A dupla formada por Matt Campbell e Mathieu Jaminet aproveitou uma estrat\u00e9gia ousada da Porsche para vencer a pen\u00faltima etapa do IMSA 2022, disputada na Virg\u00ednia no \u00faltimo domingo (28), pela classe GTD Pro. Com o resultado, os pilotos se isolaram ainda mais na lideran\u00e7a da competi\u00e7\u00e3o e tornaram quest\u00e3o de tempo a comemora\u00e7\u00e3o do t\u00edtulo. Ap\u00f3s 2h40 de prova, Antonio Garc\u00eda e Jordan Taylor chegaram em segundo, com Ben Barnicoat e Jack Hawksworth completando o p\u00f3dio na classe.<\/p>\n\n\n\n<p class=\"wp-block-paragraph\">Ap\u00f3s uma parada nos boxes que envolveu um pequeno reabastecimento e a troca dos pneus traseiros j\u00e1 no fim da corrida, Jaminet \u2014 que pilotava o carro #9 da Porsche \u2014 superou duas Aston Martin para tomar a ponta e executou de forma perfeita o plano para fazer o tanque durar at\u00e9 a bandeirada.<\/p>\n\n\n\n<p class=\"wp-block-paragraph\">N\u00e3o que tenha sido tranquilo para Jaminet, que pilotava o carro na reta final da corrida. O franc\u00eas de 27 anos foi aos boxes com 50 minutos restantes no cron\u00f4metro, e voltou \u00e0 pista precisando ao mesmo tempo acelerar para buscar a ponta \u2014 estava em terceiro \u2014 e economizar combust\u00edvel para chegar ao fim da corrida.<\/p>\n\n\n\n<p class=\"wp-block-paragraph\"><strong>\u25b6\ufe0f&nbsp;<a href=\"https:\/\/www.twitch.tv\/grandepremio\" target=\"_blank\" rel=\"noreferrer noopener\">Conhe\u00e7a o canal do GRANDE PR\u00caMIO na Twitch clicando aqui!<\/a><\/strong><\/p>\n\n\n\n<figure class=\"wp-block-image size-full\"><img decoding=\"async\" src=\"https:\/\/www.grandepremio.com\/br\/wp-content\/uploads\/2022\/08\/Ellis.jpg\" alt=\"\" class=\"wp-image-607892\"\/><figcaption>Mercedes #57 de Ellis e Ward levou a melhor na classe GTD (Foto: IMSA)<\/figcaption><\/figure>\n\n\n\n<p class=\"wp-block-paragraph\">No fim, deu tudo certo: Jaminet ultrapassou a Aston Martin #23 de Alex Riberas com 15 minutos no rel\u00f3gio, e cinco minutos depois deixou o outro carro da equipe brit\u00e2nica \u2014 pilotado por Maxime Martin na classe GTD \u2014 para tr\u00e1s.<\/p>\n\n\n\n<p class=\"wp-block-paragraph\">A partir da\u00ed, o piloto franc\u00eas precisou se manter fora de alcance em rela\u00e7\u00e3o ao segundo colocado, Jordan Taylor, que conseguia imprimir ritmo superior. Ainda assim, Jaminet concluiu o objetivo e cruzou a linha de chegada com apenas 0s8 de vantagem para o rival. Ainda na volta de resfriamento, o combust\u00edvel acabou de vez e fez o carro da Porsche ser empurrado para os boxes \u2014 dando o tom do limite que o vencedor precisou encarar.<\/p>\n\n\n\n<p class=\"wp-block-paragraph\">Agora, com apenas a etapa de Atlanta pela frente, Campbell e Jaminet lideram a GTD Pro com 265 pontos de vantagem sobre Garc\u00eda e Taylor, os novos segundos colocados. Como a \u00faltima etapa oferece um m\u00e1ximo de 385 pontos, o t\u00edtulo ainda est\u00e1 matematicamente em aberto \u2014 mas a dupla da Porsche passou a deter todo o favoritismo.<\/p>\n\n\n\n<figure class=\"wp-block-video\"><video class=\"video-js vjs-big-play-centered\" data-gp-vjs=\"1\" controls src=\"https:\/\/www.grandepremio.com\/br\/wp-content\/uploads\/2022\/08\/IMSA.mp4\"><\/video><figcaption>Mercedes de McAleer sofreu com furo de pneu, e piloto saiu da Virg\u00ednia sem a lideran\u00e7a da GTD (V\u00eddeo: IMSA)<\/figcaption><\/figure>\n\n\n\n<p class=\"wp-block-paragraph\"><strong>\u25b6\ufe0f&nbsp;Inscreva-se nos dois canais do GRANDE PR\u00caMIO no YouTube:&nbsp;<a href=\"https:\/\/www.youtube.com\/channel\/UC9OlHEgxoaY6QY6nWPoiqQg?sub_confirmation=1\" target=\"_blank\" rel=\"noreferrer noopener\">GP<\/a>&nbsp;|&nbsp;<a href=\"https:\/\/www.youtube.com\/channel\/UC9csiS6q_C3C0FYhyr1rnFA?sub_confirmation=1\" target=\"_blank\" rel=\"noreferrer noopener\">GP2<\/a><\/strong><\/p>\n\n\n\n<p class=\"wp-block-paragraph\">Entre os carros da classe GTD, a vit\u00f3ria ficou com a Mercedes: Russell Ward e Philip Ellis cruzaram a linha de chegada com pouco mais de 6s de vantagem para Roman De Angelis e Maxime Martin, os segundos colocados. Bryan Sellers e Madison Snow, da BMW, completaram o p\u00f3dio.<\/p>\n\n\n\n<p class=\"wp-block-paragraph\">Ellis liderava a corrida com menos de 20 minutos restantes no cron\u00f4metro, mas optou por ir aos boxes para receber mais combust\u00edvel e deixou a ponta de bandeja para Martin. O piloto da Aston Martin, entretanto, precisou diminuir drasticamente o ritmo no fim para economizar combust\u00edvel e acabou vendo Philip super\u00e1-lo com pouco menos de nove minutos para o encerramento da disputa.<\/p>\n\n\n\n<p class=\"wp-block-paragraph\">Apesar de ter ficado sem a vit\u00f3ria, Roman De Angelis passou a ser o novo l\u00edder da classe GTD, abrindo 45 pontos de vantagem em rela\u00e7\u00e3o ao segundo colocado Stevan McAleer \u2014 que n\u00e3o passou do oitavo lugar na Virg\u00ednia. Ryan Hardwick e Jan Heylen, da Porsche, ocupam a terceira coloca\u00e7\u00e3o com 57 pontos de diferen\u00e7a e ainda nutrem esperan\u00e7as de uma virada em Atlanta.<\/p>\n","protected":false},"excerpt":{"rendered":"<p>Na base da estrat\u00e9gia, Mathieu Jaminet dosou combust\u00edvel nas voltas finais e ainda segurou a press\u00e3o de Jordan Taylor para deixar t\u00edtulo do IMSA muito pr\u00f3ximo antes de etapa final<\/p>\n","protected":false},"author":0,"featured_media":1000607893,"comment_status":"closed","ping_status":"closed","sticky":false,"template":"","format":"standard","meta":{"42wp_featured_image_caption":"","42wp_featured_image_credits":"","42wp_featured_video":"","42wp_featured_image_hidden":false,"42wp_authors_list":[],"footnotes":""},"categories":[18],"tags":[309,707,17468,31458,705,7530,32314,82,736,27711],"42wp_author":[47142],"class_list":["post-109434","post","type-post","status-publish","format-standard","has-post-thumbnail","hentry","category-endurance","tag-aston-martin","tag-bmw","tag-gtd","tag-gtd-pro","tag-imsa","tag-mathieu-jaminet","tag-matt-campbell","tag-mercedes","tag-porsche","tag-virginia","42wp_author-jp-nascimento"],"_links":{"self":[{"href":"https:\/\/grandepremio.com\/br\/wp-json\/wp\/v2\/posts\/109434","targetHints":{"allow":["GET"]}}],"collection":[{"href":"https:\/\/grandepremio.com\/br\/wp-json\/wp\/v2\/posts"}],"about":[{"href":"https:\/\/grandepremio.com\/br\/wp-json\/wp\/v2\/types\/post"}],"replies":[{"embeddable":true,"href":"https:\/\/grandepremio.com\/br\/wp-json\/wp\/v2\/comments?post=109434"}],"version-history":[{"count":0,"href":"https:\/\/grandepremio.com\/br\/wp-json\/wp\/v2\/posts\/109434\/revisions"}],"wp:featuredmedia":[{"embeddable":true,"href":"https:\/\/grandepremio.com\/br\/wp-json\/wp\/v2\/media\/1000607893"}],"wp:attachment":[{"href":"https:\/\/grandepremio.com\/br\/wp-json\/wp\/v2\/media?parent=109434"}],"wp:term":[{"taxonomy":"category","embeddable":true,"href":"https:\/\/grandepremio.com\/br\/wp-json\/wp\/v2\/categories?post=109434"},{"taxonomy":"post_tag","embeddable":true,"href":"https:\/\/grandepremio.com\/br\/wp-json\/wp\/v2\/tags?post=109434"},{"taxonomy":"42wp_author","embeddable":true,"href":"https:\/\/grandepremio.com\/br\/wp-json\/wp\/v2\/42wp_author?post=109434"}],"curies":[{"name":"wp","href":"https:\/\/api.w.org\/{rel}","templated":true}]}}