{"id":109455,"date":"2022-08-28T14:58:14","date_gmt":"2022-08-28T17:58:14","guid":{"rendered":"https:\/\/grandepremio.com\/br\/noticias\/confira-voltas-mais-rapidas-de-cada-piloto-no-gp-da-belgica-de-formula-1-2022\/"},"modified":"2022-08-28T16:39:26","modified_gmt":"2022-08-28T19:39:26","slug":"confira-voltas-mais-rapidas-de-cada-piloto-no-gp-da-belgica-de-formula-1-2022","status":"publish","type":"post","link":"https:\/\/grandepremio.com\/br\/f1\/confira-voltas-mais-rapidas-de-cada-piloto-no-gp-da-belgica-de-formula-1-2022\/","title":{"rendered":"Confira voltas mais r\u00e1pidas de cada piloto no GP da B\u00e9lgica de F\u00f3rmula 1 2022"},"content":{"rendered":"\n<figure class=\"wp-block-embed is-type-video is-provider-youtube wp-block-embed-youtube wp-embed-aspect-16-9 wp-has-aspect-ratio\"><div class=\"wp-block-embed__wrapper\">\n<iframe loading=\"lazy\" title=\"F1 2022: VERSTAPPEN CONSEGUE VIRADA CATEG\u00d3RICA E VENCE NA B\u00c9LGICA | Briefing\" width=\"500\" height=\"281\" src=\"https:\/\/www.youtube.com\/embed\/NY1B0QMyrAY?feature=oembed\" frameborder=\"0\" allow=\"accelerometer; autoplay; clipboard-write; encrypted-media; gyroscope; picture-in-picture; web-share\" referrerpolicy=\"strict-origin-when-cross-origin\" allowfullscreen><\/iframe>\n<\/div><figcaption>F1 2022 AO VIVO: TUDO SOBRE O GP DA B\u00c9LGICA DE F\u00d3RMULA 1 | Briefing<\/figcaption><\/figure>\n\n\n\n<p class=\"wp-block-paragraph\">Max Verstappen dominou o GP da B\u00e9lgica neste domingo (28) e <a aria-label=\"escalou o pelot\u00e3o para garantir sua nona vit\u00f3ria em 14 corridas disputadas (opens in a new tab)\" href=\"https:\/\/www.grandepremio.com\/br\/f1\/noticias\/max-verstappen-consegue-virada-vence-belgica-formula-1-lewis-hamilton-fernando-alonso-batem\/\" target=\"_blank\" rel=\"noreferrer noopener\" class=\"ek-link\">escalou o pelot\u00e3o para garantir sua nona vit\u00f3ria em 14 corridas disputadas<\/a> na temporada 2022. E se o lugar mais alto do p\u00f3dio valeu mais 25 pontos para o atual campe\u00e3o, o neerland\u00eas tamb\u00e9m terminou com a volta mais r\u00e1pida da prova, registrada no 32\u00ba giro: 1min49s354, o que lhe concedeu um tento a mais.<\/p>\n\n\n\n<p class=\"wp-block-paragraph\">Charles Leclerc reservou um cap\u00edtulo \u00e0 parte na busca pela volta mais r\u00e1pida, mas acabou mesmo na segunda coloca\u00e7\u00e3o ao chegar no m\u00e1ximo a 1min49s984. Chamado pela Ferrari aos boxes no fim da 42\u00aa volta de um total de 44, <a href=\"https:\/\/www.grandepremio.com\/br\/f1\/noticias\/charles-leclerc-ignorado-ferrari-erro-estrategia-spa-nao-arriscaria\" target=\"_blank\" aria-label=\"o monegasco avisou que a ideia n\u00e3o era boa (opens in a new tab)\" rel=\"noreferrer noopener\" class=\"ek-link\">o monegasco avisou que a ideia n\u00e3o era boa<\/a>, mas obedeceu \u00e0 ordem. Regressou \u00e0 pista embolado com Fernando Alonso, que passou \u00e0 frente na Les Combes.<\/p>\n\n\n\n<p class=\"wp-block-paragraph\"><strong>\u25b6\ufe0f&nbsp;<a href=\"https:\/\/www.twitch.tv\/grandepremio\" target=\"_blank\" rel=\"noreferrer noopener\">Conhe\u00e7a o canal do GRANDE PR\u00caMIO na Twitch clicando aqui!<\/a><\/strong><\/p>\n\n\n\n<figure class=\"wp-block-video\"><video class=\"video-js vjs-big-play-centered\" data-gp-vjs=\"1\" controls src=\"https:\/\/www.grandepremio.com\/br\/wp-content\/uploads\/2022\/08\/LEC.mp4\"><\/video><figcaption>Leclerc responde Ferrari e diz que n\u00e3o arriscaria parada no fim (V\u00eddeo: Reprodu\u00e7\u00e3o\/F1)<\/figcaption><\/figure>\n\n\n\n<p class=\"wp-block-paragraph\">A partir da\u00ed, Charles precisou retomar a quinta coloca\u00e7\u00e3o e n\u00e3o conseguiu ritmo para registrar a volta mais r\u00e1pida. No fim, ainda foi punido com 5s por exceder o limite de velocidade do pit-lane e terminou a corrida apenas em sexto, somando dois pontos a menos do que faria antes de trocar os compostos.<\/p>\n\n\n\n<p class=\"wp-block-paragraph\">Sergio P\u00e9rez completou o &#8216;p\u00f3dio&#8217; de voltas mais r\u00e1pidas do dia, com 1min50s764, enquanto George Russell fechou o grupo dos que ficaram abaixo da casa de 1min51: fez 1min50s793 na 31\u00aa volta. Lando Norris ficou em quinto na lista, com 1min51s678, e o top-10 ainda teve Esteban Ocon, Carlos Sainz, Nicholas Latifi, Guanyu Zhou e Yuki Tsunoda.<\/p>\n\n\n\n<p class=\"wp-block-paragraph\"><strong>\u25b6\ufe0f&nbsp;Inscreva-se nos dois canais do GRANDE PR\u00caMIO no YouTube:&nbsp;<a href=\"https:\/\/www.youtube.com\/channel\/UC9OlHEgxoaY6QY6nWPoiqQg?sub_confirmation=1\" target=\"_blank\" rel=\"noreferrer noopener\">GP<\/a>&nbsp;|&nbsp;<a href=\"https:\/\/www.youtube.com\/channel\/UC9csiS6q_C3C0FYhyr1rnFA?sub_confirmation=1\" target=\"_blank\" rel=\"noreferrer noopener\">GP2<\/a><\/strong><\/p>\n\n\n\n<figure class=\"wp-block-image size-large\"><img decoding=\"async\" src=\"https:\/\/www.grandepremio.com\/br\/wp-content\/uploads\/2022\/08\/ferrari-charlesleclerc-02-3-1024x683.jpg\" alt=\"\" class=\"wp-image-607139\"\/><figcaption>Ferrari tentou t\u00e1tica maluca para buscar volta mais r\u00e1pida no fim, mas se embolou e ainda perdeu dois pontos (Foto: Ferrari)<\/figcaption><\/figure>\n\n\n\n<p class=\"wp-block-paragraph\">A surpresa dos dez primeiros ficou por conta do canadense da Williams, mas a volta de 1min52s256 que deixou Latifi na oitava posi\u00e7\u00e3o do ranking tem explica\u00e7\u00e3o: o piloto foi parado pela equipe brit\u00e2nica j\u00e1 no fim para utilizar compostos macios, e registrou seu giro mais r\u00e1pido quando j\u00e1 estava com o combust\u00edvel no fim \u2014 portanto com o carro mais leve \u2014, na 38\u00aa volta. Seu companheiro Alexander Albon ficou apenas em 16\u00ba na lista, mas chegou em d\u00e9cimo na corrida e somou um ponto no campeonato<\/p>\n\n\n\n<p class=\"wp-block-paragraph\">A pr\u00f3xima parada da F\u00f3rmula 1 acontece j\u00e1 no pr\u00f3ximo fim de semana, e na casa do atual l\u00edder do campeonato. O GP da Holanda, realizado no Circuito de Zandvoort, est\u00e1 programado para acontecer entre os dias 2 e 4 de setembro, com largada prevista para as 10h (hor\u00e1rio de Bras\u00edlia) de domingo.<\/p>\n\n\n\n<h2 class=\"wp-block-heading\" id=\"h-formula-1-2022-gp-da-belgica-voltas-mais-rapidas\">F\u00f3rmula 1 2022, GP da B\u00e9lgica, Voltas Mais R\u00e1pidas:<\/h2>\n\n\n\n<figure class=\"wp-block-table\"><table><tbody><tr><td>1<\/td><td>M VERSTAPPEN<\/td><td>Red Bull Honda<\/td><td>1:49.354<\/td><\/tr><tr><td>2<\/td><td>C LECLERC<\/td><td>Ferrari<\/td><td>1:49.984<\/td><\/tr><tr><td>3<\/td><td>S P\u00c9REZ<\/td><td>Red Bull Honda<\/td><td>1:50.764<\/td><\/tr><tr><td>4<\/td><td>G RUSSELL<\/td><td>Mercedes<\/td><td>1:50.793<\/td><\/tr><tr><td>5<\/td><td>L NORRIS<\/td><td>McLaren Mercedes<\/td><td>1:51.678<\/td><\/tr><tr><td>6<\/td><td>E OCON<\/td><td>Alpine<\/td><td>1:51.717<\/td><\/tr><tr><td>7<\/td><td>C SAINZ<\/td><td>Ferrari<\/td><td>1:51.977<\/td><\/tr><tr><td>8<\/td><td>N LATIFI<\/td><td>Williams Mercedes<\/td><td>1:52.256<\/td><\/tr><tr><td>9<\/td><td>G ZHOU<\/td><td>Alfa Romeo Ferrari<\/td><td>1:52.317<\/td><\/tr><tr><td>10<\/td><td>Y TSUNODA<\/td><td>AlphaTauri Honda<\/td><td>1:52.436<\/td><\/tr><tr><td>11<\/td><td>S VETTEL<\/td><td>Aston Martin Mercedes<\/td><td>1:52.515<\/td><\/tr><tr><td>12<\/td><td>M SCHUMACHER<\/td><td>Haas Ferrari<\/td><td>1:52.646<\/td><\/tr><tr><td>13<\/td><td>F ALONSO<\/td><td>Alpine<\/td><td>1:52.868<\/td><\/tr><tr><td>14<\/td><td>L STROLL<\/td><td>Aston Martin Mercedes<\/td><td>1:52.880<\/td><\/tr><tr><td>15<\/td><td>P GASLY<\/td><td>AlphaTauri Honda<\/td><td>1:53.002<\/td><\/tr><tr><td>16<\/td><td>A ALBON<\/td><td>Williams Mercedes<\/td><td>1:53.055<\/td><\/tr><tr><td>17<\/td><td>D RICCIARDO<\/td><td>McLaren Mercedes<\/td><td>1:53.080<\/td><\/tr><tr><td>18<\/td><td>K MAGNUSSEN<\/td><td>Haas Ferrari<\/td><td>1:53.332<\/td><\/tr><tr><td>19<\/td><td>V BOTTAS<\/td><td>Alfa Romeo Ferrari<\/td><td>Sem volta<\/td><\/tr><tr><td>20<\/td><td>L HAMILTON<\/td><td>Mercedes<\/td><td>Sem volta<\/td><\/tr><\/tbody><\/table><\/figure>\n","protected":false},"excerpt":{"rendered":"<p>Max Verstappen disparou do 13\u00ba lugar para a ponta em apenas 12 voltas para vencer o GP da B\u00e9lgica com sobras, e ainda saiu com o ponto extra pelo giro mais r\u00e1pido da corrida<\/p>\n","protected":false},"author":0,"featured_media":1000607541,"comment_status":"closed","ping_status":"closed","sticky":false,"template":"","format":"standard","meta":{"42wp_featured_image_caption":"","42wp_featured_image_credits":"","42wp_featured_video":"","42wp_featured_image_hidden":false,"42wp_authors_list":[],"footnotes":""},"categories":[2],"tags":[25062,209,147,1357,176,24837,24899,24836,28285,203,204,489,108,25370],"42wp_author":[47142],"class_list":["post-109455","post","type-post","status-publish","format-standard","has-post-thumbnail","hentry","category-f1","tag-belgica","tag-charles-leclerc","tag-f1","tag-f1-2022","tag-fernando-alonso","tag-formula-1-2","tag-gp-da-belgica-2","tag-grande-premio-2","tag-grandepremio","tag-max-verstappen","tag-red-bull","tag-spa","tag-spa-francorchamps","tag-voltas-mais-rapidas","42wp_author-jp-nascimento"],"_links":{"self":[{"href":"https:\/\/grandepremio.com\/br\/wp-json\/wp\/v2\/posts\/109455","targetHints":{"allow":["GET"]}}],"collection":[{"href":"https:\/\/grandepremio.com\/br\/wp-json\/wp\/v2\/posts"}],"about":[{"href":"https:\/\/grandepremio.com\/br\/wp-json\/wp\/v2\/types\/post"}],"replies":[{"embeddable":true,"href":"https:\/\/grandepremio.com\/br\/wp-json\/wp\/v2\/comments?post=109455"}],"version-history":[{"count":0,"href":"https:\/\/grandepremio.com\/br\/wp-json\/wp\/v2\/posts\/109455\/revisions"}],"wp:featuredmedia":[{"embeddable":true,"href":"https:\/\/grandepremio.com\/br\/wp-json\/wp\/v2\/media\/1000607541"}],"wp:attachment":[{"href":"https:\/\/grandepremio.com\/br\/wp-json\/wp\/v2\/media?parent=109455"}],"wp:term":[{"taxonomy":"category","embeddable":true,"href":"https:\/\/grandepremio.com\/br\/wp-json\/wp\/v2\/categories?post=109455"},{"taxonomy":"post_tag","embeddable":true,"href":"https:\/\/grandepremio.com\/br\/wp-json\/wp\/v2\/tags?post=109455"},{"taxonomy":"42wp_author","embeddable":true,"href":"https:\/\/grandepremio.com\/br\/wp-json\/wp\/v2\/42wp_author?post=109455"}],"curies":[{"name":"wp","href":"https:\/\/api.w.org\/{rel}","templated":true}]}}