{"id":109460,"date":"2022-08-28T13:46:14","date_gmt":"2022-08-28T16:46:14","guid":{"rendered":"https:\/\/grandepremio.com\/br\/noticias\/sebastian-vettel-aston-martin-melhor-corrida-8o-gp-belgica-resultado-solido\/"},"modified":"2022-08-28T13:51:52","modified_gmt":"2022-08-28T16:51:52","slug":"sebastian-vettel-aston-martin-melhor-corrida-8o-gp-belgica-resultado-solido","status":"publish","type":"post","link":"https:\/\/grandepremio.com\/br\/f1\/sebastian-vettel-aston-martin-melhor-corrida-8o-gp-belgica-resultado-solido\/","title":{"rendered":"Vettel v\u00ea Aston Martin melhor em corrida e diz que 8\u00ba no GP da B\u00e9lgica &#8220;\u00e9 resultado s\u00f3lido&#8221;"},"content":{"rendered":"\n<figure class=\"wp-block-embed is-type-video is-provider-youtube wp-block-embed-youtube wp-embed-aspect-16-9 wp-has-aspect-ratio\"><div class=\"wp-block-embed__wrapper\">\n<iframe loading=\"lazy\" title=\"F1 2022: VERSTAPPEN CONSEGUE VIRADA CATEG\u00d3RICA E VENCE NA B\u00c9LGICA | Briefing\" width=\"500\" height=\"281\" src=\"https:\/\/www.youtube.com\/embed\/NY1B0QMyrAY?feature=oembed\" frameborder=\"0\" allow=\"accelerometer; autoplay; clipboard-write; encrypted-media; gyroscope; picture-in-picture; web-share\" referrerpolicy=\"strict-origin-when-cross-origin\" allowfullscreen><\/iframe>\n<\/div><\/figure>\n\n\n\n<p class=\"wp-block-paragraph\">Sebastian Vettel sabe que o oitavo lugar no GP da B\u00e9lgica, <a href=\"https:\/\/www.grandepremio.com\/br\/f1\/noticias\/max-verstappen-consegue-virada-vence-belgica-formula-1-lewis-hamilton-fernando-alonso-batem\/\" class=\"ek-link\">realizado neste domingo (28) em Spa-Francorchamps<\/a>, foi um resultado muito positivo, principalmente levando em conta o ritmo ruim da Aston Martin na classifica\u00e7\u00e3o. O tetracampe\u00e3o, que n\u00e3o chegou a avan\u00e7ar para o Q2, acabou se beneficiando das in\u00fameras puni\u00e7\u00f5es aos pilotos \u00e0 sua frente e largou em d\u00e9cimo.<\/p>\n\n\n\n<p class=\"wp-block-paragraph\">Ap\u00f3s a corrida, o alem\u00e3o classificou o resultado final como &#8220;s\u00f3lido&#8221; e explicou que perdeu tempo atr\u00e1s de Pierre Gasly depois da segunda parada, permitindo, com isso, a aproxima\u00e7\u00e3o de Esteban Ocon e, consequentemente, a ultrapassagem do franc\u00eas da Alpine.<\/p>\n\n\n\n<p class=\"wp-block-paragraph\"><strong>\u25b6\ufe0f\u00a0Inscreva-se nos dois canais do GRANDE PR\u00caMIO no YouTube:\u00a0<a href=\"https:\/\/www.youtube.com\/channel\/UC9OlHEgxoaY6QY6nWPoiqQg?sub_confirmation=1\" target=\"_blank\" rel=\"noreferrer noopener\">GP<\/a>\u00a0|\u00a0<a href=\"https:\/\/www.youtube.com\/channel\/UC9csiS6q_C3C0FYhyr1rnFA?sub_confirmation=1\" target=\"_blank\" rel=\"noreferrer noopener\">GP2<\/a><\/strong><br><strong>\u25b6\ufe0f\u00a0<a href=\"https:\/\/www.twitch.tv\/grandepremio\" target=\"_blank\" rel=\"noreferrer noopener\">Conhe\u00e7a o canal do GRANDE PR\u00caMIO na Twitch clicando aqui!<\/a><\/strong><\/p>\n\n\n\n<figure class=\"wp-block-image size-large\"><img decoding=\"async\" src=\"https:\/\/www.grandepremio.com\/br\/wp-content\/uploads\/2022\/08\/astonmartin-sebastianvettel-01-2-1024x683.jpg\" alt=\"\" class=\"wp-image-607094\"\/><figcaption>Sebastian Vettel pontuou mais uma vez com a Aston Martin (Foto: Aston Martin)<\/figcaption><\/figure>\n\n\n\n<p class=\"wp-block-paragraph\">&#8220;Oitavo \u00e9 um resultado s\u00f3lido. Tive um pouco de azar na segunda parada, fiquei atr\u00e1s de Pierre [Gasly] por uma volta, e isso permitiu a Esteban [Ocon], com pneus novos, reduzir toda a vantagem que eu havia constru\u00eddo no segundo stint&#8221;, disse Vettel. &#8220;Mais uma vez, fomos mais competitivos na corrida do que na classifica\u00e7\u00e3o. Fiz uma largada forte, e conseguimos encontrar um ritmo decente. Consegui pressionar as Alpine, e acho que s\u00e9timo teria sido poss\u00edvel, mas eles estavam mais r\u00e1pidos&#8221;, reconheceu o veterano.<\/p>\n\n\n\n<p class=\"wp-block-paragraph\">&#8220;Sabemos que \u00e9 assim. N\u00e3o somos muito fortes. Ontem, est\u00e1vamos em nono e d\u00e9cimo, com a Williams sendo mais r\u00e1pida na classifica\u00e7\u00e3o, e hoje fomos mais r\u00e1pidos que eles porque t\u00ednhamos pneus melhores e tamb\u00e9m mais ritmo de corrida, mas sabemos que \u00e9 dif\u00edcil. Nosso objetivo permanece o mesmo: pontuar em todas as corridas&#8221;, completou Vettel, que agora soma 20 pontos e est\u00e1 em 12\u00ba no Mundial.<\/p>\n\n\n\n<p class=\"wp-block-paragraph\">Aos 34 anos, Seb anunciou no final de julho que esta ser\u00e1 a sua \u00faltima temporada na F\u00f3rmula 1 e foi questionado sobre o sentimento que teve ao correr pela \u00faltima vez com a categoria no tradicional circuito de Spa-Francorchamps, mas admitiu que n\u00e3o pensa muito no assunto quando est\u00e1 na pista. <\/p>\n\n\n\n<p class=\"wp-block-paragraph\">&#8220;N\u00e3o sei, realmente n\u00e3o penso desse jeito. Eu sei disso, porque as pessoas me lembram o tempo inteiro. Eu curti, mas n\u00e3o passei na Eau Rouge na \u00faltima volta pensando que era a minha \u00faltima vez por l\u00e1. As melhores coisas ainda est\u00e3o por vir&#8221;, finalizou o piloto.<\/p>\n","protected":false},"excerpt":{"rendered":"<p>Sebastian Vettel disse que Aston Martin foi mais lenta que a Williams na classifica\u00e7\u00e3o, mas conseguiu ser melhor na corrida deste domingo (28), na B\u00e9lgica, e ressaltou que isso tem sido uma constante na temporada<\/p>\n","protected":false},"author":0,"featured_media":1000607519,"comment_status":"closed","ping_status":"closed","sticky":false,"template":"","format":"standard","meta":{"42wp_featured_image_caption":"","42wp_featured_image_credits":"","42wp_featured_video":"","42wp_featured_image_hidden":false,"42wp_authors_list":[],"footnotes":""},"categories":[2],"tags":[20491,309,302,1357,24837,676,210,108,30986,215],"42wp_author":[47147],"class_list":["post-109460","post","type-post","status-publish","format-standard","has-post-thumbnail","hentry","category-f1","tag-alpine","tag-aston-martin","tag-esteban-ocon","tag-f1-2022","tag-formula-1-2","tag-pierre-gasly","tag-sebastian-vettel","tag-spa-francorchamps","tag-temporada-2022-f1","tag-williams","42wp_author-luana-marino"],"_links":{"self":[{"href":"https:\/\/grandepremio.com\/br\/wp-json\/wp\/v2\/posts\/109460","targetHints":{"allow":["GET"]}}],"collection":[{"href":"https:\/\/grandepremio.com\/br\/wp-json\/wp\/v2\/posts"}],"about":[{"href":"https:\/\/grandepremio.com\/br\/wp-json\/wp\/v2\/types\/post"}],"replies":[{"embeddable":true,"href":"https:\/\/grandepremio.com\/br\/wp-json\/wp\/v2\/comments?post=109460"}],"version-history":[{"count":0,"href":"https:\/\/grandepremio.com\/br\/wp-json\/wp\/v2\/posts\/109460\/revisions"}],"wp:featuredmedia":[{"embeddable":true,"href":"https:\/\/grandepremio.com\/br\/wp-json\/wp\/v2\/media\/1000607519"}],"wp:attachment":[{"href":"https:\/\/grandepremio.com\/br\/wp-json\/wp\/v2\/media?parent=109460"}],"wp:term":[{"taxonomy":"category","embeddable":true,"href":"https:\/\/grandepremio.com\/br\/wp-json\/wp\/v2\/categories?post=109460"},{"taxonomy":"post_tag","embeddable":true,"href":"https:\/\/grandepremio.com\/br\/wp-json\/wp\/v2\/tags?post=109460"},{"taxonomy":"42wp_author","embeddable":true,"href":"https:\/\/grandepremio.com\/br\/wp-json\/wp\/v2\/42wp_author?post=109460"}],"curies":[{"name":"wp","href":"https:\/\/api.w.org\/{rel}","templated":true}]}}