{"id":109471,"date":"2022-08-28T12:15:15","date_gmt":"2022-08-28T15:15:15","guid":{"rendered":"https:\/\/grandepremio.com\/br\/noticias\/sergio-perez-admite-esperava-vitoria-belgica-reconhece-intocavel-max-verstappen\/"},"modified":"2022-08-28T12:32:13","modified_gmt":"2022-08-28T15:32:13","slug":"sergio-perez-admite-esperava-vitoria-belgica-reconhece-intocavel-max-verstappen","status":"publish","type":"post","link":"https:\/\/grandepremio.com\/br\/f1\/sergio-perez-admite-esperava-vitoria-belgica-reconhece-intocavel-max-verstappen\/","title":{"rendered":"P\u00e9rez admite que esperava vit\u00f3ria na B\u00e9lgica, mas reconhece &#8220;intoc\u00e1vel&#8221; Verstappen"},"content":{"rendered":"\n<figure class=\"wp-block-embed is-type-video is-provider-youtube wp-block-embed-youtube wp-embed-aspect-16-9 wp-has-aspect-ratio\"><div class=\"wp-block-embed__wrapper\">\n<iframe loading=\"lazy\" title=\"F1 2022: VERSTAPPEN CONSEGUE VIRADA CATEG\u00d3RICA E VENCE NA B\u00c9LGICA | Briefing\" width=\"500\" height=\"281\" src=\"https:\/\/www.youtube.com\/embed\/NY1B0QMyrAY?feature=oembed\" frameborder=\"0\" allow=\"accelerometer; autoplay; clipboard-write; encrypted-media; gyroscope; picture-in-picture; web-share\" referrerpolicy=\"strict-origin-when-cross-origin\" allowfullscreen><\/iframe>\n<\/div><figcaption>TUDO SOBRE O GP DA B\u00c9LGICA DE F\u00d3RMULA 1 | Briefing<br><\/figcaption><\/figure>\n\n\n\n<p class=\"wp-block-paragraph\">Nada consegue parar a Red Bull. E o GP da B\u00e9lgica deste domingo (28) \u00e9 a prova disso. Comandado por Max Verstappen, o RB18 #1 largou oficialmente da 15\u00aa posi\u00e7\u00e3o e, em poucas voltas, j\u00e1 liderava. J\u00e1 Sergio P\u00e9rez partiu do segundo lugar e por l\u00e1 terminou. Ou seja, mais um triunfo dos taurinos, com direito a dobradinha em Spa-Francorchamps.<\/p>\n\n\n\n<p class=\"wp-block-paragraph\">Ap\u00f3s a prova, o mexicano comentou a performance de seu companheiro de equipe, mas assumiu que esperava um resultado diferente pela vantagem que tinha em m\u00e3os. <\/p>\n\n\n\n<p class=\"wp-block-paragraph\">&#8220;Eu realmente esperava mais hoje, era uma boa oportunidade, mas Max estava em outro planeta, ele estava voando, era intoc\u00e1vel&#8221;, disse P\u00e9rez. &#8220;O primeiro stint foi bastante ruim em termos de degrada\u00e7\u00e3o, mas \u00e9 um resultado \u00f3timo para a equipe&#8221;, acrescentou. <\/p>\n\n\n\n<p class=\"wp-block-paragraph\"><strong>\u25b6\ufe0f\u00a0Inscreva-se nos dois canais do GRANDE PR\u00caMIO no YouTube:\u00a0<a href=\"https:\/\/www.youtube.com\/channel\/UC9OlHEgxoaY6QY6nWPoiqQg?sub_confirmation=1\" target=\"_blank\" rel=\"noreferrer noopener\">GP<\/a>\u00a0|\u00a0<a href=\"https:\/\/www.youtube.com\/channel\/UC9csiS6q_C3C0FYhyr1rnFA?sub_confirmation=1\" target=\"_blank\" rel=\"noreferrer noopener\">GP2<\/a><\/strong><br><strong>\u25b6\ufe0f\u00a0<a href=\"https:\/\/www.twitch.tv\/grandepremio\" target=\"_blank\" rel=\"noreferrer noopener\">Conhe\u00e7a o canal do GRANDE PR\u00caMIO na Twitch clicando aqui!<\/a><\/strong><\/p>\n\n\n\n<figure class=\"wp-block-image size-large\"><img decoding=\"async\" src=\"https:\/\/www.grandepremio.com\/br\/wp-content\/uploads\/2022\/08\/redbull-sergioperez-04-3-1024x683.jpg\" alt=\"\" class=\"wp-image-607547\"\/><figcaption>Sergio P\u00e9rez terminou na segunda posi\u00e7\u00e3o (Foto: Red Bull Content Pool)<\/figcaption><\/figure>\n\n\n\n<p class=\"wp-block-paragraph\">Agora, o atual campe\u00e3o abriu ainda mais vantagem na lideran\u00e7a: 93 pontos. Quem subiu para a segunda coloca\u00e7\u00e3o no Mundial de Pilotos foi o mexicano, deixando Charles Leclerc em terceiro lugar. Nos Construtores, a Red Bull se encontra 118 pontos \u00e0 frente da Ferrari. <\/p>\n\n\n\n<p class=\"wp-block-paragraph\">&#8220;Conseguimos marcar muitos pontos hoje, o que \u00e9 importante para o futuro.\u00a0Teve um pouco de caos na primeira volta e tive uma largada muito ruim, perdi posi\u00e7\u00f5es-chave, mas consegui traz\u00ea-las de volta a partir da curva 5&#8221;, encerrou.<\/p>\n\n\n\n<p class=\"wp-block-paragraph\">A&nbsp;<a href=\"https:\/\/www.grandepremio.com\/formula-1\/\" target=\"_blank\" rel=\"noreferrer noopener\">F\u00f3rmula 1<\/a>&nbsp;retorna j\u00e1 no pr\u00f3ximo fim de semana, entre os dias 2 e 4 de setembro, para o GP da Holanda, em&nbsp;<a href=\"https:\/\/www.grandepremio.com\/br\/circuito\/zandvoort\/\" target=\"_blank\" rel=\"noreferrer noopener\">Zandvoort<\/a>.<\/p>\n","protected":false},"excerpt":{"rendered":"<p>Sergio P\u00e9rez admitiu que esperava uma vit\u00f3ria na B\u00e9lgica, mas reconheceu que Max Verstappen estava em &#8220;outro planeta&#8221; na B\u00e9lgica<\/p>\n","protected":false},"author":0,"featured_media":1000607546,"comment_status":"closed","ping_status":"closed","sticky":false,"template":"","format":"standard","meta":{"42wp_featured_image_caption":"","42wp_featured_image_credits":"","42wp_featured_video":"","42wp_featured_image_hidden":false,"42wp_authors_list":[],"footnotes":""},"categories":[2],"tags":[147,1357,24837,31064,32142,26062,24836,28285],"42wp_author":[47139],"class_list":["post-109471","post","type-post","status-publish","format-standard","has-post-thumbnail","hentry","category-f1","tag-f1","tag-f1-2022","tag-formula-1-2","tag-formula-1-2022-3","tag-gp-da-belgica-2022","tag-gp-da-belgica-de-f1","tag-grande-premio-2","tag-grandepremio","42wp_author-ana-cerveira"],"_links":{"self":[{"href":"https:\/\/grandepremio.com\/br\/wp-json\/wp\/v2\/posts\/109471","targetHints":{"allow":["GET"]}}],"collection":[{"href":"https:\/\/grandepremio.com\/br\/wp-json\/wp\/v2\/posts"}],"about":[{"href":"https:\/\/grandepremio.com\/br\/wp-json\/wp\/v2\/types\/post"}],"replies":[{"embeddable":true,"href":"https:\/\/grandepremio.com\/br\/wp-json\/wp\/v2\/comments?post=109471"}],"version-history":[{"count":0,"href":"https:\/\/grandepremio.com\/br\/wp-json\/wp\/v2\/posts\/109471\/revisions"}],"wp:featuredmedia":[{"embeddable":true,"href":"https:\/\/grandepremio.com\/br\/wp-json\/wp\/v2\/media\/1000607546"}],"wp:attachment":[{"href":"https:\/\/grandepremio.com\/br\/wp-json\/wp\/v2\/media?parent=109471"}],"wp:term":[{"taxonomy":"category","embeddable":true,"href":"https:\/\/grandepremio.com\/br\/wp-json\/wp\/v2\/categories?post=109471"},{"taxonomy":"post_tag","embeddable":true,"href":"https:\/\/grandepremio.com\/br\/wp-json\/wp\/v2\/tags?post=109471"},{"taxonomy":"42wp_author","embeddable":true,"href":"https:\/\/grandepremio.com\/br\/wp-json\/wp\/v2\/42wp_author?post=109471"}],"curies":[{"name":"wp","href":"https:\/\/api.w.org\/{rel}","templated":true}]}}