{"id":109483,"date":"2022-08-28T07:52:51","date_gmt":"2022-08-28T10:52:51","guid":{"rendered":"https:\/\/grandepremio.com\/br\/noticias\/yuki-tsunoda-tambem-mexe-motor-larga-pit-lane-gp-belgica\/"},"modified":"2022-08-28T08:08:09","modified_gmt":"2022-08-28T11:08:09","slug":"yuki-tsunoda-tambem-mexe-motor-larga-pit-lane-gp-belgica","status":"publish","type":"post","link":"https:\/\/grandepremio.com\/br\/f1\/yuki-tsunoda-tambem-mexe-motor-larga-pit-lane-gp-belgica\/","title":{"rendered":"Tsunoda tamb\u00e9m mexe no motor e larga do pit-lane para GP da B\u00e9lgica"},"content":{"rendered":"\n<figure class=\"wp-block-embed is-type-video is-provider-youtube wp-block-embed-youtube wp-embed-aspect-16-9 wp-has-aspect-ratio\"><div class=\"wp-block-embed__wrapper\">\n<iframe loading=\"lazy\" title=\"F1 2022: SAINZ HERDA POLE DO GP DA B\u00c9LGICA. VERSTAPPEN \u00c9 MAIS R\u00c1PIDO | Briefing\" width=\"500\" height=\"281\" src=\"https:\/\/www.youtube.com\/embed\/mPjeWXdeiMM?feature=oembed\" frameborder=\"0\" allow=\"accelerometer; autoplay; clipboard-write; encrypted-media; gyroscope; picture-in-picture; web-share\" referrerpolicy=\"strict-origin-when-cross-origin\" allowfullscreen><\/iframe>\n<\/div><\/figure>\n\n\n\n<p class=\"wp-block-paragraph\">E as puni\u00e7\u00f5es por trocas de componentes no motor n\u00e3o param em Spa-Francorchamps: agora foi a vez de Yuki Tsunoda. A AlphaTauri decidiu mudar algumas partes da unidade de pot\u00eancia e, como n\u00e3o teve a aprova\u00e7\u00e3o t\u00e9cnica da FIA (Federa\u00e7\u00e3o Internacional de Automobilismo), o japon\u00eas tamb\u00e9m se junta ao grupo dos punidos para o GP da B\u00e9lgica.<\/p>\n\n\n\n<p class=\"wp-block-paragraph\">Tsunoda havia feito apenas o 19\u00ba tempo <a href=\"https:\/\/www.grandepremio.com\/br\/f1\/noticias\/carlos-sainz-sorri-punicoes-herda-pole-belgica-formula-1-max-verstappen-mais-rapido\/\" class=\"ek-link\">na classifica\u00e7\u00e3o de s\u00e1bado<\/a>, mas largaria em 13\u00ba por causa das san\u00e7\u00f5es aplicadas a Max Verstappen, Charles Leclerc, Esteban Ocon, Lando Norris, Guanyu Zhou e Mick Schumacher, que foram obrigados pelo regulamento a come\u00e7ar a corrida do fundo do grid por terem trocado praticamente toda a unidade de pot\u00eancia al\u00e9m do permitido.<\/p>\n\n\n\n<p class=\"wp-block-paragraph\"><strong>\u25b6\ufe0f\u00a0Inscreva-se nos dois canais do GRANDE PR\u00caMIO no YouTube:\u00a0<a href=\"https:\/\/www.youtube.com\/channel\/UC9OlHEgxoaY6QY6nWPoiqQg?sub_confirmation=1\" target=\"_blank\" rel=\"noreferrer noopener\">GP<\/a>\u00a0|\u00a0<a href=\"https:\/\/www.youtube.com\/channel\/UC9csiS6q_C3C0FYhyr1rnFA?sub_confirmation=1\" target=\"_blank\" rel=\"noreferrer noopener\">GP2<\/a><\/strong><br><strong>\u25b6\ufe0f\u00a0<a href=\"https:\/\/www.twitch.tv\/grandepremio\" target=\"_blank\" rel=\"noreferrer noopener\">Conhe\u00e7a o canal do GRANDE PR\u00caMIO na Twitch clicando aqui!<\/a><\/strong><\/p>\n\n\n\n<figure class=\"wp-block-image size-large\"><img decoding=\"async\" src=\"https:\/\/www.grandepremio.com\/br\/wp-content\/uploads\/2022\/08\/alphatauri-yukitsunoda-02-1-1024x682.jpg\" alt=\"\" class=\"wp-image-606578\"\/><figcaption>Yuki Tsunoda \u00e9 mais um no grupo dos punidos para o GP da B\u00e9lgica (Foto: AlphaTauri)<\/figcaption><\/figure>\n\n\n\n<p class=\"wp-block-paragraph\">Valtteri Bottas tamb\u00e9m est\u00e1 no grupo, mas por ter trocado apenas o motor a combust\u00e3o, o turbo compressor e o MGU-H, virou automaticamente o &#8220;pole-position&#8221; dos penalizados por ter recebido uma san\u00e7\u00e3o com peso menor.<\/p>\n\n\n\n<p class=\"wp-block-paragraph\">Agora, com o #22 fora, todos os punidos ganham uma posi\u00e7\u00e3o para a etapa belga. Valtteri Bottas \u00e9 o 13\u00ba, com Verstappen, alinhando em 14\u00ba, \u00e0 frente de Leclerc. Ocon, Norris, Zhou e Schumacher completam as posi\u00e7\u00f5es at\u00e9 o 19\u00ba posto.<\/p>\n","protected":false},"excerpt":{"rendered":"<p>Yuki Tsunoda foi mais um a tomar puni\u00e7\u00e3o por trocar componentes no motor e vai largar do pit-lane para o GP da B\u00e9lgica. Com isso, de Valtteri Bottas a Mick Schumacher, todos sobem uma posi\u00e7\u00e3o no grid<\/p>\n","protected":false},"author":0,"featured_media":1000606947,"comment_status":"closed","ping_status":"closed","sticky":false,"template":"","format":"standard","meta":{"42wp_featured_image_caption":"","42wp_featured_image_credits":"","42wp_featured_video":"","42wp_featured_image_hidden":false,"42wp_authors_list":[],"footnotes":""},"categories":[2],"tags":[524,209,30595,302,147,1357,24837,24899,2306,3746,547,203,1294,108,3758,612,597],"42wp_author":[47147],"class_list":["post-109483","post","type-post","status-publish","format-standard","has-post-thumbnail","hentry","category-f1","tag-alphatauri","tag-charles-leclerc","tag-classificacao-f1-2022","tag-esteban-ocon","tag-f1","tag-f1-2022","tag-formula-1-2","tag-gp-da-belgica-2","tag-grid-de-largada","tag-guanyu-zhou","tag-lando-norris","tag-max-verstappen","tag-mick-schumacher","tag-spa-francorchamps","tag-troca-de-motor","tag-valtteri-bottas","tag-yuki-tsunoda","42wp_author-luana-marino"],"_links":{"self":[{"href":"https:\/\/grandepremio.com\/br\/wp-json\/wp\/v2\/posts\/109483","targetHints":{"allow":["GET"]}}],"collection":[{"href":"https:\/\/grandepremio.com\/br\/wp-json\/wp\/v2\/posts"}],"about":[{"href":"https:\/\/grandepremio.com\/br\/wp-json\/wp\/v2\/types\/post"}],"replies":[{"embeddable":true,"href":"https:\/\/grandepremio.com\/br\/wp-json\/wp\/v2\/comments?post=109483"}],"version-history":[{"count":0,"href":"https:\/\/grandepremio.com\/br\/wp-json\/wp\/v2\/posts\/109483\/revisions"}],"wp:featuredmedia":[{"embeddable":true,"href":"https:\/\/grandepremio.com\/br\/wp-json\/wp\/v2\/media\/1000606947"}],"wp:attachment":[{"href":"https:\/\/grandepremio.com\/br\/wp-json\/wp\/v2\/media?parent=109483"}],"wp:term":[{"taxonomy":"category","embeddable":true,"href":"https:\/\/grandepremio.com\/br\/wp-json\/wp\/v2\/categories?post=109483"},{"taxonomy":"post_tag","embeddable":true,"href":"https:\/\/grandepremio.com\/br\/wp-json\/wp\/v2\/tags?post=109483"},{"taxonomy":"42wp_author","embeddable":true,"href":"https:\/\/grandepremio.com\/br\/wp-json\/wp\/v2\/42wp_author?post=109483"}],"curies":[{"name":"wp","href":"https:\/\/api.w.org\/{rel}","templated":true}]}}