{"id":109501,"date":"2022-08-27T13:49:32","date_gmt":"2022-08-27T16:49:32","guid":{"rendered":"https:\/\/grandepremio.com\/br\/noticias\/lewis-hamilton-frustra-w13-belgica-admite-nao-vou-ter-saudades-carro\/"},"modified":"2022-08-27T17:11:18","modified_gmt":"2022-08-27T20:11:18","slug":"lewis-hamilton-frustra-w13-belgica-admite-nao-vou-ter-saudades-carro","status":"publish","type":"post","link":"https:\/\/grandepremio.com\/br\/f1\/lewis-hamilton-frustra-w13-belgica-admite-nao-vou-ter-saudades-carro\/","title":{"rendered":"Hamilton se frustra com W13 na B\u00e9lgica e admite: &#8220;N\u00e3o vou ter saudades desse carro&#8221;"},"content":{"rendered":"\n<figure class=\"wp-block-embed is-type-video is-provider-youtube wp-block-embed-youtube wp-embed-aspect-16-9 wp-has-aspect-ratio\"><div class=\"wp-block-embed__wrapper\">\n<iframe loading=\"lazy\" title=\"F1 2022: SAINZ HERDA POLE DO GP DA B\u00c9LGICA. VERSTAPPEN \u00c9 MAIS R\u00c1PIDO | Briefing\" width=\"500\" height=\"281\" src=\"https:\/\/www.youtube.com\/embed\/mPjeWXdeiMM?feature=oembed\" frameborder=\"0\" allow=\"accelerometer; autoplay; clipboard-write; encrypted-media; gyroscope; picture-in-picture; web-share\" referrerpolicy=\"strict-origin-when-cross-origin\" allowfullscreen><\/iframe>\n<\/div><figcaption>TUDO SOBRE A CLASSIFICA\u00c7\u00c3O DO GP DA B\u00c9LGICA DE F1 | Briefing<br><\/figcaption><\/figure>\n\n\n\n<p class=\"wp-block-paragraph\">Das tr\u00eas ponteiras, a Mercedes foi quem mais levou novidades para o GP da B\u00e9lgica. Com as v\u00e1rias puni\u00e7\u00f5es por troca de motor, Lewis Hamilton e George Russell v\u00e3o largar da quarta e quinta posi\u00e7\u00f5es, respectivamente. Contudo, numa compara\u00e7\u00e3o real a Max Verstappen, o mais r\u00e1pido do dia, a diferen\u00e7a \u00e9 grande: mais de 1s8.<\/p>\n\n\n\n<p class=\"wp-block-paragraph\">\u00c9 por isso que o heptacampe\u00e3o mundial sai com um gosto amargo da classifica\u00e7\u00e3o deste s\u00e1bado (27). Ele diz sentir que, por mais que tentem uma evolu\u00e7\u00e3o para o W13, a dist\u00e2ncia para os taurinos ainda \u00e9 algo dif\u00edcil de entender. <\/p>\n\n\n\n<p class=\"wp-block-paragraph\"><strong>\u25b6\ufe0f\u00a0Inscreva-se nos dois canais do GRANDE PR\u00caMIO no YouTube:\u00a0<a href=\"https:\/\/www.youtube.com\/channel\/UC9OlHEgxoaY6QY6nWPoiqQg?sub_confirmation=1\" target=\"_blank\" rel=\"noreferrer noopener\">GP<\/a>\u00a0|\u00a0<a href=\"https:\/\/www.youtube.com\/channel\/UC9csiS6q_C3C0FYhyr1rnFA?sub_confirmation=1\" target=\"_blank\" rel=\"noreferrer noopener\">GP2<\/a><\/strong><br><strong>\u25b6\ufe0f\u00a0<a href=\"https:\/\/www.twitch.tv\/grandepremio\" target=\"_blank\" rel=\"noreferrer noopener\">Conhe\u00e7a o canal do GRANDE PR\u00caMIO na Twitch clicando aqui!<\/a><\/strong><\/p>\n\n\n\n<figure class=\"wp-block-image size-large\"><img decoding=\"async\" src=\"https:\/\/www.grandepremio.com\/br\/wp-content\/uploads\/2022\/08\/mercedes-AFP-lewishamilton-01-1-1024x683.jpg\" alt=\"\" class=\"wp-image-607128\"\/><figcaption>Lewis Hamilton vai largar da quarta posi\u00e7\u00e3o (Foto: AFP)<\/figcaption><\/figure>\n\n\n\n<p class=\"wp-block-paragraph\">&#8220;Todo mundo est\u00e1 trabalhando para melhorias&#8221;, disse\u00a0Hamilton. &#8220;Continuamos a sofrer com esse carro e, definitivamente, n\u00e3o vamos sentir falta dele no final do ano. Para mim, \u00e9 apenas focar em como constru\u00edmos ele para projetarmos o carro do pr\u00f3ximo ano&#8221;, acrescentou.<\/p>\n\n\n\n<p class=\"wp-block-paragraph\">Ap\u00f3s o segundo p\u00f3dio duplo consecutivo da equipe alem\u00e3 na Hungria, Lewis havia sa\u00eddo bastante esperan\u00e7oso. Mas, ap\u00f3s um &#8216;balde de \u00e1gua fria&#8217; na classifica\u00e7\u00e3o, ele volta a dizer que h\u00e1 um longo trabalho para as Flechas de Prata. <\/p>\n\n\n\n<p class=\"wp-block-paragraph\">&#8220;As equipes \u00e0 frente est\u00e3o em outro campeonato e nosso carro parecia muito diferente hoje. Temos muito trabalho a fazer e faremos o melhor que pudermos com o que temos pelo resto da temporada&#8221;, encerrou. <\/p>\n\n\n\n<p class=\"wp-block-paragraph\">O&nbsp;<strong>GRANDE PR\u00caMIO<\/strong>&nbsp;acompanha&nbsp;<a href=\"https:\/\/www.grandepremio.com\/br\/f1\/ao-vivo\"><strong>AO VIVO<\/strong>&nbsp;e&nbsp;<strong>EM&nbsp;<\/strong><\/a><strong><a href=\"https:\/\/www.grandepremio.com\/br\/ao-vivo\/\" target=\"_blank\" rel=\"noreferrer noopener\">TEMPO REAL<\/a><\/strong>&nbsp;todas as atividades do GP da B\u00e9lgica de&nbsp;<a href=\"https:\/\/www.grandepremio.com\/formula-1\/\" target=\"_blank\" rel=\"noreferrer noopener\">F\u00f3rmula 1<\/a>. No domingo, a largada est\u00e1 marcada para as 10h [de Bras\u00edlia, GMT-3].<\/p>\n","protected":false},"excerpt":{"rendered":"<p>O ritmo de Max Verstappen foi notado por todos do grid, \u00e9 verdade. E foi por isso que Lewis Hamilton reiterou, mais uma vez, que a Mercedes tem muito trabalho a fazer com o W13<\/p>\n","protected":false},"author":0,"featured_media":1000607141,"comment_status":"closed","ping_status":"closed","sticky":false,"template":"","format":"standard","meta":{"42wp_featured_image_caption":"","42wp_featured_image_credits":"","42wp_featured_video":"","42wp_featured_image_hidden":false,"42wp_authors_list":[],"footnotes":""},"categories":[2],"tags":[147,1357,24837,31064,32142,26062,24836,28285],"42wp_author":[47139],"class_list":["post-109501","post","type-post","status-publish","format-standard","has-post-thumbnail","hentry","category-f1","tag-f1","tag-f1-2022","tag-formula-1-2","tag-formula-1-2022-3","tag-gp-da-belgica-2022","tag-gp-da-belgica-de-f1","tag-grande-premio-2","tag-grandepremio","42wp_author-ana-cerveira"],"_links":{"self":[{"href":"https:\/\/grandepremio.com\/br\/wp-json\/wp\/v2\/posts\/109501","targetHints":{"allow":["GET"]}}],"collection":[{"href":"https:\/\/grandepremio.com\/br\/wp-json\/wp\/v2\/posts"}],"about":[{"href":"https:\/\/grandepremio.com\/br\/wp-json\/wp\/v2\/types\/post"}],"replies":[{"embeddable":true,"href":"https:\/\/grandepremio.com\/br\/wp-json\/wp\/v2\/comments?post=109501"}],"version-history":[{"count":0,"href":"https:\/\/grandepremio.com\/br\/wp-json\/wp\/v2\/posts\/109501\/revisions"}],"wp:featuredmedia":[{"embeddable":true,"href":"https:\/\/grandepremio.com\/br\/wp-json\/wp\/v2\/media\/1000607141"}],"wp:attachment":[{"href":"https:\/\/grandepremio.com\/br\/wp-json\/wp\/v2\/media?parent=109501"}],"wp:term":[{"taxonomy":"category","embeddable":true,"href":"https:\/\/grandepremio.com\/br\/wp-json\/wp\/v2\/categories?post=109501"},{"taxonomy":"post_tag","embeddable":true,"href":"https:\/\/grandepremio.com\/br\/wp-json\/wp\/v2\/tags?post=109501"},{"taxonomy":"42wp_author","embeddable":true,"href":"https:\/\/grandepremio.com\/br\/wp-json\/wp\/v2\/42wp_author?post=109501"}],"curies":[{"name":"wp","href":"https:\/\/api.w.org\/{rel}","templated":true}]}}