{"id":109515,"date":"2022-08-27T10:21:58","date_gmt":"2022-08-27T13:21:58","guid":{"rendered":"https:\/\/grandepremio.com\/br\/noticias\/alpine-esperar-dois-anos-avaliar-arrependimento-saida-fernando-alonso\/"},"modified":"2022-08-27T10:23:41","modified_gmt":"2022-08-27T13:23:41","slug":"alpine-esperar-dois-anos-avaliar-arrependimento-saida-fernando-alonso","status":"publish","type":"post","link":"https:\/\/grandepremio.com\/br\/f1\/alpine-esperar-dois-anos-avaliar-arrependimento-saida-fernando-alonso\/","title":{"rendered":"Alpine &#8220;vai ter que esperar 2 anos&#8221; para avaliar arrependimento com sa\u00edda de Alonso"},"content":{"rendered":"\n<figure class=\"wp-block-embed is-type-video is-provider-youtube wp-block-embed-youtube wp-embed-aspect-16-9 wp-has-aspect-ratio\"><div class=\"wp-block-embed__wrapper\">\n<iframe loading=\"lazy\" title=\"F1 2022: SAINZ HERDA POLE DO GP DA B\u00c9LGICA. VERSTAPPEN \u00c9 MAIS R\u00c1PIDO | Briefing\" width=\"500\" height=\"281\" src=\"https:\/\/www.youtube.com\/embed\/mPjeWXdeiMM?feature=oembed\" frameborder=\"0\" allow=\"accelerometer; autoplay; clipboard-write; encrypted-media; gyroscope; picture-in-picture; web-share\" referrerpolicy=\"strict-origin-when-cross-origin\" allowfullscreen><\/iframe>\n<\/div><figcaption>F1 2022 AO VIVO: CLASSIFICA\u00c7\u00c3O GP DA B\u00c9LGICA DE F\u00d3RMULA 1 | Briefing<\/figcaption><\/figure>\n\n\n\n<p class=\"wp-block-paragraph\">Otmar Szafnauer voltou a falar das negocia\u00e7\u00f5es entre Alpine e Fernando Alonso neste s\u00e1bado (27), em coletiva de imprensa. O chefe da equipe francesa revelou que passou a participar da tentativa de acordo entre as partes a partir do GP da Fran\u00e7a e, al\u00e9m disso, negou que exista sentimento interno de arrependimento pelo fracasso na tentativa de convencer o bicampe\u00e3o mundial a permanecer no time \u2014 o espanhol acabou acertando com a Aston Martin para 2023.<\/p>\n\n\n\n<p class=\"wp-block-paragraph\">&#8220;As negocia\u00e7\u00f5es com Fernando come\u00e7aram antes de eu me juntar ao time. Todos n\u00f3s est\u00e1vamos cientes de que seu contrato estava chegando ao fim, e ele come\u00e7ou a indicar de que gostaria de permanecer na F\u00f3rmula 1 e na equipe. No fim, acabei me envolvendo muito \u2014 a partir de Paul Ricard&#8221;, revelou Szafnauer.<\/p>\n\n\n\n<p class=\"wp-block-paragraph\"><strong>\u25b6\ufe0f\u00a0Inscreva-se nos dois canais do GRANDE PR\u00caMIO no YouTube:\u00a0<a href=\"https:\/\/www.youtube.com\/channel\/UC9OlHEgxoaY6QY6nWPoiqQg?sub_confirmation=1\" target=\"_blank\" rel=\"noreferrer noopener\">GP<\/a>\u00a0|\u00a0<a href=\"https:\/\/www.youtube.com\/channel\/UC9csiS6q_C3C0FYhyr1rnFA?sub_confirmation=1\" target=\"_blank\" rel=\"noreferrer noopener\">GP2<\/a><\/strong><br><strong>\u25b6\ufe0f\u00a0<a href=\"https:\/\/www.twitch.tv\/grandepremio\" target=\"_blank\" rel=\"noreferrer noopener\">Conhe\u00e7a o canal do GRANDE PR\u00caMIO na Twitch clicando aqui!<\/a><\/strong><\/p>\n\n\n\n<p class=\"wp-block-paragraph\">&#8220;Tenho certeza que, em qualquer situa\u00e7\u00e3o, li\u00e7\u00f5es s\u00e3o aprendidas. Arrependimentos? Vamos ter que ver daqui dois anos e analisar o que ir\u00e1 acontecer. Com Fernando, como eu disse antes, ele era um agente livre, todos n\u00f3s sab\u00edamos disso. Colocamos um contrato bom para n\u00f3s, para ele assinar. E como eu disse, um acordo tem que ser bom para as duas partes \u2014 ent\u00e3o se voc\u00ea n\u00e3o est\u00e1 feliz com os termos, n\u00e3o deve assin\u00e1-lo, porque n\u00e3o seria bom para voc\u00ea. N\u00e3o existem arrependimentos e boa sorte para Fernando. Ele conseguiu o que quer que seja importante para ele, n\u00e3o sei exatamente o que \u00e9. Talvez seja (a dura\u00e7\u00e3o do contrato), mas ele obviamente encontrou um melhor neg\u00f3cio e tudo bem&#8221;, completou.<\/p>\n\n\n\n<p class=\"wp-block-paragraph\">O chefe da Alpine tamb\u00e9m justificou por que Alonso <a href=\"https:\/\/www.grandepremio.com\/br\/f1\/noticias\/fernando-alonso-revela-avisou-todos-menos-otmar-szafnauer-sobre-saida-alpine\/\" class=\"ek-link\">avisou todo mundo, menos o pr\u00f3prio Szafnauer sobre sua sa\u00edda<\/a> da equipe francesa.<\/p>\n\n\n\n<figure class=\"wp-block-image size-full\"><img decoding=\"async\" src=\"https:\/\/www.grandepremio.com\/br\/wp-content\/uploads\/2022\/05\/szafnauer.jpg\" alt=\"\" class=\"wp-image-568722\"\/><figcaption>Szafnauer n\u00e3o foi avisado por Alonso sobre ida para a Aston Martin (Foto: F1)<\/figcaption><\/figure>\n\n\n\n<p class=\"wp-block-paragraph\">&#8220;Havia um rumor de que isso (sa\u00edda para Aston Martin) poderia acontecer, ent\u00e3o n\u00e3o foi uma surpresa muito grande. A parte surpreendente foi que negociamos muito com Fernando, de boa f\u00e9. Chegamos \u00e0 rodada final de negocia\u00e7\u00f5es e ele indicou que estava pronto para assinar. No fim das contas, tamb\u00e9m estava negociando com outros, o que n\u00f3s sab\u00edamos. Ele era um agente livre e estava mais do que no direito de fazer isso. O surpreendente foi o an\u00fancio ter sido feito na segunda-feira de manh\u00e3, quando no domingo \u00e0 noite ele indicou para n\u00f3s que n\u00e3o havia pressa nenhuma&#8221;, afirmou.<\/p>\n\n\n\n<p class=\"wp-block-paragraph\">&#8220;Pelo que entendi, o an\u00fancio foi feito 9 da manh\u00e3 da segunda-feira. Acho que 8h30, 8h45, ele ligou para Luca (de Meo, presidente do Grupo Renault) e Laurent (Rossi, CEO da Alpine). Com somente 15 minutos de anteced\u00eancia, \u00e9 dif\u00edcil ligar para tr\u00eas pessoas. Ent\u00e3o o an\u00fancio aconteceu antes que ele pudesse me ligar, mas definitivamente ele (Alonso) n\u00e3o nos deixou ciente no domingo \u00e0 noite&#8221;, finalizou Szafnauer.<\/p>\n\n\n\n<p class=\"wp-block-paragraph\">O\u00a0<strong>GRANDE PR\u00caMIO<\/strong>\u00a0acompanha\u00a0<strong>AO VIVO<\/strong>\u00a0e\u00a0<strong>EM\u00a0TEMPO REAL<\/strong>\u00a0todas as atividades do GP da B\u00e9lgica de\u00a0F\u00f3rmula 1. A classifica\u00e7\u00e3o est\u00e1 marcada para logo mais, \u00e0s 11h [de Bras\u00edlia, GMT-3].<\/p>\n\n\n\n<figure class=\"wp-block-embed is-type-rich is-provider-spotify wp-block-embed-spotify wp-embed-aspect-21-9 wp-has-aspect-ratio\"><div class=\"wp-block-embed__wrapper\">\n<iframe title=\"Spotify Embed: Paddockast #162: F1 de volta! O que de melhor - e pior - aconteceu na 1\u00aa metade de 2022\" style=\"border-radius: 12px\" width=\"100%\" height=\"152\" frameborder=\"0\" allowfullscreen allow=\"autoplay; clipboard-write; encrypted-media; fullscreen; picture-in-picture\" loading=\"lazy\" src=\"https:\/\/open.spotify.com\/embed\/episode\/3vXg2gVnyqSB3ee9cspgiM?utm_source=oembed\"><\/iframe>\n<\/div><\/figure>\n","protected":false},"excerpt":{"rendered":"<p>Chefe da equipe francesa, Otmar Szafnauer afastou cen\u00e1rio de arrependimento imediato com sa\u00edda do bicampe\u00e3o mundial para a Aston Martin \u2014 mas n\u00e3o negou que ser\u00e1 necess\u00e1rio esperar para saber se esta foi a decis\u00e3o certa ou n\u00e3o<\/p>\n","protected":false},"author":0,"featured_media":1000606480,"comment_status":"closed","ping_status":"closed","sticky":false,"template":"","format":"standard","meta":{"42wp_featured_image_caption":"","42wp_featured_image_credits":"","42wp_featured_video":"","42wp_featured_image_hidden":false,"42wp_authors_list":[],"footnotes":""},"categories":[2],"tags":[20491,309,147,1357,176,24837,31064,24836,28285,477],"42wp_author":[47143],"class_list":["post-109515","post","type-post","status-publish","format-standard","has-post-thumbnail","hentry","category-f1","tag-alpine","tag-aston-martin","tag-f1","tag-f1-2022","tag-fernando-alonso","tag-formula-1-2","tag-formula-1-2022-3","tag-grande-premio-2","tag-grandepremio","tag-otmar-szafnauer","42wp_author-felipe-leite"],"_links":{"self":[{"href":"https:\/\/grandepremio.com\/br\/wp-json\/wp\/v2\/posts\/109515","targetHints":{"allow":["GET"]}}],"collection":[{"href":"https:\/\/grandepremio.com\/br\/wp-json\/wp\/v2\/posts"}],"about":[{"href":"https:\/\/grandepremio.com\/br\/wp-json\/wp\/v2\/types\/post"}],"replies":[{"embeddable":true,"href":"https:\/\/grandepremio.com\/br\/wp-json\/wp\/v2\/comments?post=109515"}],"version-history":[{"count":0,"href":"https:\/\/grandepremio.com\/br\/wp-json\/wp\/v2\/posts\/109515\/revisions"}],"wp:featuredmedia":[{"embeddable":true,"href":"https:\/\/grandepremio.com\/br\/wp-json\/wp\/v2\/media\/1000606480"}],"wp:attachment":[{"href":"https:\/\/grandepremio.com\/br\/wp-json\/wp\/v2\/media?parent=109515"}],"wp:term":[{"taxonomy":"category","embeddable":true,"href":"https:\/\/grandepremio.com\/br\/wp-json\/wp\/v2\/categories?post=109515"},{"taxonomy":"post_tag","embeddable":true,"href":"https:\/\/grandepremio.com\/br\/wp-json\/wp\/v2\/tags?post=109515"},{"taxonomy":"42wp_author","embeddable":true,"href":"https:\/\/grandepremio.com\/br\/wp-json\/wp\/v2\/42wp_author?post=109515"}],"curies":[{"name":"wp","href":"https:\/\/api.w.org\/{rel}","templated":true}]}}