{"id":109532,"date":"2022-08-26T15:50:24","date_gmt":"2022-08-26T18:50:24","guid":{"rendered":"https:\/\/grandepremio.com\/br\/noticias\/mercedes-reconhece-oportunidade-clara-punicoes-pede-mais-ritmo-belgica\/"},"modified":"2022-08-26T15:56:43","modified_gmt":"2022-08-26T18:56:43","slug":"mercedes-reconhece-oportunidade-clara-punicoes-pede-mais-ritmo-belgica","status":"publish","type":"post","link":"https:\/\/grandepremio.com\/br\/f1\/mercedes-reconhece-oportunidade-clara-punicoes-pede-mais-ritmo-belgica\/","title":{"rendered":"Mercedes reconhece &#8220;oportunidade clara&#8221; com puni\u00e7\u00f5es, mas pede &#8220;mais ritmo&#8221; na B\u00e9lgica"},"content":{"rendered":"\n<figure class=\"wp-block-embed is-type-video is-provider-youtube wp-block-embed-youtube wp-embed-aspect-16-9 wp-has-aspect-ratio\"><div class=\"wp-block-embed__wrapper\">\n<iframe loading=\"lazy\" title=\"F1 2022: VERSTAPPEN N\u00c3O D\u00c1 CHANCES PARA FERRARI E LIDERA TREINOS NA B\u00c9LGICA  | Briefing\" width=\"500\" height=\"281\" src=\"https:\/\/www.youtube.com\/embed\/en4wdG1nvlc?feature=oembed\" frameborder=\"0\" allow=\"accelerometer; autoplay; clipboard-write; encrypted-media; gyroscope; picture-in-picture; web-share\" referrerpolicy=\"strict-origin-when-cross-origin\" allowfullscreen><\/iframe>\n<\/div><figcaption>F1 2022 AO VIVO: VERSTAPPEN SOBRA CONTRA FERRARI E LIDERA TREINOS LIVRES NA B\u00c9LGICA | Briefing<\/figcaption><\/figure>\n\n\n\n<p class=\"wp-block-paragraph\">Max Verstappen e Charles Leclerc <a href=\"https:\/\/www.grandepremio.com\/br\/f1\/noticias\/charles-leclerc-max-verstappen-trocam-motor-largam-fundogrid-gp-belgica\/\" class=\"ek-link\">ir\u00e3o largar do fundo do grid<\/a> no GP da B\u00e9lgica. Assim sendo, as chances da Mercedes \u2014 que aumentou o pr\u00f3prio n\u00edvel de performance na F1 2022 \u2014 aumentam consideravelmente. E a equipe alem\u00e3 sabe disso.<\/p>\n\n\n\n<p class=\"wp-block-paragraph\">O diretor de engenharia de pista, Andrew Shovlin, reconhece a oportunidade de ouro para a Mercedes conquistar sua primeira vit\u00f3ria na temporada atual da F\u00f3rmula 1. No entanto, Shovlin frisou que, para isso acontecer, \u00e9 necess\u00e1rio muito trabalho do time em Spa-Francorchamps.<\/p>\n\n\n\n<p class=\"wp-block-paragraph\"><strong>\u25b6\ufe0f\u00a0Inscreva-se nos dois canais do GRANDE PR\u00caMIO no YouTube:\u00a0<a href=\"https:\/\/www.youtube.com\/channel\/UC9OlHEgxoaY6QY6nWPoiqQg?sub_confirmation=1\" target=\"_blank\" rel=\"noreferrer noopener\">GP<\/a>\u00a0|\u00a0<a href=\"https:\/\/www.youtube.com\/channel\/UC9csiS6q_C3C0FYhyr1rnFA?sub_confirmation=1\" target=\"_blank\" rel=\"noreferrer noopener\">GP2<\/a><\/strong><br><strong>\u25b6\ufe0f\u00a0<a href=\"https:\/\/www.twitch.tv\/grandepremio\" target=\"_blank\" rel=\"noreferrer noopener\">Conhe\u00e7a o canal do GRANDE PR\u00caMIO na Twitch clicando aqui!<\/a><\/strong><\/p>\n\n\n\n<figure class=\"wp-block-image size-large\"><img decoding=\"async\" src=\"https:\/\/www.grandepremio.com\/br\/wp-content\/uploads\/2022\/08\/mercedes-afp-georgerussell-01-1024x683.jpg\" alt=\"\" class=\"wp-image-606482\"\/><figcaption>George Russell (Foto: AFP)<\/figcaption><\/figure>\n\n\n\n<p class=\"wp-block-paragraph\">&#8220;N\u00e3o conseguimos aprender muito nos longos <em>stints<\/em> na pista, devido \u00e0s condi\u00e7\u00f5es. Colocamos os pneus duros na segunda sess\u00e3o, o que foi particularmente dif\u00edcil. Mas os compostos m\u00e9dios foram razoavelmente bem no TL1. Existe claramente uma oportunidade com o n\u00famero de carros que ser\u00e3o punidos, mas ainda precisamos encontrar ritmo se quisermos aproveitar isso&#8221;, analisou o dirigente.<\/p>\n\n\n\n<p class=\"wp-block-paragraph\">&#8220;Um dia agitado, com um pouco de chuva e a bandeira vermelha &#8211; mas conseguimos analisar os principais problemas para trabalharmos \u00e0 noite. Nossa performance de uma volta claramente precisa de alguma aten\u00e7\u00e3o. Nenhum dos dois pilotos se sentiu confort\u00e1vel com o pneu macio e provavelmente n\u00e3o estamos conseguindo coloc\u00e1-lo na janela certa&#8221;, pontuou adicionalmente Shovlin.<\/p>\n\n\n\n<figure class=\"wp-block-image size-full\"><img decoding=\"async\" src=\"https:\/\/www.grandepremio.com\/br\/wp-content\/uploads\/2022\/08\/mercedes-lewishamilton-02.jpg\" alt=\"\" class=\"wp-image-606484\"\/><figcaption>Lewis Hamilton (Foto: AFP)<\/figcaption><\/figure>\n\n\n\n<p class=\"wp-block-paragraph\">O\u00a0<strong>GRANDE PR\u00caMIO<\/strong>\u00a0acompanha\u00a0<a href=\"https:\/\/www.grandepremio.com\/br\/f1\/ao-vivo\"><strong>AO VIVO<\/strong>\u00a0e\u00a0<strong>EM\u00a0<\/strong><\/a><strong><a href=\"https:\/\/www.grandepremio.com\/br\/ao-vivo\/\" target=\"_blank\" rel=\"noreferrer noopener\">TEMPO REAL<\/a><\/strong>\u00a0todas as atividades do GP da B\u00e9lgica de\u00a0F\u00f3rmula 1. No s\u00e1bado, o terceiro treino livre est\u00e1 marcado para as 8h (de Bras\u00edlia, GMT-3). Mais tarde, a classifica\u00e7\u00e3o come\u00e7a \u00e0s 11h.<\/p>\n\n\n\n<figure class=\"wp-block-embed is-type-video is-provider-youtube wp-block-embed-youtube wp-embed-aspect-16-9 wp-has-aspect-ratio\"><div class=\"wp-block-embed__wrapper\">\n<iframe loading=\"lazy\" title=\"F1 DE VOLTA! O QUE DE MELHOR - E PIOR - ACONTECEU NA 1\u00aa METADE DE 2022 | PADDOCKAST #162\" width=\"500\" height=\"281\" src=\"https:\/\/www.youtube.com\/embed\/CyssJTEfKzo?feature=oembed\" frameborder=\"0\" allow=\"accelerometer; autoplay; clipboard-write; encrypted-media; gyroscope; picture-in-picture; web-share\" referrerpolicy=\"strict-origin-when-cross-origin\" allowfullscreen><\/iframe>\n<\/div><figcaption>F1 DE VOLTA! O QUE DE MELHOR &#8211; E PIOR &#8211; ACONTECEU NA 1\u00aa METADE DE 2022 | PADDOCKAST\u00a0<a href=\"https:\/\/www.youtube.com\/hashtag\/162\">#162<\/a><\/figcaption><\/figure>\n","protected":false},"excerpt":{"rendered":"<p>Max Verstappen e Charles Leclerc trocaram componentes do motor e v\u00e3o largar do fundo do grid, o que abre espa\u00e7o para a Mercedes conquistar sua primeira vit\u00f3ria em 2022. Mas, para isso acontecer, o diretor de engenharia de pista da equipe alem\u00e3, Andrew Shovlin, clamou por um aumento substancial de desempenho em Spa-Francorchamps <\/p>\n","protected":false},"author":0,"featured_media":1000606594,"comment_status":"closed","ping_status":"closed","sticky":false,"template":"","format":"standard","meta":{"42wp_featured_image_caption":"","42wp_featured_image_credits":"","42wp_featured_video":"","42wp_featured_image_hidden":false,"42wp_authors_list":[],"footnotes":""},"categories":[2],"tags":[5157,25062,147,1357,24837,31064,32142,24836,28285,82,108],"42wp_author":[47143],"class_list":["post-109532","post","type-post","status-publish","format-standard","has-post-thumbnail","hentry","category-f1","tag-andrew-shovlin","tag-belgica","tag-f1","tag-f1-2022","tag-formula-1-2","tag-formula-1-2022-3","tag-gp-da-belgica-2022","tag-grande-premio-2","tag-grandepremio","tag-mercedes","tag-spa-francorchamps","42wp_author-felipe-leite"],"_links":{"self":[{"href":"https:\/\/grandepremio.com\/br\/wp-json\/wp\/v2\/posts\/109532","targetHints":{"allow":["GET"]}}],"collection":[{"href":"https:\/\/grandepremio.com\/br\/wp-json\/wp\/v2\/posts"}],"about":[{"href":"https:\/\/grandepremio.com\/br\/wp-json\/wp\/v2\/types\/post"}],"replies":[{"embeddable":true,"href":"https:\/\/grandepremio.com\/br\/wp-json\/wp\/v2\/comments?post=109532"}],"version-history":[{"count":0,"href":"https:\/\/grandepremio.com\/br\/wp-json\/wp\/v2\/posts\/109532\/revisions"}],"wp:featuredmedia":[{"embeddable":true,"href":"https:\/\/grandepremio.com\/br\/wp-json\/wp\/v2\/media\/1000606594"}],"wp:attachment":[{"href":"https:\/\/grandepremio.com\/br\/wp-json\/wp\/v2\/media?parent=109532"}],"wp:term":[{"taxonomy":"category","embeddable":true,"href":"https:\/\/grandepremio.com\/br\/wp-json\/wp\/v2\/categories?post=109532"},{"taxonomy":"post_tag","embeddable":true,"href":"https:\/\/grandepremio.com\/br\/wp-json\/wp\/v2\/tags?post=109532"},{"taxonomy":"42wp_author","embeddable":true,"href":"https:\/\/grandepremio.com\/br\/wp-json\/wp\/v2\/42wp_author?post=109532"}],"curies":[{"name":"wp","href":"https:\/\/api.w.org\/{rel}","templated":true}]}}