{"id":109543,"date":"2022-08-26T13:13:16","date_gmt":"2022-08-26T16:13:16","guid":{"rendered":"https:\/\/grandepremio.com\/br\/noticias\/ducati-decreta-vitoria-duelo-jorge-martin-sobe-enea-bastianini-equipe-a-2023\/"},"modified":"2022-08-26T16:28:02","modified_gmt":"2022-08-26T19:28:02","slug":"ducati-decreta-vitoria-duelo-jorge-martin-sobe-enea-bastianini-equipe-a-2023","status":"publish","type":"post","link":"https:\/\/grandepremio.com\/br\/motogp\/ducati-decreta-vitoria-duelo-jorge-martin-sobe-enea-bastianini-equipe-a-2023\/","title":{"rendered":"Ducati decreta vit\u00f3ria em duelo com Mart\u00edn e sobe Bastianini para equipe &#8216;A&#8217; em 2023"},"content":{"rendered":"\n<figure class=\"wp-block-embed is-type-video is-provider-youtube wp-block-embed-youtube wp-embed-aspect-16-9 wp-has-aspect-ratio\"><div class=\"wp-block-embed__wrapper\">\n<iframe loading=\"lazy\" title=\"MOTOGP PRECISA DE CORRIDA SPRINT OU \u00c9 BARCO FURADO?\" width=\"500\" height=\"281\" src=\"https:\/\/www.youtube.com\/embed\/sVXl4PiADQ4?feature=oembed\" frameborder=\"0\" allow=\"accelerometer; autoplay; clipboard-write; encrypted-media; gyroscope; picture-in-picture; web-share\" referrerpolicy=\"strict-origin-when-cross-origin\" allowfullscreen><\/iframe>\n<\/div><figcaption>MOTOGP PRECISA DE CORRIDA SPRINT OU \u00c9 BARCO FURADO?<\/figcaption><\/figure>\n\n\n\n<p class=\"wp-block-paragraph\">Vem a\u00ed uma equipe 100% italiana! A Ducati respeitou o resultado de pista e escolheu Enea Bastianini como companheiro de Francesco Bagnaia na equipe de f\u00e1brica a partir da temporada 2023 da MotoGP. Assim, Jorge Mart\u00edn segue na Pramac ao lado de Johann Zarco.<\/p>\n\n\n\n<p class=\"wp-block-paragraph\">Originalmente, o espanhol era o mais forte candidato para a sucess\u00e3o de Jack Miller na equipe oficial, mas, desde o fim do ano passado, o italiano foi ganhando terreno no cora\u00e7\u00e3o de Borgo Panigale. O crescimento decisivo, contudo, veio neste ano. Correndo pelo Gresini e com a moto do ano passado, Enea conquistou tr\u00eas vit\u00f3rias e entrou de vez no radar.<\/p>\n\n\n\n<p class=\"wp-block-paragraph\"><strong>WEB STORY<\/strong><br>\ud83d\udd01 <strong><a href=\"https:\/\/www.grandepremio.com\/br\/web-stories\/motogp\/como-grid-motogp-tomando-forma-2023\/\">Como est\u00e1 o grid da MotoGP para a temporada 2023?<\/a><\/strong><\/p>\n\n\n\n<figure class=\"wp-block-image size-large\"><img decoding=\"async\" src=\"https:\/\/pbs.twimg.com\/media\/FbGSorOXgAA4RV9?format=jpg&amp;name=4096x4096\" alt=\"\"\/><figcaption>Enea Bastianini ser\u00e1 titular da Ducati em 2023 (Foto: Ducati)<\/figcaption><\/figure>\n\n\n\n<p class=\"wp-block-paragraph\"><strong>\u25b6\ufe0f&nbsp;Inscreva-se nos dois canais do GRANDE PR\u00caMIO no YouTube:&nbsp;<a href=\"https:\/\/www.youtube.com\/channel\/UC9OlHEgxoaY6QY6nWPoiqQg?sub_confirmation=1\" target=\"_blank\" rel=\"noreferrer noopener\">GP<\/a>&nbsp;|&nbsp;<a href=\"https:\/\/www.youtube.com\/channel\/UC9csiS6q_C3C0FYhyr1rnFA?sub_confirmation=1\" target=\"_blank\" rel=\"noreferrer noopener\">GP2<\/a><\/strong><\/p>\n\n\n\n<p class=\"wp-block-paragraph\">A Ducati chegou at\u00e9 mesmo a protelar a escolha, adiando a decis\u00e3o para depois do GP da \u00c1ustria, dando mais duas corridas para Mart\u00edn e Bastianini disputarem a vaga, j\u00e1 que considerava que os dois n\u00e3o tinham tido as mesmas chances \u2014  a GP22 de Jorge demorou a ser acertada e ele tamb\u00e9m correu parte do ano lesionado \u2014 mas, mais uma vez, o italiano conseguiu fazer frente ao rival.<\/p>\n\n\n\n<p class=\"wp-block-paragraph\">A decis\u00e3o da Ducati foi comunicada pelas redes sociais. De acordo com o jornalista Simon Patterson, do site The Race, os executivos se reuniram nesta sexta-feira para fazer a escolha e, pela forma como as coisas aconteceram, a impress\u00e3o que fica \u00e9 que ningu\u00e9m se segurou para fazer o an\u00fancio oficial.<\/p>\n\n\n\n<p class=\"wp-block-paragraph\">Cerca de 1h antes de anunciar no Twitter a chegada de Bastianini, a Ducati postou um emoji de ampulheta na mesma rede social. Depois, uma arte anunciava a vit\u00f3ria do italiano. No entanto, tardou a chegar o comunicado que anunciava oficialmente a escolha do piloto, como \u00e9 comum neste tipo de ocasi\u00e3o.<\/p>\n\n\n\n<p class=\"wp-block-paragraph\">Pelas redes sociais, Bastianini fez o primeiro pronunciamento ap\u00f3s o an\u00fancio como escolhido da Ducati. O italiano se disse feliz por vestir o vermelho da equipe oficial e agradeceu a Gresini pelo qu definiu como um 2022 &#8220;bel\u00edssimo&#8221;.<\/p>\n\n\n\n<p class=\"wp-block-paragraph\">\u201cEstou verdadeiramente muito feliz por poder vestir as cores da esquadra oficial da Ducati a partir do pr\u00f3ximo ano\u201d, escreveu Enea. \u201cEra o meu sonho e agora se tornou realidade\u201d, seguiu.<\/p>\n\n\n\n<p class=\"wp-block-paragraph\">\u201cNestes dois anos na MotoGP, aprendi e cresci muito e creio que, junto com os engenheiros e integrantes da Ducati Lenovo Team, s\u00f3 poderei melhorar!\u201d, avaliou. \u201cAgrade\u00e7o Claudio [Domenicali, diretor-executivo da Ducati], Gigi [Dall\u2019Igna, chefe da Ducati Corse], Paolo [Ciabatti, diretor-esportivo] e Davide [Tardozzi, chefe] pela confian\u00e7a em mim e por terem me dado essa oportunidade incr\u00edvel. Mas tamb\u00e9m quero agradecer Nadia [Padonavi, propriet\u00e1ria e chefe da Gresini] e toda a equipe Gresini pelo grande apoio que me deram em toda essa bel\u00edssima temporada. Vou tratar de fechar esse 2022 do melhor modo poss\u00edvel antes de encarar com o m\u00e1ximo empenho a minha nova aventura como piloto oficial da Ducati\u201d, encerrou.<\/p>\n\n\n\n<p class=\"wp-block-paragraph\">Quando o comunicado \u00e0 imprensa, enfim, chegou, a Ducati confirmou um contrato de dois anos com o piloto de 24 anos.<\/p>\n\n\n\n<p class=\"wp-block-paragraph\">\u201cEstamos encantados em ter Bastianini na equipe de f\u00e1brica. Enea \u00e9 um piloto muito talentoso, que amadureceu muito nos \u00faltimos dois anos com a Ducati\u201d, disse Gigi Dall\u2019Igna, chefe da Ducati Corse. \u201cEle conseguiu crescer muito rapidamente, conquistando dois p\u00f3dios no amo de estreia na MotoGP e a\u00ed tr\u00eas deslumbrantes vit\u00f3rias com a Gresini neste ano no Catar, nos Estados Unidos e na Fran\u00e7a\u201d, recordou.<\/p>\n\n\n\n<p class=\"wp-block-paragraph\">\u201cEstamos convencidos de que no pr\u00f3ximo ano, como piloto oficial da Ducati, ele poder\u00e1 dar outro passo \u00e0 frente e estar entre os protagonistas em todas as corridas\u201d, apostou.<\/p>\n\n\n\n<p class=\"wp-block-paragraph\">Gigi, por\u00e9m, destacou que a escolha n\u00e3o foi f\u00e1cil, j\u00e1 que Mart\u00edn tamb\u00e9m \u00e9 muito talentoso. Mas, como a Ducati fez outras vezes, assegurou que o espanhol ter\u00e1 acesso ao mesmo material.<\/p>\n\n\n\n<p class=\"wp-block-paragraph\">\u201cN\u00e3o foi uma escolha f\u00e1cil. Enea e Jorge Mart\u00edn s\u00e3o dois pilotos r\u00e1pidos e jovens, e \u00e9 precisamente por isso que estamos garantindo o mesmo material e apoio t\u00e9cnico aos dois\u201d, sublinhou. \u201cTemos certeza de que eles poder\u00e3o mostrar o grande talento deles na pista\u201d, encerrou.<\/p>\n\n\n\n<p class=\"wp-block-paragraph\">A Gresini tamb\u00e9m usou do Instagram para parabenizar o piloto pela conquista. Com uma foto em que Enea passa diante dos boxes do time de f\u00e1brica, a equipe fundada por Fausto Gresini escreveu: \u201cHoje e amanh\u00e3 em uma \u00fanica foto!\u201d<\/p>\n\n\n\n<p class=\"wp-block-paragraph\">\u201cEnea, vai vestir vermelho no pr\u00f3ximo ano e n\u00e3o poder\u00edamos esta mais felizes por voc\u00ea\u201d, declarou. \u201c\u00c9 uma grande conquista tamb\u00e9m para a equipe Gresini. Bravo a todos\u201d, completou o time, que ter\u00e1 \u00c1lex M\u00e1rquez ao lado de Fabio Di Giannantonio no pr\u00f3ximo ano.<\/p>\n\n\n\n<p class=\"wp-block-paragraph\">A MotoGP volta \u00e0s pistas no pr\u00f3ximo dia 4 de setembro para o <a href=\"https:\/\/www.grandepremio.com\/br\/etapa\/motogp\/gp-san-marino-riviera-rimini-motogp-2022\/\" target=\"_blank\" rel=\"noreferrer noopener\">GP de San Marino e da Riviera de Rimini<\/a>, em Misano. O&nbsp;<strong>GRANDE PR\u00caMIO<\/strong>&nbsp;acompanha todas as atividades&nbsp;do Mundial de&nbsp;<a href=\"https:\/\/www.grandepremio.com\/motovelocidade\/\" target=\"_blank\" rel=\"noreferrer noopener\">Motovelocidade<\/a>&nbsp;2022.<\/p>\n\n\n\n<p class=\"wp-block-paragraph\"><strong>LEIA TAMB\u00c9M<\/strong><br># <strong><a href=\"https:\/\/www.grandepremio.com\/br\/motogp\/noticias\/marc-marquez-presente-aumenta-pressao-honda-pode-ate-impactar-pilotos\/\">Marc M\u00e1rquez se faz presente e aumenta press\u00e3o na <\/a><a href=\"https:\/\/www.grandepremio.com\/br\/equipe\/motogp\/2021\/repsol-honda-team\/\" target=\"_blank\" rel=\"noreferrer noopener\">Honda<\/a><a href=\"https:\/\/www.grandepremio.com\/br\/motogp\/noticias\/marc-marquez-presente-aumenta-pressao-honda-pode-ate-impactar-pilotos\/\">. E pode at\u00e9 impactar pilotos<\/a><\/strong><br># <strong><a href=\"https:\/\/www.grandepremio.com\/br\/motogp\/noticias\/marc-marquez-aguarda-exame-medico-proxima-semana-definir-volta-motogp\/\">Marc M\u00e1rquez aguarda exame m\u00e9dico na pr\u00f3xima semana para definir volta \u00e0 MotoGP<\/a><\/strong><br># <strong><a href=\"https:\/\/www.grandepremio.com\/br\/motogp\/noticias\/motogp-anuncia-adocao-corridas-sprint-todas-etapas-temporada-2023\/\">MotoGP anuncia ado\u00e7\u00e3o de corridas sprint em todas etapas da temporada 2023<\/a><\/strong><br># <strong><a href=\"https:\/\/www.grandepremio.com\/br\/motogp\/noticias\/melhora-show-estupido-pilotos-divergem-corridas-sprint-motogp-2023\/\">Melhora do show \u00d7 est\u00fapido: pilotos divergem sobre corridas sprint na MotoGP 2023<\/a><\/strong><br># <strong><a href=\"https:\/\/www.grandepremio.com\/br\/motogp\/noticias\/francesco-bagnaia-grandessissima-fase-nao-basta-magistral-fabio-quartararo-austria\/\">Bagnaia em grandess\u00edssima fase n\u00e3o basta para magistral Quartararo na \u00c1ustria<\/a><\/strong><br># <strong><a href=\"https:\/\/www.grandepremio.com\/br\/motogp\/noticias\/remy-gardner-ve-poucas-chances-seguir-motogp-2023-ktm-fez-novo\/\">Gardner se v\u00ea com poucas chances de seguir na MotoGP em 2023: \u201cKTM fez de novo\u201d<\/a><\/strong><br># <strong><a href=\"https:\/\/www.grandepremio.com\/br\/motogp\/noticias\/ducati-ve-francesco-bagnaia-briga-titulo-assume-austria-teve-dois-vencedores\/\"><\/a><a href=\"https:\/\/www.grandepremio.com\/br\/equipe\/motogp\/2021\/ducati-lenovo-team\/\" target=\"_blank\" rel=\"noreferrer noopener\">Ducati<\/a><a href=\"https:\/\/www.grandepremio.com\/br\/motogp\/noticias\/ducati-ve-francesco-bagnaia-briga-titulo-assume-austria-teve-dois-vencedores\/\"> v\u00ea Bagnaia na briga pelo t\u00edtulo, mas assume: \u201c\u00c1ustria teve dois vencedores\u201d<\/a><\/strong><br># <strong><a href=\"https:\/\/www.grandepremio.com\/br\/motogp\/noticias\/honda-torce-ter-marc-marquez-teste-misano-ainda-seja-4-voltas\/\">Honda torce para ter Marc M\u00e1rquez no teste de Misano: \u201cAinda que seja para 4 voltas\u201d<\/a><\/strong><\/p>\n\n\n\n<figure class=\"wp-block-embed is-type-video is-provider-youtube wp-block-embed-youtube wp-embed-aspect-16-9 wp-has-aspect-ratio\"><div class=\"wp-block-embed__wrapper\">\n<iframe loading=\"lazy\" title=\"BAGNAIA ENGATA BOA SEQU\u00caNCIA E BOTA PRESS\u00c3O EM CIMA DE QUARTARARO NA MOTOGP\" width=\"500\" height=\"281\" src=\"https:\/\/www.youtube.com\/embed\/Gg1-oa79f-Y?feature=oembed\" frameborder=\"0\" allow=\"accelerometer; autoplay; clipboard-write; encrypted-media; gyroscope; picture-in-picture; web-share\" referrerpolicy=\"strict-origin-when-cross-origin\" allowfullscreen><\/iframe>\n<\/div><figcaption>BAGNAIA ENGATA BOA SEQU\u00caNCIA E BOTA PRESS\u00c3O EM CIMA DE QUARTARARO NA MOTOGP<\/figcaption><\/figure>\n","protected":false},"excerpt":{"rendered":"<p>A casa de Borgo Panigale respeitou os resultados de pista e escolheu Enea Bastianini como companheiro de Francesco Bagnaia a partir da temporada 2023 da MotoGP. Assim, Jorge Mart\u00edn fica na Pramac ao lado de Johann Zarco<\/p>\n","protected":false},"author":0,"featured_media":1000602947,"comment_status":"closed","ping_status":"closed","sticky":false,"template":"","format":"standard","meta":{"42wp_featured_image_caption":"","42wp_featured_image_credits":"","42wp_featured_video":"","42wp_featured_image_hidden":false,"42wp_authors_list":[],"footnotes":""},"categories":[8],"tags":[131,25552,79,78,2997,30733,30728,30734,25819,28345,28766,32147,26690],"42wp_author":[47113],"class_list":["post-109543","post","type-post","status-publish","format-standard","has-post-thumbnail","hentry","category-motogp","tag-ducati","tag-jorge-martin-2","tag-moto-gp","tag-motogp","tag-motogp-2022","tag-motogp-2022-calendario","tag-motogp-calendario-2022","tag-motogp-classificacao-2022","tag-motogp-hoje","tag-motogp-horarios","tag-motogp-standings","tag-onde-assistir-motogp-2022","tag-pilotos-motogp","42wp_author-juliana-tesser"],"_links":{"self":[{"href":"https:\/\/grandepremio.com\/br\/wp-json\/wp\/v2\/posts\/109543","targetHints":{"allow":["GET"]}}],"collection":[{"href":"https:\/\/grandepremio.com\/br\/wp-json\/wp\/v2\/posts"}],"about":[{"href":"https:\/\/grandepremio.com\/br\/wp-json\/wp\/v2\/types\/post"}],"replies":[{"embeddable":true,"href":"https:\/\/grandepremio.com\/br\/wp-json\/wp\/v2\/comments?post=109543"}],"version-history":[{"count":0,"href":"https:\/\/grandepremio.com\/br\/wp-json\/wp\/v2\/posts\/109543\/revisions"}],"wp:featuredmedia":[{"embeddable":true,"href":"https:\/\/grandepremio.com\/br\/wp-json\/wp\/v2\/media\/1000602947"}],"wp:attachment":[{"href":"https:\/\/grandepremio.com\/br\/wp-json\/wp\/v2\/media?parent=109543"}],"wp:term":[{"taxonomy":"category","embeddable":true,"href":"https:\/\/grandepremio.com\/br\/wp-json\/wp\/v2\/categories?post=109543"},{"taxonomy":"post_tag","embeddable":true,"href":"https:\/\/grandepremio.com\/br\/wp-json\/wp\/v2\/tags?post=109543"},{"taxonomy":"42wp_author","embeddable":true,"href":"https:\/\/grandepremio.com\/br\/wp-json\/wp\/v2\/42wp_author?post=109543"}],"curies":[{"name":"wp","href":"https:\/\/api.w.org\/{rel}","templated":true}]}}