{"id":109557,"date":"2022-08-26T08:16:25","date_gmt":"2022-08-26T11:16:25","guid":{"rendered":"https:\/\/grandepremio.com\/br\/noticias\/charles-leclerc-max-verstappen-trocam-motor-largam-fundogrid-gp-belgica\/"},"modified":"2022-08-26T09:11:40","modified_gmt":"2022-08-26T12:11:40","slug":"charles-leclerc-max-verstappen-trocam-motor-largam-fundogrid-gp-belgica","status":"publish","type":"post","link":"https:\/\/grandepremio.com\/br\/f1\/charles-leclerc-max-verstappen-trocam-motor-largam-fundogrid-gp-belgica\/","title":{"rendered":"Leclerc e Verstappen trocam motor e largam do fundo do grid para GP da B\u00e9lgica"},"content":{"rendered":"\n<figure class=\"wp-block-embed is-type-video is-provider-youtube wp-block-embed-youtube wp-embed-aspect-16-9 wp-has-aspect-ratio\"><div class=\"wp-block-embed__wrapper\">\n<iframe loading=\"lazy\" title=\"F\u00d3RMULA 1 VOLTA QUENTE: TUDO SOBRE O GP DA B\u00c9LGICA | WGP\" width=\"500\" height=\"281\" src=\"https:\/\/www.youtube.com\/embed\/V_TIdqwf_g8?start=1&amp;feature=oembed\" frameborder=\"0\" allow=\"accelerometer; autoplay; clipboard-write; encrypted-media; gyroscope; picture-in-picture; web-share\" referrerpolicy=\"strict-origin-when-cross-origin\" allowfullscreen><\/iframe>\n<\/div><\/figure>\n\n\n\n<p class=\"wp-block-paragraph\">Os protagonistas na disputa pelo t\u00edtulo da temporada 2022 da F\u00f3rmula 1 v\u00e3o come\u00e7ar o GP da B\u00e9lgica do fundo do grid. Tanto Charles Leclerc quanto Max Verstappen trocaram motor e caixa de c\u00e2mbio, e como j\u00e1 estouraram o limite de pe\u00e7as determinado pelo regulamento, ter\u00e3o de pagar a puni\u00e7\u00e3o na corrida em Spa-Francorchamps.<\/p>\n\n\n\n<p class=\"wp-block-paragraph\">Al\u00e9m de toda a unidade de pot\u00eancia, a Ferrari instalou no carro #16 um sistema h\u00edbrido atualizado. A modifica\u00e7\u00e3o \u00e9 a \u00faltima que ser\u00e1 feita antes do congelamento total dos motores, at\u00e9 o final da temporada 2025. Leclerc vai para a pista a partir desta sexta-feira (26) com um novo V6 e uma nova transmiss\u00e3o.<\/p>\n\n\n\n<p class=\"wp-block-paragraph\"><strong>\u25b6\ufe0f\u00a0Inscreva-se nos dois canais do GRANDE PR\u00caMIO no YouTube:\u00a0<a href=\"https:\/\/www.youtube.com\/channel\/UC9OlHEgxoaY6QY6nWPoiqQg?sub_confirmation=1\" target=\"_blank\" rel=\"noreferrer noopener\">GP<\/a>\u00a0|\u00a0<a href=\"https:\/\/www.youtube.com\/channel\/UC9csiS6q_C3C0FYhyr1rnFA?sub_confirmation=1\" target=\"_blank\" rel=\"noreferrer noopener\">GP2<\/a><\/strong><br><strong>\u25b6\ufe0f\u00a0<a href=\"https:\/\/www.twitch.tv\/grandepremio\" target=\"_blank\" rel=\"noreferrer noopener\">Conhe\u00e7a o canal do GRANDE PR\u00caMIO na Twitch clicando aqui!<\/a><\/strong><\/p>\n\n\n\n<figure class=\"wp-block-image size-large\"><img decoding=\"async\" src=\"https:\/\/www.grandepremio.com\/br\/wp-content\/uploads\/2022\/07\/ferrari-charlesleclerc-03-afp-3-1024x683.jpg\" alt=\"\" class=\"wp-image-599456\"\/><figcaption>Esta \u00e9 a segunda puni\u00e7\u00e3o de Leclerc no ano por troca de motor (Foto: AFP)<\/figcaption><\/figure>\n\n\n\n<p class=\"wp-block-paragraph\">\u00c9 a segunda vez que o vice-l\u00edder partir\u00e1 da \u00faltima fila na temporada. O mesmo aconteceu no GP do Canad\u00e1, quando a Ferrari tamb\u00e9m optou por trocar toda a unidade de pot\u00eancia do carro do monegasco ap\u00f3s os sucessivos problemas de confiabilidade.<\/p>\n\n\n\n<p class=\"wp-block-paragraph\">No caso de Verstappen, a troca, de acordo com a Red Bull, vem &#8220;num momento l\u00f3gico&#8221;, j\u00e1 que o holand\u00eas tem vantagem consider\u00e1vel na classifica\u00e7\u00e3o \u2014 80 pontos de vantagem para o pr\u00f3prio Leclerc.<\/p>\n\n\n\n<p class=\"wp-block-paragraph\">A F\u00f3rmula 1 retorna \u00e0 pista a partir desta sexta-feira, com os treinos livres para o GP da B\u00e9lgica. O <strong>GRANDE PR\u00caMIO<\/strong> acompanha todas as atividades em Spa-Francorchamps <strong>AO VIVO<\/strong> e <strong>EM TEMPO REAL<\/strong>.<\/p>\n\n\n\n<p class=\"wp-block-paragraph\"><strong>LEIA TAMB\u00c9M <br>+ <a href=\"https:\/\/www.grandepremio.com\/br\/f1\/noticias\/audi-fim-espera-anuncia-entrada-formula-1-temporada-2026\/\" class=\"ek-link\">Audi p\u00f5e fim na espera e anuncia entrada na F\u00f3rmula 1 a partir da temporada 2026<\/a><br>+ Alfa Romeo <a href=\"https:\/\/www.grandepremio.com\/br\/f1\/noticias\/alfa-romeo-oficializa-saida-sauber-fim-2023-abre-caminho-audi-formula-1\/\" class=\"ek-link\">oficializa sa\u00edda da Sauber no fim de 2023 e abre caminho para Audi na F1<\/a><\/strong><\/p>\n","protected":false},"excerpt":{"rendered":"<p>A briga pelo t\u00edtulo da F1 2022 ganhou um elemento a mais neste fim de semana: tanto Charles Leclerc quanto Max Verstappen v\u00e3o largar do fundo do grid para o GP da B\u00e9lgica por estourarem o limite de trocas de motor na temporada<\/p>\n","protected":false},"author":0,"featured_media":1000550348,"comment_status":"closed","ping_status":"closed","sticky":false,"template":"","format":"standard","meta":{"42wp_featured_image_caption":"","42wp_featured_image_credits":"","42wp_featured_video":"","42wp_featured_image_hidden":false,"42wp_authors_list":[],"footnotes":""},"categories":[2],"tags":[25062,209,1357,207,24837,32276,2306,203,204,108,3758],"42wp_author":[47147],"class_list":["post-109557","post","type-post","status-publish","format-standard","has-post-thumbnail","hentry","category-f1","tag-belgica","tag-charles-leclerc","tag-f1-2022","tag-ferrari","tag-formula-1-2","tag-gp-da-belgica-f1","tag-grid-de-largada","tag-max-verstappen","tag-red-bull","tag-spa-francorchamps","tag-troca-de-motor","42wp_author-luana-marino"],"_links":{"self":[{"href":"https:\/\/grandepremio.com\/br\/wp-json\/wp\/v2\/posts\/109557","targetHints":{"allow":["GET"]}}],"collection":[{"href":"https:\/\/grandepremio.com\/br\/wp-json\/wp\/v2\/posts"}],"about":[{"href":"https:\/\/grandepremio.com\/br\/wp-json\/wp\/v2\/types\/post"}],"replies":[{"embeddable":true,"href":"https:\/\/grandepremio.com\/br\/wp-json\/wp\/v2\/comments?post=109557"}],"version-history":[{"count":0,"href":"https:\/\/grandepremio.com\/br\/wp-json\/wp\/v2\/posts\/109557\/revisions"}],"wp:featuredmedia":[{"embeddable":true,"href":"https:\/\/grandepremio.com\/br\/wp-json\/wp\/v2\/media\/1000550348"}],"wp:attachment":[{"href":"https:\/\/grandepremio.com\/br\/wp-json\/wp\/v2\/media?parent=109557"}],"wp:term":[{"taxonomy":"category","embeddable":true,"href":"https:\/\/grandepremio.com\/br\/wp-json\/wp\/v2\/categories?post=109557"},{"taxonomy":"post_tag","embeddable":true,"href":"https:\/\/grandepremio.com\/br\/wp-json\/wp\/v2\/tags?post=109557"},{"taxonomy":"42wp_author","embeddable":true,"href":"https:\/\/grandepremio.com\/br\/wp-json\/wp\/v2\/42wp_author?post=109557"}],"curies":[{"name":"wp","href":"https:\/\/api.w.org\/{rel}","templated":true}]}}