{"id":109560,"date":"2022-08-26T07:30:00","date_gmt":"2022-08-26T10:30:00","guid":{"rendered":"https:\/\/grandepremio.com\/br\/noticias\/acelere-ainda-mais-nesta-segunda-metade-da-temporada-com-a-f1-tv\/"},"modified":"2022-08-26T16:34:04","modified_gmt":"2022-08-26T19:34:04","slug":"acelere-ainda-mais-nesta-segunda-metade-da-temporada-com-a-f1-tv","status":"publish","type":"post","link":"https:\/\/grandepremio.com\/br\/f1\/acelere-ainda-mais-nesta-segunda-metade-da-temporada-com-a-f1-tv\/","title":{"rendered":"Acelere ainda mais nesta segunda metade da temporada com a F1 TV"},"content":{"rendered":"\n<p class=\"wp-block-paragraph\">A F\u00f3rmula 1 est\u00e1 voltando com tudo, pronta para a segunda parte de uma temporada imprevis\u00edvel e cheia de adrenalina. J\u00e1 foram 13 etapas, agora s\u00f3 faltam mais nove! Tem a briga pelo t\u00edtulo entre a Ferrari e a Red Bull, os rumores do mercado de pilotos e as batalhas das equipes e dos pilotos no pelot\u00e3o intermedi\u00e1rio.<\/p>\n\n\n\n<p class=\"wp-block-paragraph\">Voc\u00ea n\u00e3o vai querer perder um segundo das tens\u00f5es dentro e fora das pistas. <a href=\"https:\/\/prf.hn\/click\/camref:1101lfbRP\" class=\"ek-link\"><strong>Assine a F1 TV Pro <\/strong><\/a>e v\u00e1 ainda mais longe com toda a cobertura nas pistas, os rumores do paddock, os \u00e2ngulos das c\u00e2meras on-board e as an\u00e1lises de especialistas. Assista a toda a adrenalina ao vivo ou gravada onde quer que voc\u00ea esteja at\u00e9 o encerramento da temporada em Abu Dhabi.<\/p>\n\n\n\n<p class=\"wp-block-paragraph\"><strong>A briga pelo t\u00edtulo est\u00e1 chegando ao fim<\/strong><\/p>\n\n\n\n<p class=\"wp-block-paragraph\">Max Verstappen vai caminhando para a conquista de seu segundo t\u00edtulo, mas tudo pode acontecer. Nos pr\u00f3ximos dois fins de semana, as arquibancadas de Spa-Francorchamps e de Zandvoort estar\u00e3o certamente dominadas pela cor laranja. Os <a href=\"https:\/\/prf.hn\/click\/camref:1101lfbRP\" class=\"ek-link\"><strong>assinantes da F1 TV Pro<\/strong><\/a> podem acompanhar tudo do cockpit com Max sempre que quiserem, gra\u00e7as \u00e0s c\u00e2meras on-board dos pilotos em todas as sess\u00f5es ao vivo, para que voc\u00ea consiga ver tudo o que acontece pelo ponto de vista deles.<\/p>\n\n\n\n<figure class=\"wp-block-image size-large\"><img decoding=\"async\" src=\"https:\/\/www.grandepremio.com\/br\/wp-content\/uploads\/2022\/08\/f1tv2-1024x682.jpg\" alt=\"\" class=\"wp-image-606651\"\/><figcaption>Que tal acompanhar tudo pelo olhar de Max Verstappen (Foto: Getty Images)<\/figcaption><\/figure>\n\n\n\n<p class=\"wp-block-paragraph\">Charles Leclerc sofreu imprevistos custosos em 2022, mas ainda segue com esperan\u00e7as de ser campe\u00e3o. Se aprendemos algo com a F1 nos \u00faltimos anos \u00e9 que tudo pode acontecer. A Ferrari ainda precisa tirar proveito de sua superioridade na classifica\u00e7\u00e3o, mas seu carro \u00e9 muito mais do que p\u00e1reo para o da Red Bull. A rea\u00e7\u00e3o de Charles precisa come\u00e7ar em Spa! Com a <a href=\"https:\/\/prf.hn\/click\/camref:1101lfbRP\" class=\"ek-link\"><strong>F1 TV Pro<\/strong><\/a>, voc\u00ea se conectar\u00e1 ao r\u00e1dio da Ferrari e conseguir\u00e1 ouvir o desenrolar das estrat\u00e9gias e as rea\u00e7\u00f5es em tempo real.<\/p>\n\n\n\n<p class=\"wp-block-paragraph\">O r\u00e1dio de equipe \u00e9 comprovadamente um dos elementos mais relevantes e interessantes da cobertura, e Fernando Alonso \u00e9 um dos pilotos que mais proporciona entretenimento no quesito. Com o an\u00fancio de sua aposentadoria no fim do ano, o r\u00e1dio de <a href=\"https:\/\/prf.hn\/click\/camref:1101lfbRP\" class=\"ek-link\"><strong>equipe da F1 TV Pro<\/strong><\/a> poder\u00e1 render trocas interessantes entre o espanhol e seus engenheiros na Alpine.<\/p>\n\n\n\n<figure class=\"wp-block-image size-large\"><img decoding=\"async\" src=\"https:\/\/www.grandepremio.com\/br\/wp-content\/uploads\/2022\/08\/f1tv3-1024x682.jpg\" alt=\"\" class=\"wp-image-606650\"\/><figcaption>Vale a pena ouvir tudo que Charles Leclerc e a Ferrari conversam (Foto: Getty Images)<\/figcaption><\/figure>\n\n\n\n<p class=\"wp-block-paragraph\">A Mercedes teve um grande avan\u00e7o nas \u00faltimas corridas, tendo voltado ao p\u00f3dio com frequ\u00eancia. O pr\u00f3ximo objetivo \u00e9 o primeiro lugar. Ser\u00e1 que George Russel conquistar\u00e1 sua primeira vit\u00f3ria? Ou ser\u00e1 que Lewis Hamilton superar\u00e1 seu compatriota?<\/p>\n\n\n\n<p class=\"wp-block-paragraph\">Acompanhe v\u00e1rias equipes simultaneamente, configurando a <a href=\"https:\/\/prf.hn\/click\/camref:1101lfbRP\" class=\"ek-link\"><strong>F1 TV Pro<\/strong><\/a> em diversas telas, e escolha entre a transmiss\u00e3o local e a transmiss\u00e3o original em ingl\u00eas da equipe da F1 TV.<\/p>\n\n\n\n<p class=\"wp-block-paragraph\"><strong>Uma nova gera\u00e7\u00e3o de her\u00f3is<\/strong><\/p>\n\n\n\n<p class=\"wp-block-paragraph\">Este \u00e9 o per\u00edodo do ano em que os pilotos das categorias de base buscam assegurar seu futuro na F1. Com a F1 TV Pro, voc\u00ea tem acesso a transmiss\u00f5es ao vivo e a reprises instant\u00e2neas de todas as corridas da F2 e da F3 todos os fins de semana. \u00c9 aqui que os ca\u00e7a-talentos ficam de olhos abertos em busca de poss\u00edveis estrelas do futuro, como Felipe Drugovich, Th\u00e9o Pourchaire, Logan Sargeant e Arthur Leclerc, irm\u00e3o de Charles.<\/p>\n\n\n\n<figure class=\"wp-block-image size-large\"><img decoding=\"async\" src=\"https:\/\/www.grandepremio.com\/br\/wp-content\/uploads\/2022\/08\/f1tv4-1024x768.jpg\" alt=\"\" class=\"wp-image-606649\"\/><figcaption>A Ferrari tenta reagir em 2022 (Foto: Getty Images)<\/figcaption><\/figure>\n\n\n\n<p class=\"wp-block-paragraph\"><strong><a href=\"https:\/\/prf.hn\/click\/camref:1101lfbRP\" class=\"ek-link\">Tenha controle total do seu fim de semana de F1 com a F1 TV Pro<\/a>.<\/strong><\/p>\n\n\n\n<p class=\"wp-block-paragraph\">Assista \u00e0 F1 no seu aparelho favorito: diretamente na internet, pelo aplicativo ou pela Apple TV, Android TV, Amazon Fire TV e Roku. Acompanhe todos os GPs em Full HD. Os f\u00e3s tamb\u00e9m podem configurar diversas telas e criar seu pr\u00f3prio pit-wall com o conte\u00fado em tempo real da <a href=\"https:\/\/prf.hn\/click\/camref:1101lfbRP\" class=\"ek-link\"><strong>F1 TV<\/strong><\/a> e o Data Channel, assim como fazem Christian Horner, Toto Wolff e Mattia Binotto. \u00c9 voc\u00ea no controle e ainda mais perto do esporte.<\/p>\n\n\n\n<p class=\"wp-block-paragraph\"><a href=\"https:\/\/prf.hn\/click\/camref:1101lfbRP\" class=\"ek-link\"><strong>Assine agora e assista ao restante da temporada ao vivo, sem an\u00fancios e com grava\u00e7\u00f5es at\u00e9 a bandeirada final em Abu Dhabi<\/strong>.<\/a><\/p>\n","protected":false},"excerpt":{"rendered":"<p>Com mais nove etapas pela frente, a F\u00f3rmula 1 2022 pega fogo dentro e fora das pistas. E voc\u00ea pode acompanhar tudo pela F1 TV<\/p>\n","protected":false},"author":0,"featured_media":1000606652,"comment_status":"closed","ping_status":"closed","sticky":false,"template":"","format":"standard","meta":{"42wp_featured_image_caption":"","42wp_featured_image_credits":"","42wp_featured_video":"","42wp_featured_image_hidden":false,"42wp_authors_list":[],"footnotes":""},"categories":[2],"tags":[1566,1280,1553,25066,969,147,1357,160,24837,24899,24836,2306,25081,25086,510,1214,25771,108,17143,29648,25286,2036,2773,24833],"42wp_author":[47109],"class_list":["post-109560","post","type-post","status-publish","format-standard","has-post-thumbnail","hentry","category-f1","tag-ao-vivo","tag-band","tag-bandsports","tag-calendario-da-f1","tag-corrida","tag-f1","tag-f1-2022","tag-f1-tv","tag-formula-1-2","tag-gp-da-belgica-2","tag-grande-premio-2","tag-grid-de-largada","tag-horarios-da-f1-2","tag-podio-2","tag-pole","tag-pole-position","tag-programacao","tag-spa-francorchamps","tag-tempo-real","tag-temporada-2022-da-f1","tag-transmissao","tag-treinos-livres","tag-vencedor","tag-vitoria-2","42wp_author-redacao-gp"],"_links":{"self":[{"href":"https:\/\/grandepremio.com\/br\/wp-json\/wp\/v2\/posts\/109560","targetHints":{"allow":["GET"]}}],"collection":[{"href":"https:\/\/grandepremio.com\/br\/wp-json\/wp\/v2\/posts"}],"about":[{"href":"https:\/\/grandepremio.com\/br\/wp-json\/wp\/v2\/types\/post"}],"replies":[{"embeddable":true,"href":"https:\/\/grandepremio.com\/br\/wp-json\/wp\/v2\/comments?post=109560"}],"version-history":[{"count":0,"href":"https:\/\/grandepremio.com\/br\/wp-json\/wp\/v2\/posts\/109560\/revisions"}],"wp:featuredmedia":[{"embeddable":true,"href":"https:\/\/grandepremio.com\/br\/wp-json\/wp\/v2\/media\/1000606652"}],"wp:attachment":[{"href":"https:\/\/grandepremio.com\/br\/wp-json\/wp\/v2\/media?parent=109560"}],"wp:term":[{"taxonomy":"category","embeddable":true,"href":"https:\/\/grandepremio.com\/br\/wp-json\/wp\/v2\/categories?post=109560"},{"taxonomy":"post_tag","embeddable":true,"href":"https:\/\/grandepremio.com\/br\/wp-json\/wp\/v2\/tags?post=109560"},{"taxonomy":"42wp_author","embeddable":true,"href":"https:\/\/grandepremio.com\/br\/wp-json\/wp\/v2\/42wp_author?post=109560"}],"curies":[{"name":"wp","href":"https:\/\/api.w.org\/{rel}","templated":true}]}}