{"id":109576,"date":"2022-08-25T11:29:56","date_gmt":"2022-08-25T14:29:56","guid":{"rendered":"https:\/\/grandepremio.com\/br\/noticias\/yuki-tsunoda-seguir-alphatauri-atrela-renovacao-acontece-bastidores\/"},"modified":"2022-08-25T11:48:48","modified_gmt":"2022-08-25T14:48:48","slug":"yuki-tsunoda-seguir-alphatauri-atrela-renovacao-acontece-bastidores","status":"publish","type":"post","link":"https:\/\/grandepremio.com\/br\/f1\/yuki-tsunoda-seguir-alphatauri-atrela-renovacao-acontece-bastidores\/","title":{"rendered":"Tsunoda mira seguir na AlphaTauri, mas atrela renova\u00e7\u00e3o ao que \u201cacontece nos bastidores\u201d"},"content":{"rendered":"\n<figure class=\"wp-block-embed is-type-video is-provider-youtube wp-block-embed-youtube wp-embed-aspect-16-9 wp-has-aspect-ratio\"><div class=\"wp-block-embed__wrapper\">\n<iframe loading=\"lazy\" title=\"McLAREN SEM RICCIARDO (E SEM PALOU TAMB\u00c9M?) + AUDI PERTO DA F\u00d3RMULA 1 | TT GP #66\" width=\"500\" height=\"281\" src=\"https:\/\/www.youtube.com\/embed\/Ht4xQW89lIM?feature=oembed\" frameborder=\"0\" allow=\"accelerometer; autoplay; clipboard-write; encrypted-media; gyroscope; picture-in-picture; web-share\" referrerpolicy=\"strict-origin-when-cross-origin\" allowfullscreen><\/iframe>\n<\/div><figcaption>McLAREN SEM RICCIARDO (E SEM PALOU TAMB\u00c9M?) + AUDI PERTO DA F\u00d3RMULA 1 | TT GP #66<\/figcaption><\/figure>\n\n\n\n<p class=\"wp-block-paragraph\">Yuki Tsunoda afirmou que a perman\u00eancia na AlphaTauri na temporada 2023 depende de \u201ccoisas que est\u00e3o acontecendo nos bastidores\u201d. O japon\u00eas, por\u00e9m, disse sentir que Helmut Marko, consultor da Red Bull, deseja mant\u00ea-lo na estrutura da f\u00e1brica de energ\u00e9ticos.<\/p>\n\n\n\n<p class=\"wp-block-paragraph\">O mercado de pilotos da F\u00f3rmula 1 vive um momento de ebuli\u00e7\u00e3o desde o an\u00fancio da aposentadoria de Sebastian Vettel. Fernando Alonso deixou a Alpine para substituir o alem\u00e3o da Aston Martin, enquanto Oscar Piastri negou a vaga do espanhol, possivelmente para ocupar o lugar de Daniel Ricciardo, que teve o contrato com a McLaren encerrado mais cedo. Enquanto isso, a Williams renovou com Alex Albon.<\/p>\n\n\n\n<figure class=\"wp-block-image size-large\"><img decoding=\"async\" src=\"https:\/\/www.grandepremio.com\/br\/wp-content\/uploads\/2022\/07\/alphatauri-yukitsunoda-02-9-1024x683.jpg\" alt=\"\" class=\"wp-image-597584\"\/><figcaption>Yuki Tsunoda admitiu press\u00e3o por n\u00e3o ter futuro definido (Foto: AlphaTauri)<\/figcaption><\/figure>\n\n\n\n<p class=\"wp-block-paragraph\"><strong>\u25b6\ufe0f&nbsp;Inscreva-se nos dois canais do GRANDE PR\u00caMIO no YouTube:&nbsp;<a href=\"https:\/\/www.youtube.com\/channel\/UC9OlHEgxoaY6QY6nWPoiqQg?sub_confirmation=1\" target=\"_blank\" rel=\"noreferrer noopener\">GP<\/a>&nbsp;|&nbsp;<a href=\"https:\/\/www.youtube.com\/channel\/UC9csiS6q_C3C0FYhyr1rnFA?sub_confirmation=1\" target=\"_blank\" rel=\"noreferrer noopener\">GP2<\/a><\/strong><br><strong>\u25b6\ufe0f&nbsp;<a href=\"https:\/\/www.twitch.tv\/grandepremio\" target=\"_blank\" rel=\"noreferrer noopener\">Conhe\u00e7a o canal do GRANDE PR\u00caMIO na Twitch clicando aqui!<\/a><\/strong><\/p>\n\n\n\n<p class=\"wp-block-paragraph\">Apesar do assento livre, Franz Tost, chefe da AlphaTauri indicou anteriormente que Tsunoda tinha uma \u201cboa chance\u201d de manter o lugar. Ainda assim, o piloto espera uma posi\u00e7\u00e3o mais s\u00f3lida da equipe.<\/p>\n\n\n\n<p class=\"wp-block-paragraph\">\u201cN\u00f3s dois, claro, queremos seguir no pr\u00f3ximo ano, mas as coisas est\u00e3o acontecendo nos bastidores, ent\u00e3o depende disso\u201d, disse Tsunoda. \u201cAinda n\u00e3o sei o que est\u00e1 acontecendo. Mas, do meu lado, eu gostaria de ficar com a AlphaTauri. Para mim, n\u00e3o h\u00e1 muita raz\u00e3o para que n\u00e3o possa ficar aqui\u201d, ponderou.<\/p>\n\n\n\n<p class=\"wp-block-paragraph\">Tsunoda chegou \u00e0 F\u00f3rmula 1 tamb\u00e9m gra\u00e7as ao apoio da Honda, que deixou o campeonato no fim do ano passado como Construtora, mas ainda mant\u00e9m uma parceria n\u00e3o s\u00f3 com a AlphaTauri, mas tamb\u00e9m com a Red Bull.<\/p>\n\n\n\n<p class=\"wp-block-paragraph\">Questionado se existem complica\u00e7\u00f5es comerciais ou relacionadas \u00e0 Honda para a renova\u00e7\u00e3o do contrato, Tsunoda respondeu: \u201cBom, n\u00e3o posso dizer nada em rela\u00e7\u00e3o a isso\u201d.<\/p>\n\n\n\n<p class=\"wp-block-paragraph\">\u201cEm rela\u00e7\u00e3o a mim, o que posso fazer agora \u00e9 focar em mim e fazer o resultado. \u00c9 o que posso fazer\u201d, frisou.<\/p>\n\n\n\n<p class=\"wp-block-paragraph\">Ainda, Yuki contou que a impress\u00e3o que tem de Helmut Marko, consultor da Red Bull, \u00e9 que \u201cele quer me manter\u201d, mas torceu por uma decis\u00e3o r\u00e1pida.<\/p>\n\n\n\n<p class=\"wp-block-paragraph\">\u201cClaro que eu gostaria de ter uma resposta o mais r\u00e1pido poss\u00edvel\u201d, declarou. \u201cPara ser sincero, n\u00e3o estou tendo uma vida completamente confort\u00e1vel agora, pois tem um pouco de press\u00e3o, algo assim. Ent\u00e3o, \u00e9, se tivesse essa informa\u00e7\u00e3o o mais cedo poss\u00edvel, sentiria mais confian\u00e7a e poderia focar totalmente em mim\u201d, encerou.<\/p>\n\n\n\n<p class=\"wp-block-paragraph\">No segundo ano na F\u00f3rmula 1, <a href=\"https:\/\/www.grandepremio.com\/br\/f1\/classificacao\/\" class=\"ek-link\">Tsunoda soma 11 pontos em 2022 e ocupa a 16\u00aa coloca\u00e7\u00e3o no Mundial de Pilotos<\/a>. O piloto de 22 anos, por\u00e9m, tem s\u00f3 cinco pontos a menos do que Pierre Gasly, o companheiro de equipe.<\/p>\n\n\n\n<figure class=\"wp-block-embed is-type-video is-provider-youtube wp-block-embed-youtube wp-embed-aspect-16-9 wp-has-aspect-ratio\"><div class=\"wp-block-embed__wrapper\">\n<iframe loading=\"lazy\" title=\"5 MOTIVOS PARA ACOMPANHAR O FIM DA TEMPORADA 2022 DA F\u00d3RMULA 1\" width=\"500\" height=\"281\" src=\"https:\/\/www.youtube.com\/embed\/VVEbHK12mzk?feature=oembed\" frameborder=\"0\" allow=\"accelerometer; autoplay; clipboard-write; encrypted-media; gyroscope; picture-in-picture; web-share\" referrerpolicy=\"strict-origin-when-cross-origin\" allowfullscreen><\/iframe>\n<\/div><figcaption>5 MOTIVOS PARA ACOMPANHAR O FIM DA TEMPORADA 2022 DA F\u00d3RMULA 1<\/figcaption><\/figure>\n","protected":false},"excerpt":{"rendered":"<p>Japon\u00eas disse sentir que Helmut Marko quer mant\u00ea-lo, mas frisou que preferiria saber de uma vez qual ser\u00e1 o futuro na F\u00f3rmula 1. Piloto de 22 anos disse n\u00e3o ver muitos motivos para deixar AlphaTauri<\/p>\n","protected":false},"author":0,"featured_media":1000594081,"comment_status":"closed","ping_status":"closed","sticky":false,"template":"","format":"standard","meta":{"42wp_featured_image_caption":"","42wp_featured_image_credits":"","42wp_featured_video":"","42wp_featured_image_hidden":false,"42wp_authors_list":[],"footnotes":""},"categories":[2],"tags":[524,147,1357,24837,31064,30732],"42wp_author":[47113],"class_list":["post-109576","post","type-post","status-publish","format-standard","has-post-thumbnail","hentry","category-f1","tag-alphatauri","tag-f1","tag-f1-2022","tag-formula-1-2","tag-formula-1-2022-3","tag-formula-1-classificacao-2022","42wp_author-juliana-tesser"],"_links":{"self":[{"href":"https:\/\/grandepremio.com\/br\/wp-json\/wp\/v2\/posts\/109576","targetHints":{"allow":["GET"]}}],"collection":[{"href":"https:\/\/grandepremio.com\/br\/wp-json\/wp\/v2\/posts"}],"about":[{"href":"https:\/\/grandepremio.com\/br\/wp-json\/wp\/v2\/types\/post"}],"replies":[{"embeddable":true,"href":"https:\/\/grandepremio.com\/br\/wp-json\/wp\/v2\/comments?post=109576"}],"version-history":[{"count":0,"href":"https:\/\/grandepremio.com\/br\/wp-json\/wp\/v2\/posts\/109576\/revisions"}],"wp:featuredmedia":[{"embeddable":true,"href":"https:\/\/grandepremio.com\/br\/wp-json\/wp\/v2\/media\/1000594081"}],"wp:attachment":[{"href":"https:\/\/grandepremio.com\/br\/wp-json\/wp\/v2\/media?parent=109576"}],"wp:term":[{"taxonomy":"category","embeddable":true,"href":"https:\/\/grandepremio.com\/br\/wp-json\/wp\/v2\/categories?post=109576"},{"taxonomy":"post_tag","embeddable":true,"href":"https:\/\/grandepremio.com\/br\/wp-json\/wp\/v2\/tags?post=109576"},{"taxonomy":"42wp_author","embeddable":true,"href":"https:\/\/grandepremio.com\/br\/wp-json\/wp\/v2\/42wp_author?post=109576"}],"curies":[{"name":"wp","href":"https:\/\/api.w.org\/{rel}","templated":true}]}}