{"id":109579,"date":"2022-08-25T10:20:22","date_gmt":"2022-08-25T13:20:22","guid":{"rendered":"https:\/\/grandepremio.com\/br\/noticias\/alpine-promete-impacto-zero-saida-fernando-alonso-polemica-oscar-piastri-2022\/"},"modified":"2022-08-25T13:42:47","modified_gmt":"2022-08-25T16:42:47","slug":"alpine-promete-impacto-zero-saida-fernando-alonso-polemica-oscar-piastri-2022","status":"publish","type":"post","link":"https:\/\/grandepremio.com\/br\/f1\/alpine-promete-impacto-zero-saida-fernando-alonso-polemica-oscar-piastri-2022\/","title":{"rendered":"Alpine promete \u201cimpacto zero\u201d de sa\u00edda de Alonso e pol\u00eamica com Piastri em 2022"},"content":{"rendered":"\n<figure class=\"wp-block-embed is-type-video is-provider-youtube wp-block-embed-youtube wp-embed-aspect-16-9 wp-has-aspect-ratio\"><div class=\"wp-block-embed__wrapper\">\n<iframe loading=\"lazy\" title=\"McLAREN SEM RICCIARDO (E SEM PALOU TAMB\u00c9M?) + AUDI PERTO DA F\u00d3RMULA 1 | TT GP #66\" width=\"500\" height=\"281\" src=\"https:\/\/www.youtube.com\/embed\/Ht4xQW89lIM?feature=oembed\" frameborder=\"0\" allow=\"accelerometer; autoplay; clipboard-write; encrypted-media; gyroscope; picture-in-picture; web-share\" referrerpolicy=\"strict-origin-when-cross-origin\" allowfullscreen><\/iframe>\n<\/div><figcaption>McLAREN SEM RICCIARDO (E SEM PALOU TAMB\u00c9M?) + AUDI PERTO DA F\u00d3RMULA 1 | TT GP #66<\/figcaption><\/figure>\n\n\n\n<p class=\"wp-block-paragraph\">Chefe da Alpine, Otmar Szafnauer garantiu que a equipe n\u00e3o vai deixar a pol\u00eamica envolvendo a sa\u00edda e a sucess\u00e3o de Fernando Alonso interferir na performance da equipe no restante da temporada 2022 da F\u00f3rmula 1. O dirigente assegurou que a escuderia est\u00e1 focada em alcan\u00e7ar os objetivos tra\u00e7ados para o campeonato deste ano.<\/p>\n\n\n\n<p class=\"wp-block-paragraph\">Logo no in\u00edcio das f\u00e9rias da F1, Alonso confirmou a transfer\u00eancia da Alpine para a Aston Martin, assumindo a vaga de Sebastian Vettel, que vai se aposentar. O time franc\u00eas, ent\u00e3o, anunciou o reserva Oscar Piastri como companheiro de Esteban Ocon em 2023, mas o jovem piloto recorreu as redes sociais para recusar a vaga, dizendo que n\u00e3o correria pelo equipe no pr\u00f3ximo ano.<\/p>\n\n\n\n<p class=\"wp-block-paragraph\"><strong>\u25b6\ufe0f&nbsp;Inscreva-se nos dois canais do GRANDE PR\u00caMIO no YouTube:&nbsp;<a href=\"https:\/\/www.youtube.com\/channel\/UC9OlHEgxoaY6QY6nWPoiqQg?sub_confirmation=1\" target=\"_blank\" rel=\"noreferrer noopener\">GP<\/a>&nbsp;|&nbsp;<a href=\"https:\/\/www.youtube.com\/channel\/UC9csiS6q_C3C0FYhyr1rnFA?sub_confirmation=1\" target=\"_blank\" rel=\"noreferrer noopener\">GP2<\/a><\/strong><br><strong>\u25b6\ufe0f&nbsp;<a href=\"https:\/\/www.twitch.tv\/grandepremio\" target=\"_blank\" rel=\"noreferrer noopener\">Conhe\u00e7a o canal do GRANDE PR\u00caMIO na Twitch clicando aqui!<\/a><\/strong><\/p>\n\n\n\n<figure class=\"wp-block-image size-full\"><img decoding=\"async\" src=\"https:\/\/www.grandepremio.com\/br\/wp-content\/uploads\/2022\/05\/Otmar.jpg\" alt=\"\" class=\"wp-image-568721\"\/><figcaption>Otmar Szafnauer, chefe da Alpine, segue confiante em briga contra McLaren (Foto: F1)<\/figcaption><\/figure>\n\n\n\n<p class=\"wp-block-paragraph\">Agora, a expectativa \u00e9 de que Piastri seja anunciado pela McLaren, que na quarta-feira confirmou o fim antecipado da rela\u00e7\u00e3o com Daniel Ricciardo, que vai deixar o time no fim do ano.<\/p>\n\n\n\n<p class=\"wp-block-paragraph\">\u00c0s v\u00e9speras do GP da B\u00e9lgica, Szafnauer reconheceu que a Alpine perde uma pe\u00e7a importante com a sa\u00edda de Alonso, mas ressaltou que os objetivos para 2022 seguem intactos.<\/p>\n\n\n\n<p class=\"wp-block-paragraph\">\u201cEstamos todos nos sentindo reenergizados ap\u00f3s a paralisa\u00e7\u00e3o for\u00e7ada de vers\u00e3o\u201d, disse Szafnauer. \u201c\u00c9 sempre um bom momento para fazer um balan\u00e7o da temporada at\u00e9 aqui, refletir nos pontos positivos e avaliar algumas \u00e1reas onde podemos melhorar\u201d, seguiu.<\/p>\n\n\n\n<p class=\"wp-block-paragraph\">\u201cAgora, estamos nos sentindo prontos e motivados para a segunda parte da temporada, onde tem muita coisa em jogo em termos de campeonato\u201d, sublinhou.<\/p>\n\n\n\n<p class=\"wp-block-paragraph\">A volta \u00e0s pistas, por\u00e9m, traz a Alpine sob os holofotes, j\u00e1 que a negativa p\u00fablica de Piastri de correr com a equipe \u00e9 um dos assuntos mais quentes da F\u00f3rmula 1.<\/p>\n\n\n\n<p class=\"wp-block-paragraph\">\u201cClaramente, a equipe tem sido bastante proeminente na m\u00eddia mundial nos dias que se seguiram a Hungria e logo antes das f\u00e9rias de ver\u00e3o, e isso n\u00e3o ser\u00e1, absolutamente, uma distra\u00e7\u00e3o para n\u00f3s quando formos para a pista\u201d, garantiu. \u201cApesar de estarmos perdendo um recurso fant\u00e1stico com Fernando no pr\u00f3ximo ano, a decis\u00e3o dele tem impacto zero no que queremos atingir juntos em 2022\u201d, frisou.<\/p>\n\n\n\n<p class=\"wp-block-paragraph\">\u201cN\u00f3s todos vamos no empenhar ao m\u00e1ximo como equipe \u2014 tanto com Fernando quando com Esteban no carro no restante do ano \u2014 para podermos nos colocar na melhor posi\u00e7\u00e3o poss\u00edvel para podermos cumprir as metas no campeonato deste ano\u201d, afirmou. \u201cSei que os dois pilotos est\u00e3o altamente motivados, ent\u00e3o estamos ansiosos para canalizar essa energia na pista\u201d, encerrou.<\/p>\n\n\n\n<figure class=\"wp-block-embed is-type-video is-provider-youtube wp-block-embed-youtube wp-embed-aspect-16-9 wp-has-aspect-ratio\"><div class=\"wp-block-embed__wrapper\">\n<iframe loading=\"lazy\" title=\"5 MOTIVOS PARA ACOMPANHAR O FIM DA TEMPORADA 2022 DA F\u00d3RMULA 1\" width=\"500\" height=\"281\" src=\"https:\/\/www.youtube.com\/embed\/VVEbHK12mzk?feature=oembed\" frameborder=\"0\" allow=\"accelerometer; autoplay; clipboard-write; encrypted-media; gyroscope; picture-in-picture; web-share\" referrerpolicy=\"strict-origin-when-cross-origin\" allowfullscreen><\/iframe>\n<\/div><figcaption>5 MOTIVOS PARA ACOMPANHAR O FIM DA TEMPORADA 2022 DA F\u00d3RMULA 1<\/figcaption><\/figure>\n","protected":false},"excerpt":{"rendered":"<p>Otmar Szafnauer frisou que as metas para a segunda metade da temporada 2022 seguem sendo as mesmas e que a equipe n\u00e3o vai se distrair com a sa\u00edda de Fernando Alonso no fim do ano e nem com toda a pol\u00eamica com a recusa de Oscar Piastri em correr pela equipe<\/p>\n","protected":false},"author":0,"featured_media":1000598118,"comment_status":"closed","ping_status":"closed","sticky":false,"template":"","format":"standard","meta":{"42wp_featured_image_caption":"","42wp_featured_image_credits":"","42wp_featured_video":"","42wp_featured_image_hidden":false,"42wp_authors_list":[],"footnotes":""},"categories":[2],"tags":[20491,147,1357,176,24837,31064,30732,2916,477],"42wp_author":[47113],"class_list":["post-109579","post","type-post","status-publish","format-standard","has-post-thumbnail","hentry","category-f1","tag-alpine","tag-f1","tag-f1-2022","tag-fernando-alonso","tag-formula-1-2","tag-formula-1-2022-3","tag-formula-1-classificacao-2022","tag-oscar-piastri","tag-otmar-szafnauer","42wp_author-juliana-tesser"],"_links":{"self":[{"href":"https:\/\/grandepremio.com\/br\/wp-json\/wp\/v2\/posts\/109579","targetHints":{"allow":["GET"]}}],"collection":[{"href":"https:\/\/grandepremio.com\/br\/wp-json\/wp\/v2\/posts"}],"about":[{"href":"https:\/\/grandepremio.com\/br\/wp-json\/wp\/v2\/types\/post"}],"replies":[{"embeddable":true,"href":"https:\/\/grandepremio.com\/br\/wp-json\/wp\/v2\/comments?post=109579"}],"version-history":[{"count":0,"href":"https:\/\/grandepremio.com\/br\/wp-json\/wp\/v2\/posts\/109579\/revisions"}],"wp:featuredmedia":[{"embeddable":true,"href":"https:\/\/grandepremio.com\/br\/wp-json\/wp\/v2\/media\/1000598118"}],"wp:attachment":[{"href":"https:\/\/grandepremio.com\/br\/wp-json\/wp\/v2\/media?parent=109579"}],"wp:term":[{"taxonomy":"category","embeddable":true,"href":"https:\/\/grandepremio.com\/br\/wp-json\/wp\/v2\/categories?post=109579"},{"taxonomy":"post_tag","embeddable":true,"href":"https:\/\/grandepremio.com\/br\/wp-json\/wp\/v2\/tags?post=109579"},{"taxonomy":"42wp_author","embeddable":true,"href":"https:\/\/grandepremio.com\/br\/wp-json\/wp\/v2\/42wp_author?post=109579"}],"curies":[{"name":"wp","href":"https:\/\/api.w.org\/{rel}","templated":true}]}}