{"id":109580,"date":"2022-08-25T09:22:17","date_gmt":"2022-08-25T12:22:17","guid":{"rendered":"https:\/\/grandepremio.com\/br\/noticias\/aston-martin-dinheiro-fator-avisa-fernando-alonso-lance-stroll-status-igual\/"},"modified":"2022-08-25T09:29:48","modified_gmt":"2022-08-25T12:29:48","slug":"aston-martin-dinheiro-fator-avisa-fernando-alonso-lance-stroll-status-igual","status":"publish","type":"post","link":"https:\/\/grandepremio.com\/br\/f1\/aston-martin-dinheiro-fator-avisa-fernando-alonso-lance-stroll-status-igual\/","title":{"rendered":"Aston Martin diz que &#8220;dinheiro n\u00e3o foi fator&#8221; e avisa: &#8220;Alonso e Stroll v\u00e3o ter status igual&#8221;"},"content":{"rendered":"\n<figure class=\"wp-block-embed is-type-video is-provider-youtube wp-block-embed-youtube wp-embed-aspect-16-9 wp-has-aspect-ratio\"><div class=\"wp-block-embed__wrapper\">\n<iframe loading=\"lazy\" title=\"McLAREN SEM RICCIARDO (E SEM PALOU TAMB\u00c9M?) + AUDI PERTO DA F\u00d3RMULA 1 | TT GP #66\" width=\"500\" height=\"281\" src=\"https:\/\/www.youtube.com\/embed\/Ht4xQW89lIM?feature=oembed\" frameborder=\"0\" allow=\"accelerometer; autoplay; clipboard-write; encrypted-media; gyroscope; picture-in-picture; web-share\" referrerpolicy=\"strict-origin-when-cross-origin\" allowfullscreen><\/iframe>\n<\/div><figcaption>McLAREN SEM RICCIARDO (E SEM PALOU TAMB\u00c9M?) + AUDI PERTO DA F\u00d3RMULA 1 | TT GP #66<\/figcaption><\/figure>\n\n\n\n<p class=\"wp-block-paragraph\">De veterano para veterano, campe\u00e3o mundial para campe\u00e3o mundial, a Aston Martin correu para fechar neg\u00f3cio com Fernando Alonso assim que foi noticiada da aposentadoria de Sebastian Vettel. O chefe da equipe de Silverstone, Mike Krack, detalhou como foi o processo de assimila\u00e7\u00e3o interna \u2014 a partir do momento que &#8216;Seb&#8217; confirmou o adeus \u00e0 F1 at\u00e9 o aperto de m\u00e3os com o bicampe\u00e3o mundial.<\/p>\n\n\n\n<p class=\"wp-block-paragraph\">&#8220;Sempre estivemos focados em Sebastian, mas o pressionamos para termos uma resposta antes das f\u00e9rias de meio de ano \u2014 porque quanto mais essas negocia\u00e7\u00f5es se prolongam, mais problemas voc\u00ea enfrenta. A bola &#8216;come\u00e7ou a rolar&#8217; na quarta-feira antes do GP da Hungria, quando Vettel nos confirmou seus planos e disse que iria se aposentar. N\u00f3s formalmente contatamos Fernando mais tarde naquele dia e, alguns dias depois, o acordo foi feito&#8221;, explicou. <\/p>\n\n\n\n<p class=\"wp-block-paragraph\"><strong>\u25b6\ufe0f\u00a0Inscreva-se nos dois canais do GRANDE PR\u00caMIO no YouTube:\u00a0<a href=\"https:\/\/www.youtube.com\/channel\/UC9OlHEgxoaY6QY6nWPoiqQg?sub_confirmation=1\" target=\"_blank\" rel=\"noreferrer noopener\">GP<\/a>\u00a0|\u00a0<a href=\"https:\/\/www.youtube.com\/channel\/UC9csiS6q_C3C0FYhyr1rnFA?sub_confirmation=1\" target=\"_blank\" rel=\"noreferrer noopener\">GP2<\/a><\/strong><br><strong>\u25b6\ufe0f\u00a0<a href=\"https:\/\/www.twitch.tv\/grandepremio\" target=\"_blank\" rel=\"noreferrer noopener\">Conhe\u00e7a o canal do GRANDE PR\u00caMIO na Twitch clicando aqui!<\/a><\/strong><\/p>\n\n\n\n<p class=\"wp-block-paragraph\">Krack n\u00e3o parou por a\u00ed e, no site oficial da Aston Martin, abordou tamb\u00e9m temas mais incisivos. Alonso pediu por um grand\u00edssimo sal\u00e1rio e o status de protagonista na equipe durante a mesa de negocia\u00e7\u00f5es? E preocupa\u00e7\u00e3o interna com a idade do &#8216;Pr\u00edncipe das Ast\u00farias&#8217;, existe?<\/p>\n\n\n\n<p class=\"wp-block-paragraph\">&#8220;Fernando e Lance v\u00e3o ter status igual. Fernando n\u00e3o pediu nada do tipo para n\u00f3s. Vemos a m\u00eddia dizendo que n\u00f3s oferecemos a posi\u00e7\u00e3o de primeiro piloto e um sal\u00e1rio enorme a ele, mas posso assegurar que Fernando n\u00e3o acertou conosco pelo status ou pelo dinheiro. \u00c9 claro, o pacote tem que ser de acordo com o calibre e a experi\u00eancia de Fernando, mas a velocidade com a qual fechamos o neg\u00f3cio mostra que essas coisas \u2014 sal\u00e1rio, detalhes pequenos \u2014 n\u00e3o foram os principais motivos de Fernando. Ele mesmo disse: quando as duas partes querem algo, demora somente 10 minutos. O que o convenceu foi a oportunidade de ser parte de um time que est\u00e1 progredindo e que ele possa fazer um impacto real&#8221;, afirmou Krack.<\/p>\n\n\n\n<figure class=\"wp-block-image size-large\"><img decoding=\"async\" src=\"https:\/\/www.grandepremio.com\/br\/wp-content\/uploads\/2022\/04\/GP2202_142502_56I2538-1024x683.jpg\" alt=\"\" class=\"wp-image-554423\"\/><figcaption>Mike Krack \u00e9 o chefe da Aston Martin desde o in\u00edcio de 2022 (Foto: Aston Martin)<\/figcaption><\/figure>\n\n\n\n<p class=\"wp-block-paragraph\">&#8220;N\u00e3o vejo a idade como um problema. Para mim, n\u00e3o muda nada. Ele deve ser julgado por seu ritmo e sua performance na pista \u2014 e est\u00e1 claro que, nisso, segue no auge. Al\u00e9m disso, n\u00e3o s\u00e3o os 40 os novos 30? Se isso for verdade, Fernando tem apenas 31 anos! N\u00e3o descartaria a possibilidade de que h\u00e1 anos amplos, juntos, pela frente \u2014 se a gente conseguir progredir o que precisamos quanto \u00e0 competitividade do carro. N\u00f3s n\u00e3o estamos bem em 2022 e n\u00e3o fomos em 2021 \u2014 e sabemos que precisamos entregar um carro que possa correr no pelot\u00e3o da frente&#8221;, completou.<\/p>\n\n\n\n<p class=\"wp-block-paragraph\">Por fim, o chefe da Aston Martin disse que Alonso, &#8220;uma m\u00e1quina de corrida&#8221;, mostrou-se totalmente focado e determinado em competir no mais alto n\u00edvel na F\u00f3rmula 1 \u2014 e que confia nos investimentos a longo prazo da equipe de Silverstone para isso. Ainda assim, a expectativa n\u00e3o \u00e9 de uma rela\u00e7\u00e3o tranquila e sem turbul\u00eancias; muito pelo contr\u00e1rio.<\/p>\n\n\n\n<p class=\"wp-block-paragraph\"><strong>LEIA TAMB\u00c9M<br>+ F\u00f3rmula 1 confirma sa\u00edda do GP da Fran\u00e7a em 2023, <a href=\"https:\/\/www.grandepremio.com\/br\/f1\/noticias\/formula-1-confirma-saida-franca-2023-deixa-aberto-possivel-retorno\/\" class=\"ek-link\">mas deixa aberto poss\u00edvel retorno<\/a><\/strong><\/p>\n\n\n\n<figure class=\"wp-block-image size-full\"><img decoding=\"async\" src=\"https:\/\/www.grandepremio.com\/br\/wp-content\/uploads\/2022\/07\/astonmartin-lancestroll-02-1.jpg\" alt=\"\" class=\"wp-image-591714\"\/><figcaption>Lance Stroll n\u00e3o ser\u00e1 segundo piloto em 2023; ao menos, \u00e9 o que garante a Aston Martin (Foto: Aston Martin)<\/figcaption><\/figure>\n\n\n\n<p class=\"wp-block-paragraph\">&#8220;A coisa mais importante \u00e9 ser transparente e honesto. Fernando fala a real. Mas \u00e9 tamb\u00e9m importante lembrar que pilotos como ele s\u00f3 conquistaram o que conquistaram porque est\u00e3o sempre perguntando coisas &#8211; eles pressionam, querem sempre mais. Estaria preocupado e desapontado se fosse de qualquer outra maneira. No entanto, Fernando n\u00e3o deve ser o primeiro a fazer tais perguntas; n\u00f3s \u00e9 que devemos come\u00e7ar o processo. Precisamos estar preparados e sermos capazes de nos anteciparmos \u00e0s perguntas deles. Que ideias ele pode ter? O que vai querer do carro? Quais processos ele gostaria que o time adotasse? O que ele estava fazendo em outros times que deve continuar fazendo aqui? Se tivermos todas essas respostas, ent\u00e3o Fernando saber\u00e1 que estamos por dentro de tudo &#8211; e tamb\u00e9m vai saber que estaremos dando o nosso m\u00e1ximo, que \u00e9 o que ele espera dele mesmo e de n\u00f3s&#8221;, contou Krack.<\/p>\n\n\n\n<p class=\"wp-block-paragraph\">&#8220;Vai ser f\u00e1cil trabalhar com ele? N\u00e3o, n\u00e3o vai. Ele ir\u00e1 nos desafiar e constantemente nos pressionar por mais &#8211; essa \u00e9 a natureza de um verdadeiro campe\u00e3o. Mas posso te assegurar que ele vai tirar o m\u00e1ximo do carro. Se quisermos crescer e nos tornar um time de topo, ent\u00e3o temos que ser capazes de administrar tais personagens. Fernando \u00e9 exatamente o que precisamos&#8221;, finalizou.<\/p>\n\n\n\n<figure class=\"wp-block-embed is-type-video is-provider-youtube wp-block-embed-youtube wp-embed-aspect-16-9 wp-has-aspect-ratio\"><div class=\"wp-block-embed__wrapper\">\n<iframe loading=\"lazy\" title=\"RICCIARDO ROMPE COM McLAREN. FUTURO \u00c9 NA INDY PELA GANASSI?\" width=\"500\" height=\"281\" src=\"https:\/\/www.youtube.com\/embed\/jICthjpkaKM?feature=oembed\" frameborder=\"0\" allow=\"accelerometer; autoplay; clipboard-write; encrypted-media; gyroscope; picture-in-picture; web-share\" referrerpolicy=\"strict-origin-when-cross-origin\" allowfullscreen><\/iframe>\n<\/div><figcaption>RICCIARDO ROMPE COM McLAREN. FUTURO \u00c9 NA INDY PELA GANASSI?<\/figcaption><\/figure>\n","protected":false},"excerpt":{"rendered":"<p>Chefe da equipe de Silverstone, Mike Krack ofereceu muitos detalhes sobre a negocia\u00e7\u00e3o com o bicampe\u00e3o mundial. Ainda segundo Krack, n\u00e3o h\u00e1 nenhuma preocupa\u00e7\u00e3o interna com a idade do &#8216;Pr\u00edncipe das Ast\u00farias&#8217;<\/p>\n","protected":false},"author":0,"featured_media":1000594084,"comment_status":"closed","ping_status":"closed","sticky":false,"template":"","format":"standard","meta":{"42wp_featured_image_caption":"","42wp_featured_image_credits":"","42wp_featured_video":"","42wp_featured_image_hidden":false,"42wp_authors_list":[],"footnotes":""},"categories":[2],"tags":[388,309,147,1357,176,24837,31064,24836,28285,32026,485,30559,13632],"42wp_author":[47143],"class_list":["post-109580","post","type-post","status-publish","format-standard","has-post-thumbnail","hentry","category-f1","tag-alonso","tag-aston-martin","tag-f1","tag-f1-2022","tag-fernando-alonso","tag-formula-1-2","tag-formula-1-2022-3","tag-grande-premio-2","tag-grandepremio","tag-krack","tag-lance-stroll","tag-mike-krack","tag-stroll","42wp_author-felipe-leite"],"_links":{"self":[{"href":"https:\/\/grandepremio.com\/br\/wp-json\/wp\/v2\/posts\/109580","targetHints":{"allow":["GET"]}}],"collection":[{"href":"https:\/\/grandepremio.com\/br\/wp-json\/wp\/v2\/posts"}],"about":[{"href":"https:\/\/grandepremio.com\/br\/wp-json\/wp\/v2\/types\/post"}],"replies":[{"embeddable":true,"href":"https:\/\/grandepremio.com\/br\/wp-json\/wp\/v2\/comments?post=109580"}],"version-history":[{"count":0,"href":"https:\/\/grandepremio.com\/br\/wp-json\/wp\/v2\/posts\/109580\/revisions"}],"wp:featuredmedia":[{"embeddable":true,"href":"https:\/\/grandepremio.com\/br\/wp-json\/wp\/v2\/media\/1000594084"}],"wp:attachment":[{"href":"https:\/\/grandepremio.com\/br\/wp-json\/wp\/v2\/media?parent=109580"}],"wp:term":[{"taxonomy":"category","embeddable":true,"href":"https:\/\/grandepremio.com\/br\/wp-json\/wp\/v2\/categories?post=109580"},{"taxonomy":"post_tag","embeddable":true,"href":"https:\/\/grandepremio.com\/br\/wp-json\/wp\/v2\/tags?post=109580"},{"taxonomy":"42wp_author","embeddable":true,"href":"https:\/\/grandepremio.com\/br\/wp-json\/wp\/v2\/42wp_author?post=109580"}],"curies":[{"name":"wp","href":"https:\/\/api.w.org\/{rel}","templated":true}]}}