{"id":109599,"date":"2022-08-24T12:21:31","date_gmt":"2022-08-24T15:21:31","guid":{"rendered":"https:\/\/grandepremio.com\/br\/noticias\/chefe-mclaren-andreas-seidl-admite-responsabilidade-fracasso-daniel-ricciardo-tentamos-tudo\/"},"modified":"2022-08-24T14:31:39","modified_gmt":"2022-08-24T17:31:39","slug":"chefe-mclaren-andreas-seidl-admite-responsabilidade-fracasso-daniel-ricciardo-tentamos-tudo","status":"publish","type":"post","link":"https:\/\/grandepremio.com\/br\/f1\/chefe-mclaren-andreas-seidl-admite-responsabilidade-fracasso-daniel-ricciardo-tentamos-tudo\/","title":{"rendered":"Chefe da McLaren admite responsabilidade por fracasso de Ricciardo: &#8220;Tentamos tudo&#8221;"},"content":{"rendered":"\n<figure class=\"wp-block-embed is-type-video is-provider-youtube wp-block-embed-youtube wp-embed-aspect-16-9 wp-has-aspect-ratio\"><div class=\"wp-block-embed__wrapper\">\n<iframe loading=\"lazy\" title=\"RICCIARDO ROMPE COM McLAREN. FUTURO \u00c9 NA INDY PELA GANASSI?\" width=\"500\" height=\"281\" src=\"https:\/\/www.youtube.com\/embed\/jICthjpkaKM?feature=oembed\" frameborder=\"0\" allow=\"accelerometer; autoplay; clipboard-write; encrypted-media; gyroscope; picture-in-picture; web-share\" referrerpolicy=\"strict-origin-when-cross-origin\" allowfullscreen><\/iframe>\n<\/div><\/figure>\n\n\n\n<p class=\"wp-block-paragraph\">A sa\u00edda de Daniel Ricciardo da McLaren ao final deste ano <a href=\"https:\/\/www.grandepremio.com\/br\/f1\/noticias\/mclaren-daniel-ricciardo-fecham-acordo-acertam-rescisao-contrato-fim-2022\/\" class=\"ek-link\">j\u00e1 era uma pedra cantada<\/a>, mas a equipe resolveu assumir sua parcela de culpa pelas performances abaixo do esperado do australiano. O chefe, Andreas Seidl, falou ao site Racer.com que teve in\u00fameras reuni\u00f5es com o CEO do time, Zak Brown, junto com o piloto e que o fim da parceria acabou sendo o caminho natural.<\/p>\n\n\n\n<p class=\"wp-block-paragraph\">Seidl explicou que houve um grande esfor\u00e7o de ambos os lados para o trabalho dar certo, mas Ricciardo n\u00e3o conseguiu render o mesmo que Lando Norris, mesmo tendo vencido o GP da It\u00e1lia, em 2021. &#8220;N\u00e3o \u00e9 segredo que, se olharmos para os \u00faltimos 18 meses que passamos juntos, fica claro que n\u00e3o alcan\u00e7amos os resultados que quer\u00edamos \u2014 apesar de destaques como a grande vit\u00f3ria em Monza&#8221;, disse Seidl.<\/p>\n\n\n\n<p class=\"wp-block-paragraph\">&#8220;Por isso tivemos v\u00e1rias discuss\u00f5es no \u00faltimo m\u00eas \u2014 Zak e eu, junto com Daniel \u2014, mas, no fim, temos de reconhecer que n\u00e3o fizemos isso funcionar em conjunto, apesar de todo o compromisso de Daniel, da equipe, de todo o nosso esfor\u00e7o&#8221;, continuou o chefe do time de Woking.<\/p>\n\n\n\n<p class=\"wp-block-paragraph\"><strong>\u25b6\ufe0f\u00a0Inscreva-se nos dois canais do GRANDE PR\u00caMIO no YouTube:\u00a0<a href=\"https:\/\/www.youtube.com\/channel\/UC9OlHEgxoaY6QY6nWPoiqQg?sub_confirmation=1\" target=\"_blank\" rel=\"noreferrer noopener\">GP<\/a>\u00a0|\u00a0<a href=\"https:\/\/www.youtube.com\/channel\/UC9csiS6q_C3C0FYhyr1rnFA?sub_confirmation=1\" target=\"_blank\" rel=\"noreferrer noopener\">GP2<\/a><\/strong><br><strong>\u25b6\ufe0f\u00a0<a href=\"https:\/\/www.twitch.tv\/grandepremio\" target=\"_blank\" rel=\"noreferrer noopener\">Conhe\u00e7a o canal do GRANDE PR\u00caMIO na Twitch clicando aqui!<\/a><\/strong><\/p>\n\n\n\n<figure class=\"wp-block-image size-large\"><img decoding=\"async\" src=\"https:\/\/www.grandepremio.com\/br\/wp-content\/uploads\/2021\/04\/2021BahrainGrandPrixSundayGP2101_133750_56I5282-1024x683.jpg\" alt=\"ZAK BROWN; ANDREAS SEIDL; MCLAREN;\" class=\"wp-image-462916\"\/><figcaption>Zak Brown e Andreas Seidl, respectivamente CEO e chefe de equipe da McLaren (Foto: McLaren)<\/figcaption><\/figure>\n\n\n\n<p class=\"wp-block-paragraph\">A raz\u00e3o da sa\u00edda de Ricciardo, de acordo com Seidl, foi simplesmente perceber que a parceria n\u00e3o tinha dado certo, principalmente frente \u00e0s ambi\u00e7\u00f5es da equipe na F1. A McLaren, ent\u00e3o, optou pela mudan\u00e7a para 2023. &#8220;Concordamos mutuamente com Daniel que rescindir\u00edamos contrato ao final do ano.&#8221;<\/p>\n\n\n\n<p class=\"wp-block-paragraph\">&#8220;Do lado da equipe, houve um grande compromisso e um esfor\u00e7o enorme para que desse certo. Aconteceu o mesmo da parte de Daniel, e acho que tamb\u00e9m est\u00e1 claro que em rela\u00e7\u00e3o aos desafios internos, n\u00e3o fizemos nenhum coment\u00e1rio sobre as conversas que tivemos. O importante para mim \u2014 e \u00e9 assim que trabalhamos tanto com nossos colegas e funcion\u00e1rios, quanto com nossos pilotos \u2014 \u00e9 ter um di\u00e1logo interno aberto, honesto e transparente, e sempre tivemos isso&#8221;, continuou o dirigente.<\/p>\n\n\n\n<p class=\"wp-block-paragraph\">&#8220;Tentamos tudo o que foi poss\u00edvel de ambos os lados; infelizmente, n\u00e3o deu certo&#8221;, lamentou Seidl, sem deixar de lado a sua parcela de culpa. &#8220;O que tamb\u00e9m \u00e9 minha responsabilidade, como chefe da equipe. No fim, \u00e9 um esfor\u00e7o conjunto entre equipe piloto, e tamb\u00e9m uma responsabilidade compartilhada quando n\u00e3o d\u00e1 certo&#8221;, completou.<\/p>\n\n\n\n<p class=\"wp-block-paragraph\">Restam nove corridas para o fim da temporada, e a McLaren est\u00e1 em quinto lugar no Mundial de Construtores, apenas quatro pontos atr\u00e1s da Alpine. Bater a equipe francesa \u00e9 o principal objetivo dos ingleses, e Seidl n\u00e3o tem d\u00favidas de que Ricciardo vai se empenhar ao m\u00e1ximo para &#8220;encerrar a parceria em alta&#8221;.<\/p>\n\n\n\n<p class=\"wp-block-paragraph\">&#8220;Claro que n\u00e3o \u00e9 o resultado que todos procur\u00e1vamos, mas, ao mesmo tempo, \u00e9 importante agora mudarmos o foco para as pr\u00f3ximas nove corridas restantes e dar tudo de n\u00f3s mais uma vez como equipe. Daniel far\u00e1 o mesmo e tentar\u00e1 encerrar nossa parceria em alta, o que ser\u00e1 importante, pois estamos numa batalha acirrada contra a Alpine e definitivamente queremos voltar ao quarto lugar no Mundial de Construtores&#8221;, finalizou.<\/p>\n\n\n\n<p class=\"wp-block-paragraph\"><strong>LEIA MAIS <br>McLaren dispensa Ricciardo <a href=\"https:\/\/www.grandepremio.com\/br\/f1\/noticias\/mclaren-dispensa-daniel-ricciardo-lembranca-vitoria-periodo-trabalho-prazeroso\/\" class=\"ek-link\">com lembran\u00e7a de vit\u00f3ria e per\u00edodo de \u201ctrabalho prazeroso\u201d<\/a><br>Ricciardo se despede da McLaren e relembra vit\u00f3ria em Monza: <a href=\"https:\/\/www.grandepremio.com\/br\/f1\/noticias\/daniel-ricciardo-vitoria-monza-mclaren-despedida-sem-arrependimentos\/\" class=\"ek-link\">\u201cSem arrependimentos\u201d<\/a><br>Ricciardo v\u00ea amor por F1 inabalado ap\u00f3s passagem pela McLaren: <a href=\"https:\/\/www.grandepremio.com\/br\/f1\/noticias\/daniel-ricciardo-amor-f1-inabalado-passagem-mclaren-nao-ponto-final\/\" class=\"ek-link\">\u201cN\u00e3o \u00e9 ponto final\u201d<\/a><\/strong><\/p>\n","protected":false},"excerpt":{"rendered":"<p>Andreas Seidl declarou ao site Racer.com que houve esfor\u00e7o de ambos os lados para que a parceria entre Daniel Ricciardo e a McLaren desse certo, mas que eles optaram pela rescis\u00e3o em comum acordo ap\u00f3s a equipe entender que uma mudan\u00e7a era necess\u00e1ria para buscar resultados <\/p>\n","protected":false},"author":0,"featured_media":1000587162,"comment_status":"closed","ping_status":"closed","sticky":false,"template":"","format":"standard","meta":{"42wp_featured_image_caption":"","42wp_featured_image_credits":"","42wp_featured_video":"","42wp_featured_image_hidden":false,"42wp_authors_list":[],"footnotes":""},"categories":[2],"tags":[545,211,147,1357,6533,24837,90,30986,580],"42wp_author":[47147],"class_list":["post-109599","post","type-post","status-publish","format-standard","has-post-thumbnail","hentry","category-f1","tag-andreas-seidl","tag-daniel-ricciardo","tag-f1","tag-f1-2022","tag-f1-2023","tag-formula-1-2","tag-mclaren","tag-temporada-2022-f1","tag-zak-brown","42wp_author-luana-marino"],"_links":{"self":[{"href":"https:\/\/grandepremio.com\/br\/wp-json\/wp\/v2\/posts\/109599","targetHints":{"allow":["GET"]}}],"collection":[{"href":"https:\/\/grandepremio.com\/br\/wp-json\/wp\/v2\/posts"}],"about":[{"href":"https:\/\/grandepremio.com\/br\/wp-json\/wp\/v2\/types\/post"}],"replies":[{"embeddable":true,"href":"https:\/\/grandepremio.com\/br\/wp-json\/wp\/v2\/comments?post=109599"}],"version-history":[{"count":0,"href":"https:\/\/grandepremio.com\/br\/wp-json\/wp\/v2\/posts\/109599\/revisions"}],"wp:featuredmedia":[{"embeddable":true,"href":"https:\/\/grandepremio.com\/br\/wp-json\/wp\/v2\/media\/1000587162"}],"wp:attachment":[{"href":"https:\/\/grandepremio.com\/br\/wp-json\/wp\/v2\/media?parent=109599"}],"wp:term":[{"taxonomy":"category","embeddable":true,"href":"https:\/\/grandepremio.com\/br\/wp-json\/wp\/v2\/categories?post=109599"},{"taxonomy":"post_tag","embeddable":true,"href":"https:\/\/grandepremio.com\/br\/wp-json\/wp\/v2\/tags?post=109599"},{"taxonomy":"42wp_author","embeddable":true,"href":"https:\/\/grandepremio.com\/br\/wp-json\/wp\/v2\/42wp_author?post=109599"}],"curies":[{"name":"wp","href":"https:\/\/api.w.org\/{rel}","templated":true}]}}