{"id":109644,"date":"2022-08-22T12:53:58","date_gmt":"2022-08-22T15:53:58","guid":{"rendered":"https:\/\/grandepremio.com\/br\/noticias\/alfa-romeo-definicao-audi-motores-f1-2026-momento-conversar\/"},"modified":"2022-08-22T13:05:31","modified_gmt":"2022-08-22T16:05:31","slug":"alfa-romeo-definicao-audi-motores-f1-2026-momento-conversar","status":"publish","type":"post","link":"https:\/\/grandepremio.com\/br\/f1\/alfa-romeo-definicao-audi-motores-f1-2026-momento-conversar\/","title":{"rendered":"Alfa Romeo quer defini\u00e7\u00e3o da Audi sobre motores de 2026 para \u201cmomento de conversar\u201d"},"content":{"rendered":"\n<figure class=\"wp-block-embed is-type-video is-provider-youtube wp-block-embed-youtube wp-embed-aspect-16-9 wp-has-aspect-ratio\"><div class=\"wp-block-embed__wrapper\">\n<iframe loading=\"lazy\" title=\"HAMILTON EMPLACA CINCO P\u00d3DIOS SEGUIDOS. VAI VENCER NA F\u00d3RMULA 1 2022?\" width=\"500\" height=\"281\" src=\"https:\/\/www.youtube.com\/embed\/bAsMjfc55F8?feature=oembed\" frameborder=\"0\" allow=\"accelerometer; autoplay; clipboard-write; encrypted-media; gyroscope; picture-in-picture; web-share\" referrerpolicy=\"strict-origin-when-cross-origin\" allowfullscreen><\/iframe>\n<\/div><figcaption>HAMILTON EMPLACA CINCO P\u00d3DIOS SEGUIDOS. VAI VENCER NA F\u00d3RMULA 1 2022?<\/figcaption><\/figure>\n\n\n\n<p class=\"wp-block-paragraph\">A Volkswagen busca o melhor caminho para duas de suas mais importantes marcas \u2014 Porsche e Audi \u2014 entrarem na F1 em 2026, quando estreia um novo regulamento de unidades de pot\u00eancia. E enquanto a primeira est\u00e1 ligada a uma parceria com a Red Bull pelo fornecimento de motores, a segunda visa entrar com um time pr\u00f3prio e j\u00e1 at\u00e9 conversou com o Grupo Sauber sobre uma poss\u00edvel compra. Fr\u00e9d\u00e9ric Vasseur, entretanto, n\u00e3o quer prejudicar o atual acordo com a Alfa Romeo e pediu cautela.<\/p>\n\n\n\n<p class=\"wp-block-paragraph\">O dirigente franc\u00eas, que atualmente trabalha como chefe da Alfa Romeo na F\u00f3rmula 1, n\u00e3o quer tirar o foco da parceria atual \u2014 e saud\u00e1vel \u2014 com a equipe italiana. O acordo entre as partes come\u00e7ou em 2018, com a introdu\u00e7\u00e3o da Alfa Romeo Sauber, e a partir de 2019 apenas o nome da fabricante passou a fazer parte da nomenclatura. Ainda assim, o controle segue sendo do grupo su\u00ed\u00e7o, que \u00e9 o principal alvo da Audi para dar continuidade ao plano de entrar na categoria.<\/p>\n\n\n\n<p class=\"wp-block-paragraph\">&#8220;Eu estou mais do que feliz com a parceria com eles [Alfa Romeo], porque n\u00e3o s\u00e3o apenas um patrocinador, mas parceiros. Desenvolvemos projetos juntos&#8221;, destacou Vasseur em entrevista ao Motorsport. &#8220;Acima de tudo, o relacionamento entre Alfa Romeo Stellantis [grupo que det\u00e9m a marca da equipe, entre outras] de um lado e da equipe [Sauber] de outro \u00e9 muito, muito bom&#8221;, salientou.<\/p>\n\n\n\n<p class=\"wp-block-paragraph\"><strong>\u25b6\ufe0f&nbsp;<a href=\"https:\/\/www.twitch.tv\/grandepremio\" target=\"_blank\" rel=\"noreferrer noopener\">Conhe\u00e7a o canal do GRANDE PR\u00caMIO na Twitch clicando aqui!<\/a><\/strong><\/p>\n\n\n\n<figure class=\"wp-block-image size-large\"><img decoding=\"async\" src=\"https:\/\/www.grandepremio.com\/br\/wp-content\/uploads\/2022\/05\/large-2022-Australian-Grand-Prix-Saturday-1024x683.jpg\" alt=\"\" class=\"wp-image-577007\"\/><figcaption>Vasseur n\u00e3o quer prejudicar rela\u00e7\u00f5es entre Sauber e Alfa Romeo (Foto: Florent Gooden\/Alfa Romeo)<\/figcaption><\/figure>\n\n\n\n<p class=\"wp-block-paragraph\"><strong>\u25b6\ufe0f&nbsp;Inscreva-se nos dois canais do GRANDE PR\u00caMIO no YouTube:&nbsp;<a href=\"https:\/\/www.youtube.com\/channel\/UC9OlHEgxoaY6QY6nWPoiqQg?sub_confirmation=1\" target=\"_blank\" rel=\"noreferrer noopener\">GP<\/a>&nbsp;|&nbsp;<a href=\"https:\/\/www.youtube.com\/channel\/UC9csiS6q_C3C0FYhyr1rnFA?sub_confirmation=1\" target=\"_blank\" rel=\"noreferrer noopener\">GP2<\/a><\/strong><\/p>\n\n\n\n<p class=\"wp-block-paragraph\">O n\u00edvel da Alfa Romeo claramente deu um salto de produ\u00e7\u00e3o em rela\u00e7\u00e3o ao ano passado, e Vasseur acredita que o trabalho em conjunto da equipe com a Sauber teve sua parcela de responsabilidade pela evolu\u00e7\u00e3o do carro de um ano para o outro.<\/p>\n\n\n\n<p class=\"wp-block-paragraph\">&#8220;Tamb\u00e9m acho que de algum jeito, parte dos bons resultados de agora s\u00e3o por causa de todo nosso trabalho em conjunto&#8221;, afirmou. &#8220;Eles tamb\u00e9m est\u00e3o nos ajudando a encontrar novos parceiros. Eu realmente gosto dessa parceria&#8221;, complementou Vasseur.<\/p>\n\n\n\n<p class=\"wp-block-paragraph\">Sobre uma poss\u00edvel venda para a Audi, Vasseur em nenhum momento descartou o tema. No entanto, o franc\u00eas novamente pregou cautela e preferiu esperar, dizendo que \u00e9 necess\u00e1rio que a marca alem\u00e3 defina o que precisa ser feito em rela\u00e7\u00e3o aos novos motores, <a href=\"https:\/\/www.grandepremio.com\/br\/f1\/noticias\/fia-aprova-novo-regulamento-motores-2026-da-luz-verde-porsche-audi\/\" target=\"_blank\" aria-label=\"que tiveram seu novo regulamento revelado na \u00faltima semana (opens in a new tab)\" rel=\"noreferrer noopener\" class=\"ek-link\">que tiveram seu novo regulamento revelado na \u00faltima semana<\/a>.<\/p>\n\n\n\n<p class=\"wp-block-paragraph\">&#8220;Primeiro, acho que eles precisam definir a situa\u00e7\u00e3o com os motores&#8221;, explicou. &#8220;\u00c9 claro, eles v\u00e3o discutir com todos no paddock, v\u00e3o fazer o trabalho deles. Assim que eles tiverem confirma\u00e7\u00e3o de seu comprometimento sobre os motores, provavelmente ser\u00e1 o momento de conversar&#8221;, ressaltou.<\/p>\n\n\n\n<p class=\"wp-block-paragraph\">&#8220;Mas a coisa mais importante \u00e9 que temos o projeto com a Alfa Romeo hoje&#8221;, repetiu. &#8220;Eu n\u00e3o quero misturar as coisas, eu quero dar o melhor poss\u00edvel \u00e0 Alfa Romeo&#8221;, finalizou o franc\u00eas.<\/p>\n","protected":false},"excerpt":{"rendered":"<p>Chefe da Alfa Romeo, Fr\u00e9d\u00e9ric Vasseur pediu calma sobre negocia\u00e7\u00f5es com a Audi por n\u00e3o querer afetar parceria que vem rendendo frutos entre a equipe italiana e a Sauber<\/p>\n","protected":false},"author":0,"featured_media":1000598294,"comment_status":"closed","ping_status":"closed","sticky":false,"template":"","format":"standard","meta":{"42wp_featured_image_caption":"","42wp_featured_image_credits":"","42wp_featured_video":"","42wp_featured_image_hidden":false,"42wp_authors_list":[],"footnotes":""},"categories":[2],"tags":[457,970,8866,147,1357,29516,24837,1322,1647,24836,28285,4122,307,656,736,204,1197,26148,1524],"42wp_author":[47142],"class_list":["post-109644","post","type-post","status-publish","format-standard","has-post-thumbnail","hentry","category-f1","tag-alfa-romeo","tag-audi","tag-budapeste","tag-f1","tag-f1-2022","tag-f1-2026","tag-formula-1-2","tag-frederic-vasseur","tag-gp-da-hungria","tag-grande-premio-2","tag-grandepremio","tag-hungaroring","tag-motor","tag-motores","tag-porsche","tag-red-bull","tag-sauber","tag-unidade-de-potencia","tag-volkswagen","42wp_author-jp-nascimento"],"_links":{"self":[{"href":"https:\/\/grandepremio.com\/br\/wp-json\/wp\/v2\/posts\/109644","targetHints":{"allow":["GET"]}}],"collection":[{"href":"https:\/\/grandepremio.com\/br\/wp-json\/wp\/v2\/posts"}],"about":[{"href":"https:\/\/grandepremio.com\/br\/wp-json\/wp\/v2\/types\/post"}],"replies":[{"embeddable":true,"href":"https:\/\/grandepremio.com\/br\/wp-json\/wp\/v2\/comments?post=109644"}],"version-history":[{"count":0,"href":"https:\/\/grandepremio.com\/br\/wp-json\/wp\/v2\/posts\/109644\/revisions"}],"wp:featuredmedia":[{"embeddable":true,"href":"https:\/\/grandepremio.com\/br\/wp-json\/wp\/v2\/media\/1000598294"}],"wp:attachment":[{"href":"https:\/\/grandepremio.com\/br\/wp-json\/wp\/v2\/media?parent=109644"}],"wp:term":[{"taxonomy":"category","embeddable":true,"href":"https:\/\/grandepremio.com\/br\/wp-json\/wp\/v2\/categories?post=109644"},{"taxonomy":"post_tag","embeddable":true,"href":"https:\/\/grandepremio.com\/br\/wp-json\/wp\/v2\/tags?post=109644"},{"taxonomy":"42wp_author","embeddable":true,"href":"https:\/\/grandepremio.com\/br\/wp-json\/wp\/v2\/42wp_author?post=109644"}],"curies":[{"name":"wp","href":"https:\/\/api.w.org\/{rel}","templated":true}]}}