{"id":109666,"date":"2022-08-21T11:49:39","date_gmt":"2022-08-21T14:49:39","guid":{"rendered":"https:\/\/grandepremio.com\/br\/noticias\/fabio-quartararo-magica-sai-mais-lider-motogp-2022-austria-confira-classificacao\/"},"modified":"2022-08-21T11:50:50","modified_gmt":"2022-08-21T14:50:50","slug":"fabio-quartararo-magica-sai-mais-lider-motogp-2022-austria-confira-classificacao","status":"publish","type":"post","link":"https:\/\/grandepremio.com\/br\/motogp\/fabio-quartararo-magica-sai-mais-lider-motogp-2022-austria-confira-classificacao\/","title":{"rendered":"Quartararo faz m\u00e1gica e sai mais l\u00edder da MotoGP 2022 da \u00c1ustria. Confira classifica\u00e7\u00e3o"},"content":{"rendered":"\n<figure class=\"wp-block-embed is-type-video is-provider-youtube wp-block-embed-youtube wp-embed-aspect-16-9 wp-has-aspect-ratio\"><div class=\"wp-block-embed__wrapper\">\n<iframe loading=\"lazy\" title=\"BAGNAIA ENGATA BOA SEQU\u00caNCIA E BOTA PRESS\u00c3O EM CIMA DE QUARTARARO NA MOTOGP\" width=\"500\" height=\"281\" src=\"https:\/\/www.youtube.com\/embed\/Gg1-oa79f-Y?feature=oembed\" frameborder=\"0\" allow=\"accelerometer; autoplay; clipboard-write; encrypted-media; gyroscope; picture-in-picture; web-share\" referrerpolicy=\"strict-origin-when-cross-origin\" allowfullscreen><\/iframe>\n<\/div><figcaption>BAGNAIA ENGATA BOA SEQU\u00caNCIA E BOTA PRESS\u00c3O EM CIMA DE QUARTARARO NA MOTOGP<\/figcaption><\/figure>\n\n\n\n<p class=\"wp-block-paragraph\">Fabio Quartararo fez m\u00e1gica no GP da \u00c1ustria. Em um circuito amplamente favor\u00e1vel \u00e0 Ducati, como \u00e9 o Red Bull Ring, o franc\u00eas n\u00e3o s\u00f3 conseguiu um segundo lugar neste domingo (21), mas ainda saiu com uma vantagem maior no Mundial de Pilotos da MotoGP 2022.<\/p>\n\n\n\n<p class=\"wp-block-paragraph\">Ainda que Francesco Bagnaia tenha faturado a quinta vit\u00f3ria do ano \u2014 \u00e9 o piloto que mais venceu na temporada \u2014, Fabio aproveitou um dia apagadinho de Aleix Espargar\u00f3 para \u2018engordar o porquinho. Com os 20 pontos do 20 lugar em Spielberg, chegou a 200 pontos e ampliou a vantagem de 22 para 32 pontos em rela\u00e7\u00e3o ao titular da Aprilia.<\/p>\n\n\n\n<figure class=\"wp-block-image size-large\"><img decoding=\"async\" src=\"https:\/\/www.grandepremio.com\/br\/wp-content\/uploads\/2020\/05\/000_32GV77J-1024x683.jpg\" alt=\"\" class=\"wp-image-605466\"\/><figcaption>Fabio Quartararo ampliou a vantagem na lideran\u00e7a da MotoGP (Foto: Vladimir Simicek\/AFP)<\/figcaption><\/figure>\n\n\n\n<p class=\"wp-block-paragraph\"><strong>\u25b6\ufe0f\u00a0Inscreva-se nos dois canais do GRANDE PR\u00caMIO no YouTube:\u00a0<a href=\"https:\/\/www.youtube.com\/channel\/UC9OlHEgxoaY6QY6nWPoiqQg?sub_confirmation=1\" target=\"_blank\" rel=\"noreferrer noopener\">GP<\/a>\u00a0|\u00a0<a href=\"https:\/\/www.youtube.com\/channel\/UC9csiS6q_C3C0FYhyr1rnFA?sub_confirmation=1\" target=\"_blank\" rel=\"noreferrer noopener\">GP2<\/a><\/strong><\/p>\n\n\n\n<p class=\"wp-block-paragraph\">Pecco segue em terceiro, mas agora, ao inv\u00e9s de 59 pontos de atraso, tem 44 a menos que Fabio. Enea Bastianini pagou um pre\u00e7o alto pelo abandono e caiu de quarto para sexto, 82 pontos atr\u00e1s.<\/p>\n\n\n\n<p class=\"wp-block-paragraph\">Johann Zarco agora ocupa a quarta coloca\u00e7\u00e3o, com 75 pontos a menos que o l\u00edder do campeonato. Jack Miller avan\u00e7ou para quinto, com dois tentos a menos que o franc\u00eas da Pramac. Brad Binder permanece em s\u00e9timo, agora diante de \u00c1lex Rins.<\/p>\n\n\n\n<p class=\"wp-block-paragraph\">Jorge Mart\u00edn, apesar de ter ca\u00eddo no fim da corrida, aproveitou que conseguiu voltar para receber a bandeirada para subir de 11\u00ba para nono na classifica\u00e7\u00e3o, 113 pontos atr\u00e1s de Quartararo. Miguel Oliveira fecha o top-10.<\/p>\n\n\n\n<p class=\"wp-block-paragraph\">Maverick Vi\u00f1ales desceu de nono para 11\u00ba, seguido por Joan Mir e Luca Marini, que subiu duas posi\u00e7\u00f5es. Marco Bezzecchi, Marc M\u00e1rquez, Takaaki Nakagami, Pol Espargar\u00f3, \u00c1lex M\u00e1rquez, Franco Morbidelli e Fabio Di Giannantonio aparecem na sequ\u00eancia.<\/p>\n\n\n\n<p class=\"wp-block-paragraph\">Andrea Dovizioso somou um ponto e passou Darryn Binder para ser 21\u00ba. Remy Gardner e Ra\u00fal Fern\u00e1ndez s\u00e3o os dois \u00faltimos com pontos na classifica\u00e7\u00e3o.<\/p>\n\n\n\n<figure class=\"wp-block-table\"><table><tbody><tr><td>&nbsp;<\/td><td>&nbsp;<\/td><td>&nbsp;<\/td><td>Poles<\/td><td>Vit\u00f3rias<\/td><td>Pontos<\/td><\/tr><tr><td><strong>1<\/strong><\/td><td>F QUARTARARO<\/td><td>Yamaha<\/td><td>1<\/td><td>3<\/td><td>200<\/td><\/tr><tr><td><strong>2<\/strong><\/td><td>A ESPARGAR\u00d3<\/td><td>Aprilia<\/td><td>2<\/td><td>1<\/td><td>168<\/td><\/tr><tr><td><strong>3<\/strong><\/td><td>F BAGNAIA<\/td><td>Ducati<\/td><td>4<\/td><td>5<\/td><td>156<\/td><\/tr><tr><td><strong>4<\/strong><\/td><td>J ZARCO<\/td><td>Pramac Ducati<\/td><td>2<\/td><td>&#8211;<\/td><td>125<\/td><\/tr><tr><td><strong>5<\/strong><\/td><td>J MILLER<\/td><td>Ducati<\/td><td>&#8211;<\/td><td>&#8211;<\/td><td>123<\/td><\/tr><tr><td><strong>6<\/strong><\/td><td>E BASTIANINI<\/td><td>Gresini Ducati<\/td><td>1<\/td><td>3<\/td><td>118<\/td><\/tr><tr><td><strong>7<\/strong><\/td><td>B BINDER<\/td><td>KTM<\/td><td>&#8211;<\/td><td>&#8211;<\/td><td>107<\/td><\/tr><tr><td><strong>8<\/strong><\/td><td>\u00c1 RINS<\/td><td>Suzuki<\/td><td>&#8211;<\/td><td>&#8211;<\/td><td>92<\/td><\/tr><tr><td><strong>9<\/strong><\/td><td>J MART\u00cdN<\/td><td>Pramac Ducati<\/td><td>2<\/td><td>&#8211;<\/td><td>87<\/td><\/tr><tr><td><strong>10<\/strong><\/td><td>M OLIVEIRA<\/td><td>KTM<\/td><td>&#8211;<\/td><td>1<\/td><td>85<\/td><\/tr><tr><td><strong>11<\/strong><\/td><td>M VI\u00d1ALES<\/td><td>Aprilia<\/td><td>&#8211;<\/td><td>&#8211;<\/td><td>85<\/td><\/tr><tr><td><strong>12<\/strong><\/td><td>J MIR<\/td><td>Suzuki<\/td><td>&#8211;<\/td><td>&#8211;<\/td><td>77<\/td><\/tr><tr><td><strong>13<\/strong><\/td><td>L MARINI<\/td><td>VR46<\/td><td>&#8211;<\/td><td>&#8211;<\/td><td>69<\/td><\/tr><tr><td><strong>14<\/strong><\/td><td>M BEZZECCHI<\/td><td>VR46<\/td><td>&#8211;<\/td><td>&#8211;<\/td><td>68<\/td><\/tr><tr><td><strong>15<\/strong><\/td><td>M M\u00c1RQUEZ<\/td><td>Honda<\/td><td>&#8211;<\/td><td>&#8211;<\/td><td>60<\/td><\/tr><tr><td><strong>16<\/strong><\/td><td>T NAKAGAMI<\/td><td>LCR Honda<\/td><td>&#8211;<\/td><td>&#8211;<\/td><td>45<\/td><\/tr><tr><td><strong>17<\/strong><\/td><td>P ESPARGAR\u00d3<\/td><td>Honda<\/td><td>&#8211;<\/td><td>&#8211;<\/td><td>42<\/td><\/tr><tr><td><strong>18<\/strong><\/td><td>A M\u00c1RQUEZ<\/td><td>LCR Honda<\/td><td>&#8211;<\/td><td>&#8211;<\/td><td>29<\/td><\/tr><tr><td><strong>19<\/strong><\/td><td>F MORBIDELLI<\/td><td>Yamaha<\/td><td>&#8211;<\/td><td>&#8211;<\/td><td>26<\/td><\/tr><tr><td><strong>20<\/strong><\/td><td>F DI GIANNANTONIO<\/td><td>Gresini Ducati<\/td><td>1<\/td><td>&#8211;<\/td><td>23<\/td><\/tr><tr><td><strong>21<\/strong><\/td><td>A DOVIZIOSO<\/td><td>RNF YAMAHA<\/td><td>&#8211;<\/td><td>&#8211;<\/td><td>11<\/td><\/tr><tr><td><strong>22<\/strong><\/td><td>D BINDER<\/td><td>RNF YAMAHA<\/td><td>&#8211;<\/td><td>&#8211;<\/td><td>10<\/td><\/tr><tr><td><strong>23<\/strong><\/td><td>R GARDNER<\/td><td>Tech3 KTM<\/td><td>&#8211;<\/td><td>&#8211;<\/td><td>9<\/td><\/tr><tr><td><strong>24<\/strong><\/td><td>R FERN\u00c1NDEZ<\/td><td>Tech3 KTM<\/td><td>&#8211;<\/td><td>&#8211;<\/td><td>5<\/td><\/tr><tr><td><strong>25<\/strong><\/td><td>S BRADL<\/td><td>Honda<\/td><td>&#8211;<\/td><td>&#8211;<\/td><td>0<\/td><\/tr><tr><td><strong>26<\/strong><\/td><td>M PIRRO<\/td><td>Ducati<\/td><td>&#8211;<\/td><td>&#8211;<\/td><td>0<\/td><\/tr><tr><td><strong>27<\/strong><\/td><td>L SAVADORI<\/td><td>Aprilia<\/td><td>&#8211;<\/td><td>&#8211;<\/td><td>0<\/td><\/tr><\/tbody><\/table><\/figure>\n\n\n\n<h3 class=\"wp-block-heading\" id=\"h-motogp-2022-mundial-de-construtores\"><strong>MotoGP 2022: Mundial de Construtores<\/strong><\/h3>\n\n\n\n<p class=\"wp-block-paragraph\">Na disputa entre das f\u00e1bricas, as posi\u00e7\u00f5es seguem inalteradas. A Ducati comanda o campeonato com 296 pontos, 96 a mais que a Yamaha. A Aprilia \u00e9 a terceiro, com s\u00f3 15 tentos a menos do que a casa de Iwata. KTM, Suzuki e Honda fecham a lista.<\/p>\n\n\n\n<figure class=\"wp-block-table\"><table><tbody><tr><td>&nbsp;<\/td><td>&nbsp;<\/td><td>Poles<\/td><td>Vit\u00f3rias<\/td><td>Pontos<\/td><\/tr><tr><td><strong>1<\/strong><\/td><td>DUCATI<\/td><td>10<\/td><td>8<\/td><td>296<\/td><\/tr><tr><td><strong>2<\/strong><\/td><td>YAMAHA<\/td><td>1<\/td><td>3<\/td><td>200<\/td><\/tr><tr><td><strong>3<\/strong><\/td><td>APRILIA<\/td><td>2<\/td><td>1<\/td><td>185<\/td><\/tr><tr><td><strong>4<\/strong><\/td><td>KTM<\/td><td>&#8211;<\/td><td>1<\/td><td>140<\/td><\/tr><tr><td><strong>5<\/strong><\/td><td>SUZUKI<\/td><td>&#8211;<\/td><td>&#8211;<\/td><td>118<\/td><\/tr><tr><td><strong>6<\/strong><\/td><td>HONDA<\/td><td>&#8211;<\/td><td>&#8211;<\/td><td>90<\/td><\/tr><\/tbody><\/table><\/figure>\n\n\n\n<h3 class=\"wp-block-heading\"><strong>MotoGP 2022: Mundial de Equipes<\/strong><\/h3>\n\n\n\n<p class=\"wp-block-paragraph\">Na briga entre os times, a Ducati virou o jogo para cima da Aprilia. Com a vit\u00f3ria de Bagnaia e o terceiro lugar de Miller, a casa de Borgo Panigale fez 41 pontos no Red Bull Ring e tomou a lideran\u00e7a do Mundial de Equipes, com 26 pontos de frente para a escuderia de Noale.<\/p>\n\n\n\n<p class=\"wp-block-paragraph\">A Yamaha \u00e9 a terceira coloca\u00e7\u00e3o, 53 pontos atr\u00e1s da Ducati. A Pramac \u00e9 a quarta colocada, seguida por KTM, Suzuki, Gresini, VR46, Honda, LCR, RNF e Tech3, que permanece com s\u00f3 14 pontos, sem pontuar desde o GP da Alemanha.<\/p>\n\n\n\n<figure class=\"wp-block-table\"><table><tbody><tr><td>&nbsp;<\/td><td>&nbsp;<\/td><td>Poles<\/td><td>Vit\u00f3rias<\/td><td>Pontos<\/td><\/tr><tr><td><strong>1<\/strong><\/td><td>DUCATI<\/td><td>4<\/td><td>5<\/td><td>279<\/td><\/tr><tr><td><strong>2<\/strong><\/td><td>APRILIA<\/td><td>2<\/td><td>1<\/td><td>253<\/td><\/tr><tr><td><strong>3<\/strong><\/td><td>YAMAHA<\/td><td>1<\/td><td>3<\/td><td>226<\/td><\/tr><tr><td><strong>4<\/strong><\/td><td>PRAMAC<\/td><td>4<\/td><td>&#8211;<\/td><td>212<\/td><\/tr><tr><td><strong>5<\/strong><\/td><td>KTM<\/td><td>&#8211;<\/td><td>1<\/td><td>192<\/td><\/tr><tr><td><strong>6<\/strong><\/td><td>SUZUKI<\/td><td>&#8211;<\/td><td>&#8211;<\/td><td>169<\/td><\/tr><tr><td><strong>7<\/strong><\/td><td>GRESINI<\/td><td>2<\/td><td>3<\/td><td>141<\/td><\/tr><tr><td><strong>8<\/strong><\/td><td>VR46<\/td><td>&#8211;<\/td><td>&#8211;<\/td><td>137<\/td><\/tr><tr><td><strong>9<\/strong><\/td><td>HONDA<\/td><td>&#8211;<\/td><td>&#8211;<\/td><td>102<\/td><\/tr><tr><td><strong>10<\/strong><\/td><td>LCR<\/td><td>&#8211;<\/td><td>&#8211;<\/td><td>74<\/td><\/tr><tr><td><strong>11<\/strong><\/td><td>RNF<\/td><td>&#8211;<\/td><td>&#8211;<\/td><td>21<\/td><\/tr><tr><td><strong>12<\/strong><\/td><td>TECH3<\/td><td>&#8211;<\/td><td>&#8211;<\/td><td>14<\/td><\/tr><\/tbody><\/table><\/figure>\n\n\n\n<p class=\"wp-block-paragraph\">A MotoGP volta \u00e0s pistas no pr\u00f3ximo dia 4 de setembro para o <a href=\"https:\/\/www.grandepremio.com\/br\/etapa\/motogp\/gp-san-marino-riviera-rimini-motogp-2022\/\" target=\"_blank\" rel=\"noreferrer noopener\">GP de San Marino e da Riviera de Rimini<\/a>, em Misano. O\u00a0<strong>GRANDE PR\u00caMIO<\/strong>\u00a0acompanha todas as atividades\u00a0do Mundial de\u00a0<a href=\"https:\/\/www.grandepremio.com\/motovelocidade\/\" target=\"_blank\" rel=\"noreferrer noopener\">Motovelocidade<\/a>\u00a02022.<\/p>\n\n\n\n<p class=\"wp-block-paragraph\"><strong>LEIA TAMB\u00c9M<\/strong><br># <strong><a href=\"https:\/\/www.grandepremio.com\/br\/motogp\/noticias\/diogo-moreira-revela-muitas-ofertas-ficar-moto3-2023-tentar-titulo\/\">Moreira revela \u201cmuitas ofertas\u201d, mas fala em ficar na Moto3 em 2023 para tentar t\u00edtulo<\/a><\/strong><br># <strong><a href=\"https:\/\/www.grandepremio.com\/br\/motogp\/noticias\/ducati-aprilia-italia-domina-top-5-motogp-primeira-vez-54-anos\/\">Com Ducati e Aprilia, It\u00e1lia domina top-5 da <\/a><a href=\"https:\/\/grandepremio.com\/motovelocidade\/\" target=\"_blank\" rel=\"noreferrer noopener\">MotoGP<\/a><a href=\"https:\/\/www.grandepremio.com\/br\/motogp\/noticias\/ducati-aprilia-italia-domina-top-5-motogp-primeira-vez-54-anos\/\"> pela primeira vez em 54 anos<\/a><\/strong><br># <strong><a href=\"https:\/\/www.grandepremio.com\/br\/motogp\/noticias\/maverick-vinales-cresce-vira-trunfo-aprilia-luta-titulo-motogp-temporada-2022\/\">Vi\u00f1ales cresce e vira trunfo da Aprilia na luta por t\u00edtulo da MotoGP na temporada 2022<\/a><\/strong><br># <strong><a href=\"https:\/\/www.grandepremio.com\/br\/motogp\/noticias\/marc-marquez-presente-aumenta-pressao-honda-pode-ate-impactar-pilotos\/\">Marc M\u00e1rquez se faz presente e aumenta press\u00e3o na <\/a><a href=\"https:\/\/www.grandepremio.com\/br\/equipe\/motogp\/2021\/repsol-honda-team\/\" target=\"_blank\" rel=\"noreferrer noopener\">Honda<\/a><a href=\"https:\/\/www.grandepremio.com\/br\/motogp\/noticias\/marc-marquez-presente-aumenta-pressao-honda-pode-ate-impactar-pilotos\/\">. E pode at\u00e9 impactar pilotos<\/a><\/strong><br># <strong><a href=\"https:\/\/www.grandepremio.com\/br\/motogp\/noticias\/marc-marquez-aguarda-exame-medico-proxima-semana-definir-volta-motogp\/\">Marc M\u00e1rquez aguarda exame m\u00e9dico na pr\u00f3xima semana para definir volta \u00e0 MotoGP<\/a><\/strong><br># <strong><a href=\"https:\/\/www.grandepremio.com\/br\/motogp\/noticias\/motogp-anuncia-adocao-corridas-sprint-todas-etapas-temporada-2023\/\">MotoGP anuncia ado\u00e7\u00e3o de corridas sprint em todas etapas da temporada 2023<\/a><\/strong><br># <strong><a href=\"https:\/\/www.grandepremio.com\/br\/motogp\/noticias\/melhora-show-estupido-pilotos-divergem-corridas-sprint-motogp-2023\/\">Melhora do show \u00d7 est\u00fapido: pilotos divergem sobre corridas sprint na MotoGP 2023<\/a><\/strong><\/p>\n\n\n\n<figure class=\"wp-block-embed is-type-video is-provider-youtube wp-block-embed-youtube wp-embed-aspect-16-9 wp-has-aspect-ratio\"><div class=\"wp-block-embed__wrapper\">\n<iframe loading=\"lazy\" title=\"POLE MARCA DIOGO MOREIRA NA HIST\u00d3RIA DO MOTOCICLISMO BRASILEIRO\" width=\"500\" height=\"281\" src=\"https:\/\/www.youtube.com\/embed\/z674jVCA9IE?feature=oembed\" frameborder=\"0\" allow=\"accelerometer; autoplay; clipboard-write; encrypted-media; gyroscope; picture-in-picture; web-share\" referrerpolicy=\"strict-origin-when-cross-origin\" allowfullscreen><\/iframe>\n<\/div><figcaption>POLE MARCA DIOGO MOREIRA NA HIST\u00d3RIA DO MOTOCICLISMO BRASILEIRO<\/figcaption><\/figure>\n","protected":false},"excerpt":{"rendered":"<p>Numa pista amplamente favor\u00e1vel \u00e0 Ducati, franc\u00eas n\u00e3o s\u00f3 conseguiu um segundo lugar, mas tamb\u00e9m aumentou de 22 para 32 pontos a vantagem na lideran\u00e7a do Mundial de Pilotos da MotoGP<\/p>\n","protected":false},"author":0,"featured_media":1000605203,"comment_status":"closed","ping_status":"closed","sticky":false,"template":"","format":"standard","meta":{"42wp_featured_image_caption":"","42wp_featured_image_credits":"","42wp_featured_video":"","42wp_featured_image_hidden":false,"42wp_authors_list":[],"footnotes":""},"categories":[8],"tags":[31318,79,78,2997,30733,30728,30734,25819,28345,28766,32147,26690,1763,172],"42wp_author":[47113],"class_list":["post-109666","post","type-post","status-publish","format-standard","has-post-thumbnail","hentry","category-motogp","tag-fabio-quartararo-2","tag-moto-gp","tag-motogp","tag-motogp-2022","tag-motogp-2022-calendario","tag-motogp-calendario-2022","tag-motogp-classificacao-2022","tag-motogp-hoje","tag-motogp-horarios","tag-motogp-standings","tag-onde-assistir-motogp-2022","tag-pilotos-motogp","tag-red-bull-ring","tag-yamaha","42wp_author-juliana-tesser"],"_links":{"self":[{"href":"https:\/\/grandepremio.com\/br\/wp-json\/wp\/v2\/posts\/109666","targetHints":{"allow":["GET"]}}],"collection":[{"href":"https:\/\/grandepremio.com\/br\/wp-json\/wp\/v2\/posts"}],"about":[{"href":"https:\/\/grandepremio.com\/br\/wp-json\/wp\/v2\/types\/post"}],"replies":[{"embeddable":true,"href":"https:\/\/grandepremio.com\/br\/wp-json\/wp\/v2\/comments?post=109666"}],"version-history":[{"count":0,"href":"https:\/\/grandepremio.com\/br\/wp-json\/wp\/v2\/posts\/109666\/revisions"}],"wp:featuredmedia":[{"embeddable":true,"href":"https:\/\/grandepremio.com\/br\/wp-json\/wp\/v2\/media\/1000605203"}],"wp:attachment":[{"href":"https:\/\/grandepremio.com\/br\/wp-json\/wp\/v2\/media?parent=109666"}],"wp:term":[{"taxonomy":"category","embeddable":true,"href":"https:\/\/grandepremio.com\/br\/wp-json\/wp\/v2\/categories?post=109666"},{"taxonomy":"post_tag","embeddable":true,"href":"https:\/\/grandepremio.com\/br\/wp-json\/wp\/v2\/tags?post=109666"},{"taxonomy":"42wp_author","embeddable":true,"href":"https:\/\/grandepremio.com\/br\/wp-json\/wp\/v2\/42wp_author?post=109666"}],"curies":[{"name":"wp","href":"https:\/\/api.w.org\/{rel}","templated":true}]}}