{"id":109690,"date":"2022-08-20T13:58:27","date_gmt":"2022-08-20T16:58:27","guid":{"rendered":"https:\/\/grandepremio.com\/br\/noticias\/diogo-moreira-6o-lugar-positivo-largar-bem-terminar-gp-austria-top-5\/"},"modified":"2022-08-20T14:11:44","modified_gmt":"2022-08-20T17:11:44","slug":"diogo-moreira-6o-lugar-positivo-largar-bem-terminar-gp-austria-top-5","status":"publish","type":"post","link":"https:\/\/grandepremio.com\/br\/motogp\/diogo-moreira-6o-lugar-positivo-largar-bem-terminar-gp-austria-top-5\/","title":{"rendered":"Moreira v\u00ea 6\u00ba lugar &#8220;positivo&#8221; e fala em largar bem para terminar GP da \u00c1ustria no top-5"},"content":{"rendered":"\n<figure class=\"wp-block-embed is-type-video is-provider-youtube wp-block-embed-youtube wp-embed-aspect-16-9 wp-has-aspect-ratio\"><div class=\"wp-block-embed__wrapper\">\n<iframe loading=\"lazy\" title=\"BAGNAIA ENGATA BOA SEQU\u00caNCIA E BOTA PRESS\u00c3O EM CIMA DE QUARTARARO NA MOTOGP\" width=\"500\" height=\"281\" src=\"https:\/\/www.youtube.com\/embed\/Gg1-oa79f-Y?feature=oembed\" frameborder=\"0\" allow=\"accelerometer; autoplay; clipboard-write; encrypted-media; gyroscope; picture-in-picture; web-share\" referrerpolicy=\"strict-origin-when-cross-origin\" allowfullscreen><\/iframe>\n<\/div><\/figure>\n\n\n\n<p class=\"wp-block-paragraph\">Diogo Moreira teve um desempenho mais discreto na classifica\u00e7\u00e3o deste s\u00e1bado (20), para o GP da \u00c1ustria da Moto3, mas o brasileiro preferiu encarar a sexta posi\u00e7\u00e3o de forma positiva. O piloto agora mira em fazer uma boa largada para completar a corrida de domingo ao menos entre os cinco melhores colocados.<\/p>\n\n\n\n<p class=\"wp-block-paragraph\">Na sess\u00e3o que definiu o grid de largada, Moreira n\u00e3o chegou a amea\u00e7ar repetir o feito da etapa anterior, na Inglaterra, quando conquistou a pole-position. Ao final, fez sua melhor volta em 1min41s627 \u2014 0s393 mais lento que Daniel Holgado, mais r\u00e1pido do dia. <\/p>\n\n\n\n<p class=\"wp-block-paragraph\"><strong>\u25b6\ufe0f\u00a0Inscreva-se nos dois canais do GRANDE PR\u00caMIO no YouTube:\u00a0<a href=\"https:\/\/www.youtube.com\/channel\/UC9OlHEgxoaY6QY6nWPoiqQg?sub_confirmation=1\" target=\"_blank\" rel=\"noreferrer noopener\">GP<\/a>\u00a0|\u00a0<a href=\"https:\/\/www.youtube.com\/channel\/UC9csiS6q_C3C0FYhyr1rnFA?sub_confirmation=1\" target=\"_blank\" rel=\"noreferrer noopener\">GP2<\/a><\/strong><\/p>\n\n\n\n<figure class=\"wp-block-image size-large\"><img decoding=\"async\" src=\"https:\/\/www.grandepremio.com\/br\/wp-content\/uploads\/2022\/08\/Diogo-Moreira-na-Austria-KTM-1024x683.jpg\" alt=\"\" class=\"wp-image-605184\"\/><figcaption>Diogo Moreira em a\u00e7\u00e3o na classifica\u00e7\u00e3o para o GP da \u00c1ustria da Moto3 (Foto: KTM)<\/figcaption><\/figure>\n\n\n\n<p class=\"wp-block-paragraph\">&#8220;Estou muito feliz, pois acho que o sexto lugar \u00e9 muito positivo&#8221;, disse o brasileiro. &#8220;Sabia que poder\u00edamos ir bem, mas n\u00e3o consegui fazer uma volta boa. Amanh\u00e3, a corrida ser\u00e1 no grupo, e podemos brigar&#8221;, acrescentou.<\/p>\n\n\n\n<p class=\"wp-block-paragraph\">Para o domingo, o foco \u00e9 em buscar ritmo na corrida, e Diogo acredita que a moto da MSI KTM tem chances de brigar por uma posi\u00e7\u00e3o ainda melhor. &#8220;Agora temos de trabalhar para melhorar nosso ritmo da corrida, e vamos fazer isso no warm-up. Precisamos largar bem, e assim ficaremos entre os cinco primeiros&#8221;, finalizou.<\/p>\n\n\n\n<p class=\"wp-block-paragraph\"><strong>LEIA TAMB\u00c9M<\/strong><br>#\u00a0<strong><a href=\"https:\/\/www.grandepremio.com\/br\/motogp\/noticias\/diogo-moreira-revela-muitas-ofertas-ficar-moto3-2023-tentar-titulo\/\">Moreira revela \u201cmuitas ofertas\u201d, mas fala em ficar na Moto3 em 2023 para tentar t\u00edtulo<\/a><\/strong><br>#\u00a0<strong><a href=\"https:\/\/www.grandepremio.com\/br\/motogp\/noticias\/ducati-aprilia-italia-domina-top-5-motogp-primeira-vez-54-anos\/\">Com Ducati e Aprilia, It\u00e1lia domina top-5 da\u00a0<\/a><a href=\"https:\/\/grandepremio.com\/motovelocidade\/\" target=\"_blank\" rel=\"noreferrer noopener\">MotoGP<\/a><a href=\"https:\/\/www.grandepremio.com\/br\/motogp\/noticias\/ducati-aprilia-italia-domina-top-5-motogp-primeira-vez-54-anos\/\">\u00a0pela primeira vez em 54 anos<\/a><\/strong><br>#\u00a0<strong><a href=\"https:\/\/www.grandepremio.com\/br\/motogp\/noticias\/maverick-vinales-cresce-vira-trunfo-aprilia-luta-titulo-motogp-temporada-2022\/\">Vi\u00f1ales cresce e vira trunfo da Aprilia na luta por t\u00edtulo da MotoGP na temporada 2022<\/a><\/strong><br>#\u00a0<strong><a href=\"https:\/\/www.grandepremio.com\/br\/motogp\/noticias\/marc-marquez-presente-aumenta-pressao-honda-pode-ate-impactar-pilotos\/\">Marc M\u00e1rquez se faz presente e aumenta press\u00e3o na\u00a0<\/a><a href=\"https:\/\/www.grandepremio.com\/br\/equipe\/motogp\/2021\/repsol-honda-team\/\" target=\"_blank\" rel=\"noreferrer noopener\">Honda<\/a><a href=\"https:\/\/www.grandepremio.com\/br\/motogp\/noticias\/marc-marquez-presente-aumenta-pressao-honda-pode-ate-impactar-pilotos\/\">. E pode at\u00e9 impactar pilotos<\/a><\/strong><br>#\u00a0<strong><a href=\"https:\/\/www.grandepremio.com\/br\/motogp\/noticias\/marc-marquez-aguarda-exame-medico-proxima-semana-definir-volta-motogp\/\">Marc M\u00e1rquez aguarda exame m\u00e9dico na pr\u00f3xima semana para definir volta \u00e0 MotoGP<\/a><\/strong><\/p>\n","protected":false},"excerpt":{"rendered":"<p>Depois do feito no GP da Gr\u00e3-Bretanha, em que conquistou a pole-position, Diogo Moreira parte em 6\u00ba para a corrida da Moto3 na \u00c1ustria de olho em melhorar o ritmo<\/p>\n","protected":false},"author":0,"featured_media":1000605182,"comment_status":"closed","ping_status":"closed","sticky":false,"template":"","format":"standard","meta":{"42wp_featured_image_caption":"","42wp_featured_image_credits":"","42wp_featured_video":"","42wp_featured_image_hidden":false,"42wp_authors_list":[],"footnotes":""},"categories":[8],"tags":[5921,26718,24888,79,1930,280,78,2997,30733,30728,30734,25819,28345,28766,32147,26690,1763,2018],"42wp_author":[47147],"class_list":["post-109690","post","type-post","status-publish","format-standard","has-post-thumbnail","hentry","category-motogp","tag-corrida-sprint","tag-diogo-moreira","tag-gp-da-austria-2","tag-moto-gp","tag-moto2","tag-motoe","tag-motogp","tag-motogp-2022","tag-motogp-2022-calendario","tag-motogp-calendario-2022","tag-motogp-classificacao-2022","tag-motogp-hoje","tag-motogp-horarios","tag-motogp-standings","tag-onde-assistir-motogp-2022","tag-pilotos-motogp","tag-red-bull-ring","tag-sprint-race","42wp_author-luana-marino"],"_links":{"self":[{"href":"https:\/\/grandepremio.com\/br\/wp-json\/wp\/v2\/posts\/109690","targetHints":{"allow":["GET"]}}],"collection":[{"href":"https:\/\/grandepremio.com\/br\/wp-json\/wp\/v2\/posts"}],"about":[{"href":"https:\/\/grandepremio.com\/br\/wp-json\/wp\/v2\/types\/post"}],"replies":[{"embeddable":true,"href":"https:\/\/grandepremio.com\/br\/wp-json\/wp\/v2\/comments?post=109690"}],"version-history":[{"count":0,"href":"https:\/\/grandepremio.com\/br\/wp-json\/wp\/v2\/posts\/109690\/revisions"}],"wp:featuredmedia":[{"embeddable":true,"href":"https:\/\/grandepremio.com\/br\/wp-json\/wp\/v2\/media\/1000605182"}],"wp:attachment":[{"href":"https:\/\/grandepremio.com\/br\/wp-json\/wp\/v2\/media?parent=109690"}],"wp:term":[{"taxonomy":"category","embeddable":true,"href":"https:\/\/grandepremio.com\/br\/wp-json\/wp\/v2\/categories?post=109690"},{"taxonomy":"post_tag","embeddable":true,"href":"https:\/\/grandepremio.com\/br\/wp-json\/wp\/v2\/tags?post=109690"},{"taxonomy":"42wp_author","embeddable":true,"href":"https:\/\/grandepremio.com\/br\/wp-json\/wp\/v2\/42wp_author?post=109690"}],"curies":[{"name":"wp","href":"https:\/\/api.w.org\/{rel}","templated":true}]}}