{"id":109717,"date":"2022-08-19T14:15:44","date_gmt":"2022-08-19T17:15:44","guid":{"rendered":"https:\/\/grandepremio.com\/br\/noticias\/ducati-refestela-primeiro-dia-austria-fabio-quartararo-finca-pe-acompanhar\/"},"modified":"2022-08-19T14:16:34","modified_gmt":"2022-08-19T17:16:34","slug":"ducati-refestela-primeiro-dia-austria-fabio-quartararo-finca-pe-acompanhar","status":"publish","type":"post","link":"https:\/\/grandepremio.com\/br\/motogp\/ducati-refestela-primeiro-dia-austria-fabio-quartararo-finca-pe-acompanhar\/","title":{"rendered":"Ducati se refestela no primeiro dia na \u00c1ustria. Quartararo finca p\u00e9 para acompanhar"},"content":{"rendered":"\n<figure class=\"wp-block-embed is-type-video is-provider-youtube wp-block-embed-youtube wp-embed-aspect-16-9 wp-has-aspect-ratio\"><div class=\"wp-block-embed__wrapper\">\n<iframe loading=\"lazy\" title=\"BAGNAIA ENGATA BOA SEQU\u00caNCIA E BOTA PRESS\u00c3O EM CIMA DE QUARTARARO NA MOTOGP\" width=\"500\" height=\"281\" src=\"https:\/\/www.youtube.com\/embed\/Gg1-oa79f-Y?feature=oembed\" frameborder=\"0\" allow=\"accelerometer; autoplay; clipboard-write; encrypted-media; gyroscope; picture-in-picture; web-share\" referrerpolicy=\"strict-origin-when-cross-origin\" allowfullscreen><\/iframe>\n<\/div><figcaption>BAGNAIA ENGATA BOA SEQU\u00caNCIA E BOTA PRESS\u00c3O EM CIMA DE QUARTARARO NA MOTOGP<\/figcaption><\/figure>\n\n\n\n<p class=\"wp-block-paragraph\">A Ducati fez uma demonstra\u00e7\u00e3o de vigor no primeiro dia de treinos livres para o GP da \u00c1ustria de MotoGP. Nesta sexta-feira (19), a casa de Bolonha colocou sete das oito motos que tem no grid de 2022 no top-10 combinado das atividades e comprovou que nem mesmo a chicane que deixou o Red Bull Ring faz implodir o reinado das motos de Bolonha no tra\u00e7ado de propriedade da marca dos energ\u00e9ticos.<\/p>\n\n\n\n<p class=\"wp-block-paragraph\">Neste primeiro dia de contato com a pista, foi Johann Zarco quem levou a melhor. Depois de uma manh\u00e3 em pista \u00famida, mas que permitiu a apari\u00e7\u00e3o dos slicks na parte final dos trabalhos, o treino da tarde aconteceu na maior parte do tempo com o asfalto seco. A chegada da chuva no ter\u00e7o final da sess\u00e3o, por\u00e9m, deu um clima de classifica\u00e7\u00e3o \u00e0 sess\u00e3o, o que serviu para aproximar o pelot\u00e3o.<\/p>\n\n\n\n<p class=\"wp-block-paragraph\"><strong>WEB STORY<\/strong><br><strong>\u25b6\ufe0f<\/strong> <strong><a href=\"https:\/\/www.grandepremio.com\/br\/web-stories\/motogp\/como-esta-grid-motogp-temporada-2023-3\/\">Como est\u00e1 o grid a MotoGP para a temporada 2023?<\/a><\/strong><\/p>\n\n\n\n<figure class=\"wp-block-image size-large\"><img decoding=\"async\" src=\"https:\/\/www.grandepremio.com\/br\/wp-content\/uploads\/2020\/05\/JRB7646-1024x682.jpg\" alt=\"\" class=\"wp-image-604741\"\/><figcaption>Johann Zarco foi o mais r\u00e1pido do dia na \u00c1ustria (Foto: Pramac)<\/figcaption><\/figure>\n\n\n\n<p class=\"wp-block-paragraph\"><strong>LADO A LADO<\/strong><br><strong>\u25b6\ufe0f<\/strong> <strong><a href=\"https:\/\/www.grandepremio.com\/br\/grandepremium\/lado-a-lado\/motogp\/materias\/aleix-espargaro-x-francesco-bagnaia-quem-e-mais-rival\/\">Aleix Espargar\u00f3 X <\/a><a href=\"https:\/\/www.grandepremio.com\/br\/piloto\/francesco-bagnaia\/\" target=\"_blank\" rel=\"noreferrer noopener\">Francesco Bagnaia<\/a><a href=\"https:\/\/www.grandepremio.com\/br\/grandepremium\/lado-a-lado\/motogp\/materias\/aleix-espargaro-x-francesco-bagnaia-quem-e-mais-rival\/\">: quem \u00e9 mais rival para Quartararo?<\/a><\/strong><\/p>\n\n\n\n<p class=\"wp-block-paragraph\">Com 1min29s837, Zarco ficou com a lideran\u00e7a, mas apenas 0s024 \u00e0 frente de Jack Miller, o l\u00edder. Jorge Mart\u00edn formou a trinca das GP22 e ficou com o terceiro posto, s\u00f3 mais 0s005 atr\u00e1s do australiano.<\/p>\n\n\n\n<p class=\"wp-block-paragraph\">O primeiro a quebrar a hegemonia vermelha foi Fabio Quartararo. L\u00edder do Mundial, o franc\u00eas foi para Spielberg sabendo que o tra\u00e7ado n\u00e3o favorece a moto da Yamaha, mas conseguiu colocar a YZR-M1 na quarta coloca\u00e7\u00e3o, s\u00f3 0s040 atr\u00e1s do ponteiro.<\/p>\n\n\n\n<p class=\"wp-block-paragraph\">A for\u00e7a das Ducati, por\u00e9m, voltou a imperar entre as posi\u00e7\u00f5es cinco e oito, com Francesco Bagnaia, Luca Marini, Marco Bezzecchi e Enea Bastianini aparecendo a seguir. Maverick Vi\u00f1ales colocou a Aprilia na nona coloca\u00e7\u00e3o, distante 0s276 de Zarco, com Brad Binder fechando top-10, 0s291 atr\u00e1s do ponteiro.<\/p>\n\n\n\n<p class=\"wp-block-paragraph\">L\u00edder dos trabalhos, Zarco considerou que a chicane, ao inv\u00e9s de beneficiar a concorr\u00eancia, permitiu que a Ducati explore ainda mais as for\u00e7as da moto.<\/p>\n\n\n\n<figure class=\"wp-block-image size-large\"><img decoding=\"async\" src=\"https:\/\/www.grandepremio.com\/br\/wp-content\/uploads\/2022\/08\/SI202208190266_hires_jpeg_24bit_rgb-1024x682.jpg\" alt=\"\" class=\"wp-image-604709\"\/><figcaption>Jack Miller ficou com o segundo tempo (Foto: Philip Platzer\/Red Bull Content Pool)<\/figcaption><\/figure>\n\n\n\n<p class=\"wp-block-paragraph\">\u201cAcho que a chicane \u00e9 muito lenta, ent\u00e3o d\u00e1 mais possibilidades de utilizar os pontos fortes da moto. N\u00e3o \u00e9 uma chicane r\u00e1pida o suficiente para dar vantagem a Fabio Quartararo\u201d, avaliou Johann. \u201cSeguimos utilizando melhor a nossa moto\u201d, avaliou.<\/p>\n\n\n\n<p class=\"wp-block-paragraph\">Na vis\u00e3o do franc\u00eas, o novo layout da pista, al\u00e9m de valorizar a freada forte e a acelera\u00e7\u00e3o da Desmosedici, ainda tira proveito do dispositivo que regula a altura da moto.<\/p>\n\n\n\n<p class=\"wp-block-paragraph\">\u201cServe muito. Este circuito foi quase desenhado para ele. Com a chicane, funciona muito bem\u201d, comentou. \u201cSeria bom se fosse uma vantagem. Vamos pensar essa noite em como configurar melhor a moto para que seja\u201d, frisou.<\/p>\n\n\n\n<p class=\"wp-block-paragraph\">Johann n\u00e3o espera, por\u00e9m, que a nova chicane atue como um ponto de ultrapassagens. \u201cSer\u00e1 um pouco dif\u00edcil\u201d, opinou.<\/p>\n\n\n\n<p class=\"wp-block-paragraph\">O titular da Pramac avaliou, ainda, que a mudan\u00e7a na pista n\u00e3o deve alterar o consumo do pneu, apesar de ser uma nova freada e um ponto de acelera\u00e7\u00e3o.<\/p>\n\n\n\n<p class=\"wp-block-paragraph\">\u201cN\u00e3o acho. Antes era uma reta e for\u00e7\u00e1vamos do lado esquerdo, mas agora, n\u00e3o. O bom \u00e9 que o pneu dianteiro fica mais na temperatura\u201d, comentou.<\/p>\n\n\n\n<p class=\"wp-block-paragraph\">Colado no ponteiro, Jack Miller celebrou o fato de, mais uma vez, o acerto base ter funcionado bem e considerou que pode mostrar bom ritmo tamb\u00e9m no s\u00e1bado.<\/p>\n\n\n\n<p class=\"wp-block-paragraph\">\u201cFiquei imediatamente \u00e0 vontade desde as primeiras voltas molhado e, mesmo no seco, nosso acerto base mais uma vez mostrou que funciona muito bem\u201d, disse Miller. \u201cNa verdade, n\u00e3o tocamos em nada na moto e trabalhamos apenas na escolha de pneus e na eletr\u00f4nica\u201d, apontou.<\/p>\n\n\n\n<figure class=\"wp-block-image size-large\"><img decoding=\"async\" src=\"https:\/\/www.grandepremio.com\/br\/wp-content\/uploads\/2020\/05\/JRB8512-1024x682.jpg\" alt=\"\" class=\"wp-image-604742\"\/><figcaption>Jorge Mart\u00edn completou o 1-2-3 da Ducati em Spielberg (Foto: Pramac)<\/figcaption><\/figure>\n\n\n\n<p class=\"wp-block-paragraph\">\u201cGosto da nova chicane e gosto muito: ela permite deslizar a moto e ser agressivo tanto na mudan\u00e7a de dire\u00e7\u00e3o como na abertura do acelerador ao sair da curva\u201d, detalhou. \u201cEstou satisfeito com o primeiro dia e confiante em poder ir bem amanh\u00e3 tamb\u00e9m\u201d, completou.<\/p>\n\n\n\n<p class=\"wp-block-paragraph\">Terceiro no Red Bull Ring, Mart\u00edn fechou o dia animado e confiante de que pode melhorar ainda mais no s\u00e1bado.<\/p>\n\n\n\n<p class=\"wp-block-paragraph\">\u201cEstou satisfeito com este primeiro dia de atividades. Melhoramos na sess\u00e3o da tarde, dando importantes passos \u00e0 frente\u201d, comentou. \u201c\u00c9 uma pista de que gosto muito e na qual me sinto particularmente bem\u201d, seguiu.<\/p>\n\n\n\n<p class=\"wp-block-paragraph\">\u201cAmanh\u00e3 podemos fazer ainda melhor\u201d, garantiu.<\/p>\n\n\n\n<p class=\"wp-block-paragraph\">Pertinho do ritmo dos ponteiros, Fabio Quartararo tamb\u00e9m fez um balan\u00e7o super positivo do dia. Mesmo lamentado que n\u00e3o tenha aproveitado o melhor do pneu macio, o franc\u00eas de Nice sentiu que tem um bom potencial no tra\u00e7ado de Spielberg.<\/p>\n\n\n\n<p class=\"wp-block-paragraph\">\u201cO ritmo parece bom, mas \u00e9 verdade que fizemos essas voltas rodando sozinho. Em grupo, \u00e9 diferente\u201d, considerou. \u201c\u00c9 uma pena que tenhamos tido algumas bandeiras amarelas e tamb\u00e9m n\u00e3o passamos sem erros hoje. Fiz a minha volta mais r\u00e1pida na terceira ou quarta volta do pneu traseiro macio hoje, ent\u00e3o acho que temos um pouco de margem para melhorar\u201d, indicou.<\/p>\n\n\n\n<p class=\"wp-block-paragraph\">\u201cEssa nova chicane no setor 1 \u00e9 muito melhor. Deixa as coisas um pouco mais f\u00e1ceis, embora pare\u00e7a um pouco menor na moto do que quando voc\u00ea anda pela pista, mas tudo bem para n\u00f3s\u201d, avaliou. \u201cEstou no limite, me for\u00e7ando ao limite. N\u00e3o vai ser f\u00e1cil, mas sinto que temos um bom potencial\u201d, completou.<\/p>\n\n\n\n<p class=\"wp-block-paragraph\">Vindo de duas vit\u00f3rias, Francesco Bagnaia reconheceu que teve sorte com as adversidades de Quartararo e Aleix Espargar\u00f3 nas \u00faltimas duas etapas, mas quer seguir a tend\u00eancia de roubas pontos dos ponteiros para ganhar f\u00f4lego na classifica\u00e7\u00e3o.<\/p>\n\n\n\n<p class=\"wp-block-paragraph\">\u201cVou tentar pressionar Quartararo, ganhando alguns pontos nestas corridas, mas preciso dizer que tive sorte nas \u00faltimas corridas, pois os meus rivais tiveram problemas\u201d, assumiu. \u201cMas agora preciso me concentrar apenas em trabalhar na pista, sem esquecer que Aleix Espargar\u00f3 est\u00e1 perto de Quartararo na classifica\u00e7\u00e3o\u201d, alertou.<\/p>\n\n\n\n<p class=\"wp-block-paragraph\">Pecco, contudo, destacou a for\u00e7a da Ducati no Red Bull Ring e salientou que todas as motos da casa de Bolonha conseguiram ser fortes no tra\u00e7ado.<\/p>\n\n\n\n<p class=\"wp-block-paragraph\">\u201cEsta pista \u00e9 positiva para n\u00f3s. Mostramos que somos competitivos aqui\u201d, defendeu. \u201cEste ano, todas as motos est\u00e3o em boa forma, por isso, podemos ver qualquer um na frente. A Ducati est\u00e1 em boa forma e pode lutar para ficar na frente\u201d, completou.<\/p>\n\n\n\n<p class=\"wp-block-paragraph\">Empatado com Marco Bezzecchi em 1min30s066, Enea Bastianini ficou com o oitavo melhor registro do dia e satisfeito por ter encontrado rapidamente um bom ritmo em cima da GP21, o modelo do ano passado da Desmosedici.<\/p>\n\n\n\n<p class=\"wp-block-paragraph\">\u201cFoi um dia positivo: atingimos a velocidade desde o in\u00edcio e mostramos bom ritmo\u201d, opinou. \u201cA sensa\u00e7\u00e3o \u00e9 boa e tudo sai f\u00e1cil. N\u00e3o acho que faremos um grande ajuste para amanh\u00e3, exceto algumas mudan\u00e7as eletr\u00f4nicas para explorar a pot\u00eancia da moto\u201d, indicou.<\/p>\n\n\n\n<p class=\"wp-block-paragraph\">\u201cA nova chicane n\u00e3o \u00e9 t\u00e3o ruim, mas \u00e9 um lugar bem desafiador, tamb\u00e9m por causa do tipo diferente de asfalto\u201d, falou. \u201cDeixando de lado a volta cancelada, n\u00e3o estou preocupado. Podemos nos sair bem amanh\u00e3\u201d, garantiu.<\/p>\n\n\n\n<p class=\"wp-block-paragraph\">Vice-l\u00edder do campeonato, Aleix Espargar\u00f3 ficou na 11\u00aa coloca\u00e7\u00e3o e ter\u00e1 de aproveitar a manh\u00e3 de s\u00e1bado para buscar uma vaga direto no Q2 da classifica\u00e7\u00e3o. Ainda assim, o piloto da Aprilia foi apenas 0s310 mais lento do que o l\u00edder do dia. Ali\u00e1s, s\u00e3o 19 pilotos no mesmo segundo.<\/p>\n\n\n\n<p class=\"wp-block-paragraph\">Vindo de les\u00e3o, Aleix considerou que a grande dificuldade foi em dominar a passagem pela nova chicane do Red Bull Ring.<\/p>\n\n\n\n<p class=\"wp-block-paragraph\">\u201cFizeram um trabalho muito bom com a chicane, \u00e9 muito mais segura do que a curva anterior e, mesmo que os asfaltos sejam diferentes, fizeram um bom trabalho e a ader\u00eancia n\u00e3o \u00e9 t\u00e3o diferente\u201d, disse Aleix. \u201cMas, para mim, me prejudica, porque n\u00e3o sou capaz de entender como fazer a chicane, mas isso n\u00e3o significa que a moto vai mal. Hoje n\u00e3o fui brilhante at\u00e9 o final, quando pude me aproximar tr\u00eas d\u00e9cimos dos melhores, ent\u00e3o acredito que posso melhorar amanh\u00e3. Mas a verdade \u00e9 que n\u00e3o acabei de entender como ser r\u00e1pido nesse circuito\u201d, assumiu.<\/p>\n\n\n\n<p class=\"wp-block-paragraph\">\u201cEstou a 0s3 do primeiro, ent\u00e3o se consigo melhorar neste ponto, n\u00e3o digo que poderia estar no top-10, mas poderia perfeitamente estar em primeiro. N\u00e3o tenho d\u00favidas de que se amanh\u00e3 eu conseguir melhorar um pouco, estaremos l\u00e1. Nos setores tr\u00eas e quatro, n\u00e3o estou nada atr\u00e1s do primeiro, ent\u00e3o posso estar entre os ponteiros\u201d, considerou.<\/p>\n\n\n\n<p class=\"wp-block-paragraph\">A <a href=\"https:\/\/grandepremio.com\/motovelocidade\/\" target=\"_blank\" rel=\"noreferrer noopener\">MotoGP<\/a> disputa neste fim de semana o <a href=\"https:\/\/www.grandepremio.com\/br\/etapa\/motogp\/gp-austria-motogp-2022\/\" target=\"_blank\" rel=\"noreferrer noopener\">GP da \u00c1ustria<\/a>, no Red Bull Ring. O&nbsp;<strong>GRANDE PR\u00caMIO<\/strong>&nbsp;acompanha todas as atividades&nbsp;do Mundial de&nbsp;<a href=\"https:\/\/www.grandepremio.com\/motovelocidade\/\" target=\"_blank\" rel=\"noreferrer noopener\">Motovelocidade<\/a>&nbsp;2022.<\/p>\n\n\n\n<p class=\"wp-block-paragraph\"><strong>\u25b6\ufe0f\u00a0Inscreva-se nos dois canais do GRANDE PR\u00caMIO no YouTube:\u00a0<a href=\"https:\/\/www.youtube.com\/channel\/UC9OlHEgxoaY6QY6nWPoiqQg?sub_confirmation=1\" target=\"_blank\" rel=\"noreferrer noopener\">GP<\/a>\u00a0|\u00a0<a href=\"https:\/\/www.youtube.com\/channel\/UC9csiS6q_C3C0FYhyr1rnFA?sub_confirmation=1\" target=\"_blank\" rel=\"noreferrer noopener\">GP2<\/a><\/strong><\/p>\n\n\n\n<p class=\"wp-block-paragraph\"><strong>LEIA TAMB\u00c9M<\/strong><br># <strong><a href=\"https:\/\/www.grandepremio.com\/br\/motogp\/noticias\/diogo-moreira-revela-muitas-ofertas-ficar-moto3-2023-tentar-titulo\/\">Moreira revela \u201cmuitas ofertas\u201d, mas fala em ficar na Moto3 em 2023 para tentar t\u00edtulo<\/a><\/strong><br># <strong><a href=\"https:\/\/www.grandepremio.com\/br\/motogp\/noticias\/ducati-aprilia-italia-domina-top-5-motogp-primeira-vez-54-anos\/\">Com Ducati e Aprilia, It\u00e1lia domina top-5 da <\/a><a href=\"https:\/\/grandepremio.com\/motovelocidade\/\" target=\"_blank\" rel=\"noreferrer noopener\">MotoGP<\/a><a href=\"https:\/\/www.grandepremio.com\/br\/motogp\/noticias\/ducati-aprilia-italia-domina-top-5-motogp-primeira-vez-54-anos\/\"> pela primeira vez em 54 anos<\/a><\/strong><br># <strong><a href=\"https:\/\/www.grandepremio.com\/br\/motogp\/noticias\/maverick-vinales-cresce-vira-trunfo-aprilia-luta-titulo-motogp-temporada-2022\/\">Vi\u00f1ales cresce e vira trunfo da Aprilia na luta por t\u00edtulo da MotoGP na temporada 2022<\/a><\/strong><br># <strong><a href=\"https:\/\/www.grandepremio.com\/br\/motogp\/noticias\/marc-marquez-presente-aumenta-pressao-honda-pode-ate-impactar-pilotos\/\">Marc M\u00e1rquez se faz presente e aumenta press\u00e3o na <\/a><a href=\"https:\/\/www.grandepremio.com\/br\/equipe\/motogp\/2021\/repsol-honda-team\/\" target=\"_blank\" rel=\"noreferrer noopener\">Honda<\/a><a href=\"https:\/\/www.grandepremio.com\/br\/motogp\/noticias\/marc-marquez-presente-aumenta-pressao-honda-pode-ate-impactar-pilotos\/\">. E pode at\u00e9 impactar pilotos<\/a><\/strong><br># <strong><a href=\"https:\/\/www.grandepremio.com\/br\/motogp\/noticias\/marc-marquez-aguarda-exame-medico-proxima-semana-definir-volta-motogp\/\">Marc M\u00e1rquez aguarda exame m\u00e9dico na pr\u00f3xima semana para definir volta \u00e0 MotoGP<\/a><\/strong><br># <strong><a href=\"https:\/\/www.grandepremio.com\/br\/motogp\/noticias\/ktm-promove-entrada-gasgas-motogp-elege-pol-espargaro-titular-tech3\/\"><\/a><a href=\"https:\/\/www.grandepremio.com\/br\/equipe\/motogp\/2021\/red-bull-ktm-factory-racing\/\" target=\"_blank\" rel=\"noreferrer noopener\">KTM<\/a><a href=\"https:\/\/www.grandepremio.com\/br\/motogp\/noticias\/ktm-promove-entrada-gasgas-motogp-elege-pol-espargaro-titular-tech3\/\"> promove entrada da GasGas na MotoGP e elege Pol Espargar\u00f3 como titular na <\/a><a href=\"https:\/\/www.grandepremio.com\/br\/equipe\/motogp\/2021\/tech3-ktm-factory-racing\/\" target=\"_blank\" rel=\"noreferrer noopener\">Tech3<\/a><\/strong><br># <strong><a href=\"https:\/\/www.grandepremio.com\/br\/motogp\/noticias\/anuncio-pol-espargaro-gasgas-deixa-motogp-9-vagas-livres-grid-2023\/\">An\u00fancio de Pol Espargar\u00f3 na GasGas deixa MotoGP com 9 vagas livres no grid de 2023<\/a><\/strong><\/p>\n\n\n\n<figure class=\"wp-block-embed is-type-video is-provider-youtube wp-block-embed-youtube wp-embed-aspect-16-9 wp-has-aspect-ratio\"><div class=\"wp-block-embed__wrapper\">\n<iframe loading=\"lazy\" title=\"POLE MARCA DIOGO MOREIRA NA HIST\u00d3RIA DO MOTOCICLISMO BRASILEIRO\" width=\"500\" height=\"281\" src=\"https:\/\/www.youtube.com\/embed\/z674jVCA9IE?feature=oembed\" frameborder=\"0\" allow=\"accelerometer; autoplay; clipboard-write; encrypted-media; gyroscope; picture-in-picture; web-share\" referrerpolicy=\"strict-origin-when-cross-origin\" allowfullscreen><\/iframe>\n<\/div><figcaption>POLE MARCA DIOGO MOREIRA NA HIST\u00d3RIA DO MOTOCICLISMO BRASILEIRO<\/figcaption><\/figure>\n","protected":false},"excerpt":{"rendered":"<p>Sete das oito Desmosedici do grid garantiram espa\u00e7o dentro do top-10 no primeiro dia de treinos da MotoGP no Red Bull Ring. Mas em uma pista onde tradicionalmente o dom\u00ednio \u00e9 vermelho, Fabio Quartararo perdeu s\u00f3 0s40 para ficar na quarta coloca\u00e7\u00e3o<\/p>\n","protected":false},"author":0,"featured_media":1000604737,"comment_status":"closed","ping_status":"closed","sticky":false,"template":"","format":"standard","meta":{"42wp_featured_image_caption":"","42wp_featured_image_credits":"","42wp_featured_video":"","42wp_featured_image_hidden":false,"42wp_authors_list":[],"footnotes":""},"categories":[8],"tags":[131,31318,79,78,2997,30733,30728,30734,25819,28345,28766,32147,26690,1763,172],"42wp_author":[47113],"class_list":["post-109717","post","type-post","status-publish","format-standard","has-post-thumbnail","hentry","category-motogp","tag-ducati","tag-fabio-quartararo-2","tag-moto-gp","tag-motogp","tag-motogp-2022","tag-motogp-2022-calendario","tag-motogp-calendario-2022","tag-motogp-classificacao-2022","tag-motogp-hoje","tag-motogp-horarios","tag-motogp-standings","tag-onde-assistir-motogp-2022","tag-pilotos-motogp","tag-red-bull-ring","tag-yamaha","42wp_author-juliana-tesser"],"_links":{"self":[{"href":"https:\/\/grandepremio.com\/br\/wp-json\/wp\/v2\/posts\/109717","targetHints":{"allow":["GET"]}}],"collection":[{"href":"https:\/\/grandepremio.com\/br\/wp-json\/wp\/v2\/posts"}],"about":[{"href":"https:\/\/grandepremio.com\/br\/wp-json\/wp\/v2\/types\/post"}],"replies":[{"embeddable":true,"href":"https:\/\/grandepremio.com\/br\/wp-json\/wp\/v2\/comments?post=109717"}],"version-history":[{"count":0,"href":"https:\/\/grandepremio.com\/br\/wp-json\/wp\/v2\/posts\/109717\/revisions"}],"wp:featuredmedia":[{"embeddable":true,"href":"https:\/\/grandepremio.com\/br\/wp-json\/wp\/v2\/media\/1000604737"}],"wp:attachment":[{"href":"https:\/\/grandepremio.com\/br\/wp-json\/wp\/v2\/media?parent=109717"}],"wp:term":[{"taxonomy":"category","embeddable":true,"href":"https:\/\/grandepremio.com\/br\/wp-json\/wp\/v2\/categories?post=109717"},{"taxonomy":"post_tag","embeddable":true,"href":"https:\/\/grandepremio.com\/br\/wp-json\/wp\/v2\/tags?post=109717"},{"taxonomy":"42wp_author","embeddable":true,"href":"https:\/\/grandepremio.com\/br\/wp-json\/wp\/v2\/42wp_author?post=109717"}],"curies":[{"name":"wp","href":"https:\/\/api.w.org\/{rel}","templated":true}]}}