{"id":109766,"date":"2022-08-17T09:26:28","date_gmt":"2022-08-17T12:26:28","guid":{"rendered":"https:\/\/grandepremio.com\/br\/noticias\/ralf-schumacher-alpine-chance-final-daniel-ricciardo-mick-schumacher-briga\/"},"modified":"2022-08-17T11:23:09","modified_gmt":"2022-08-17T14:23:09","slug":"ralf-schumacher-alpine-chance-final-daniel-ricciardo-mick-schumacher-briga","status":"publish","type":"post","link":"https:\/\/grandepremio.com\/br\/f1\/ralf-schumacher-alpine-chance-final-daniel-ricciardo-mick-schumacher-briga\/","title":{"rendered":"Ralf Schumacher v\u00ea Alpine como &#8220;chance final&#8221; para Ricciardo, mas p\u00f5e Mick na briga"},"content":{"rendered":"\n<figure class=\"wp-block-embed is-type-video is-provider-youtube wp-block-embed-youtube wp-embed-aspect-16-9 wp-has-aspect-ratio\"><div class=\"wp-block-embed__wrapper\">\n<iframe loading=\"lazy\" title=\"FERRARI RECALCULA ROTA NA F1 E PASSA A FALAR EM ORDENS DE EQUIPE. EST\u00c1 TARDE DEMAIS?\" width=\"500\" height=\"281\" src=\"https:\/\/www.youtube.com\/embed\/VDbbcE0rUNo?feature=oembed\" frameborder=\"0\" allow=\"accelerometer; autoplay; clipboard-write; encrypted-media; gyroscope; picture-in-picture; web-share\" referrerpolicy=\"strict-origin-when-cross-origin\" allowfullscreen><\/iframe>\n<\/div><\/figure>\n\n\n\n<p class=\"wp-block-paragraph\">A vaga que Fernando Alonso deixou na Alpine \u00e9, sem d\u00favida, a mais cobi\u00e7ada no momento para a temporada 2023 da F\u00f3rmula 1, e Ralf Schumacher acredita que essa pode ser a \u00faltima chance para Daniel Ricciardo permanecer na categoria. Diante da iminente rescis\u00e3o de contrato com a McLaren, o australiano tem portas abertas no time chefiado por Otmar Szafnauer, mas n\u00e3o ter\u00e1 vida f\u00e1cil: na opini\u00e3o do ex-piloto da F1, o sobrinho Mick Schumacher surge como outro forte candidato ao posto.<\/p>\n\n\n\n<p class=\"wp-block-paragraph\">Atualmente na Haas, onde compete ao lado de Kevin Magnussen, Schumacher ainda n\u00e3o renovou contrato, <a href=\"https:\/\/www.grandepremio.com\/br\/f1\/noticias\/haas-emperra-renovacao-mick-schumacher-promete-conversar-apos-ferias\/\" class=\"ek-link\">e a equipe americana tamb\u00e9m deixou de ter pressa nas negocia\u00e7\u00f5es<\/a> depois que o #47 n\u00e3o foi a escolha da Aston Martin para o lugar de Sebastian Vettel no ano que vem. &#8220;Os nomes est\u00e3o l\u00e1, com cada cockpit&#8221;, disse Ralf ao Sky Germany ao ser questionado sobre a vaga na Alpine. &#8220;Mick tamb\u00e9m n\u00e3o assinou contrato ainda. Portanto, ele tamb\u00e9m seria um candidato, e um candidato veloz, como j\u00e1 vimos&#8221;, salientou.<\/p>\n\n\n\n<p class=\"wp-block-paragraph\"><strong>\u25b6\ufe0f\u00a0Inscreva-se nos dois canais do GRANDE PR\u00caMIO no YouTube:\u00a0<a href=\"https:\/\/www.youtube.com\/channel\/UC9OlHEgxoaY6QY6nWPoiqQg?sub_confirmation=1\" target=\"_blank\" rel=\"noreferrer noopener\">GP<\/a>\u00a0|\u00a0<a href=\"https:\/\/www.youtube.com\/channel\/UC9csiS6q_C3C0FYhyr1rnFA?sub_confirmation=1\" target=\"_blank\" rel=\"noreferrer noopener\">GP2<\/a><\/strong><br><strong>\u25b6\ufe0f\u00a0<a href=\"https:\/\/www.twitch.tv\/grandepremio\" target=\"_blank\" rel=\"noreferrer noopener\">Conhe\u00e7a o canal do GRANDE PR\u00caMIO na Twitch clicando aqui!<\/a><\/strong><\/p>\n\n\n\n<figure class=\"wp-block-image size-full\"><img decoding=\"async\" src=\"https:\/\/www.grandepremio.com\/br\/wp-content\/uploads\/2022\/06\/mclaren-danielricciardo-01-4.jpg\" alt=\"\" class=\"wp-image-583849\"\/><figcaption>O futuro de Daniel Ricciardo ainda \u00e9 incerto para 2023 (Foto: McLaren)<\/figcaption><\/figure>\n\n\n\n<p class=\"wp-block-paragraph\">&#8220;Nico N\u00fclkenberg tamb\u00e9m est\u00e1 na lista inicial, e h\u00e1 a quest\u00e3o com Daniel Ricciardo. Pessoalmente, n\u00e3o sei se ele teria outra chance na F1 e n\u00e3o sei quem a Alpine deveria levar para l\u00e1&#8221;, continuou o irm\u00e3o de Michael Schumacher.<\/p>\n\n\n\n<p class=\"wp-block-paragraph\">A Alpine virou o centro das aten\u00e7\u00f5es depois que Alonso resolveu abrir m\u00e3o de uma renova\u00e7\u00e3o para apenas mais uma temporada e aceitar o contrato multianual oferecido pela equipe de Lawrence Stroll. A base em Enstone, por sua vez, correu ent\u00e3o para anunciar a contrata\u00e7\u00e3o de Piastri, mas o pr\u00f3prio piloto desmentiu o acordo pelas redes sociais, dizendo que n\u00e3o correria pela Alpine em 2023.<\/p>\n\n\n\n<p class=\"wp-block-paragraph\">Acontece que o impasse na renova\u00e7\u00e3o de Alonso fez Piastri procurar outras op\u00e7\u00f5es para n\u00e3o correr o risco de ficar parado mais um ano. E ter perdido o pupilo foi &#8220;um crime&#8221;, na vis\u00e3o do alem\u00e3o. &#8220;Uma coisa est\u00e1 clara: a Alpine n\u00e3o tinha interesse no in\u00edcio de colocar Piastri no carro em 2023, pois vimos que jovens pilotos precisam de certo tempo. Eles queriam coloc\u00e1-lo em outro lugar por um ou dois anos. Havia a op\u00e7\u00e3o de a Alpine contrat\u00e1-lo para 2023, mas isso n\u00e3o foi posto em pr\u00e1tica porque a sa\u00edda de Fernando Alonso n\u00e3o era esperada.&#8221;<\/p>\n\n\n\n<p class=\"wp-block-paragraph\">&#8220;Se voc\u00ea tem uma joia como essa, \u00e9 um crime perd\u00ea-la. Se voc\u00ea n\u00e3o \u00e9 capaz de criar contratos da forma certa, n\u00e3o pode culpar o jovem. Uma coisa n\u00e3o deve ser esquecida: o empres\u00e1rio de Piastri, Mark Webber, tem uma conex\u00e3o muito, muito pr\u00f3xima com o chefe da McLaren, Andreas Seidl&#8221;, encerrou Ralf Schumacher.<\/p>\n","protected":false},"excerpt":{"rendered":"<p>O ex-piloto de F\u00f3rmula 1, Ralf Schumacher, ainda disse que &#8220;foi um crime&#8221; a Alpine ter perdido &#8220;uma joia&#8221; como Oscar Piastri em meio ao impasse da renova\u00e7\u00e3o de Fernando Alonso para a temporada 2023<\/p>\n","protected":false},"author":0,"featured_media":1000583012,"comment_status":"closed","ping_status":"closed","sticky":false,"template":"","format":"standard","meta":{"42wp_featured_image_caption":"","42wp_featured_image_credits":"","42wp_featured_video":"","42wp_featured_image_hidden":false,"42wp_authors_list":[],"footnotes":""},"categories":[2],"tags":[20491,211,147,1357,6533,176,24837,2916,2423,31447],"42wp_author":[47147],"class_list":["post-109766","post","type-post","status-publish","format-standard","has-post-thumbnail","hentry","category-f1","tag-alpine","tag-daniel-ricciardo","tag-f1","tag-f1-2022","tag-f1-2023","tag-fernando-alonso","tag-formula-1-2","tag-oscar-piastri","tag-ralf-schumacher","tag-temporada-2023-f1","42wp_author-luana-marino"],"_links":{"self":[{"href":"https:\/\/grandepremio.com\/br\/wp-json\/wp\/v2\/posts\/109766","targetHints":{"allow":["GET"]}}],"collection":[{"href":"https:\/\/grandepremio.com\/br\/wp-json\/wp\/v2\/posts"}],"about":[{"href":"https:\/\/grandepremio.com\/br\/wp-json\/wp\/v2\/types\/post"}],"replies":[{"embeddable":true,"href":"https:\/\/grandepremio.com\/br\/wp-json\/wp\/v2\/comments?post=109766"}],"version-history":[{"count":0,"href":"https:\/\/grandepremio.com\/br\/wp-json\/wp\/v2\/posts\/109766\/revisions"}],"wp:featuredmedia":[{"embeddable":true,"href":"https:\/\/grandepremio.com\/br\/wp-json\/wp\/v2\/media\/1000583012"}],"wp:attachment":[{"href":"https:\/\/grandepremio.com\/br\/wp-json\/wp\/v2\/media?parent=109766"}],"wp:term":[{"taxonomy":"category","embeddable":true,"href":"https:\/\/grandepremio.com\/br\/wp-json\/wp\/v2\/categories?post=109766"},{"taxonomy":"post_tag","embeddable":true,"href":"https:\/\/grandepremio.com\/br\/wp-json\/wp\/v2\/tags?post=109766"},{"taxonomy":"42wp_author","embeddable":true,"href":"https:\/\/grandepremio.com\/br\/wp-json\/wp\/v2\/42wp_author?post=109766"}],"curies":[{"name":"wp","href":"https:\/\/api.w.org\/{rel}","templated":true}]}}