{"id":109790,"date":"2022-08-16T10:00:00","date_gmt":"2022-08-16T13:00:00","guid":{"rendered":"https:\/\/grandepremio.com\/br\/noticias\/francesco-bagnaia-engata-boa-sequencia-bota-pressao-fabio-quartararo\/"},"modified":"2022-08-16T08:07:46","modified_gmt":"2022-08-16T11:07:46","slug":"francesco-bagnaia-engata-boa-sequencia-bota-pressao-fabio-quartararo","status":"publish","type":"post","link":"https:\/\/grandepremio.com\/br\/motogp\/francesco-bagnaia-engata-boa-sequencia-bota-pressao-fabio-quartararo\/","title":{"rendered":"Bagnaia engata boa sequ\u00eancia e bota press\u00e3o em cima de Quartararo"},"content":{"rendered":"\n<figure class=\"wp-block-embed is-type-rich is-provider-incorporar-manipulador wp-block-embed-incorporar-manipulador wp-embed-aspect-16-9 wp-has-aspect-ratio\"><div class=\"wp-block-embed__wrapper\">\n<iframe loading=\"lazy\" title=\"BAGNAIA ENGATA BOA SEQU\u00caNCIA E BOTA PRESS\u00c3O EM CIMA DE QUARTARARO NA MOTOGP\" width=\"500\" height=\"281\" src=\"https:\/\/www.youtube.com\/embed\/Gg1-oa79f-Y?feature=oembed\" frameborder=\"0\" allow=\"accelerometer; autoplay; clipboard-write; encrypted-media; gyroscope; picture-in-picture; web-share\" referrerpolicy=\"strict-origin-when-cross-origin\" allowfullscreen><\/iframe>\n<\/div><\/figure>\n\n\n\n<p class=\"wp-block-paragraph\">Depois de um in\u00edcio de ano para l\u00e1 de irregular, Francesco Bagnaia engatou uma boa sequ\u00eancia na MotoGP e aumentou a press\u00e3o em cima de Fabio Quartararo. Ainda que o franc\u00eas sustente 49 pontos de vantagem em rela\u00e7\u00e3o ao italiano na classifica\u00e7\u00e3o do Mundial de Pilotos, Pecco j\u00e1 \u00e9 quem mais venceu no ano, o Red Bull Ring \u00e9 uma pista talism\u00e3 para a Ducati.<\/p>\n\n\n\n<p class=\"wp-block-paragraph\">At\u00e9 aqui, Aleix Espargar\u00f3 tem sido o rival mais pr\u00f3ximo de Fabio na classifica\u00e7\u00e3o, mas o crescimento de Bagnaia come\u00e7a preocupar. Apesar de os quatro abandonos ainda pesarem na conta, o titular da Ducati achou a competitividade que falou no in\u00edcio do ano e est\u00e1 focado em voltar \u00e0 briga pelo t\u00edtulo de 2022.<\/p>\n\n\n\n<p class=\"wp-block-paragraph\">A <a href=\"https:\/\/grandepremio.com\/motovelocidade\/\" target=\"_blank\" rel=\"noreferrer noopener\"><\/a><a href=\"https:\/\/grandepremio.com\/motovelocidade\/\" target=\"_blank\" rel=\"noreferrer noopener\">MotoGP<\/a> volta \u00e0s pistas no dia 21 de agosto, com o <a href=\"https:\/\/www.grandepremio.com\/br\/etapa\/motogp\/gp-austria-motogp-2022\/\" target=\"_blank\" rel=\"noreferrer noopener\">GP da \u00c1ustria<\/a>, no Red Bull Ring. O&nbsp;<strong>GRANDE PR\u00caMIO<\/strong>&nbsp;acompanha todas as atividades&nbsp;do Mundial de&nbsp;<a href=\"https:\/\/www.grandepremio.com\/motovelocidade\/\" target=\"_blank\" rel=\"noreferrer noopener\"><\/a><a href=\"https:\/\/www.grandepremio.com\/motovelocidade\/\" target=\"_blank\" rel=\"noreferrer noopener\">Motovelocidade<\/a>&nbsp;2022.<\/p>\n\n\n\n<p class=\"wp-block-paragraph\"><strong>\u25b6\ufe0f&nbsp;Inscreva-se nos dois canais do GRANDE PR\u00caMIO no YouTube:&nbsp;<a href=\"https:\/\/www.youtube.com\/channel\/UC9OlHEgxoaY6QY6nWPoiqQg?sub_confirmation=1\" target=\"_blank\" rel=\"noreferrer noopener\">GP<\/a>&nbsp;|&nbsp;<a href=\"https:\/\/www.youtube.com\/channel\/UC9csiS6q_C3C0FYhyr1rnFA?sub_confirmation=1\" target=\"_blank\" rel=\"noreferrer noopener\">GP2<\/a><\/strong><\/p>\n\n\n\n<p class=\"wp-block-paragraph\"><strong>LEIA TAMB\u00c9M<\/strong><br># <strong><a href=\"https:\/\/www.grandepremio.com\/br\/motogp\/noticias\/diogo-moreira-revela-muitas-ofertas-ficar-moto3-2023-tentar-titulo\/\">Moreira revela \u201cmuitas ofertas\u201d, mas fala em ficar na Moto3 em 2023 para tentar t\u00edtulo<\/a><\/strong><br># <strong><a href=\"https:\/\/www.grandepremio.com\/br\/motogp\/noticias\/ducati-aprilia-italia-domina-top-5-motogp-primeira-vez-54-anos\/\">Com Ducati e Aprilia, It\u00e1lia domina top-5 da MotoGP pela primeira vez em 54 anos<\/a><\/strong><br># <strong><a href=\"https:\/\/www.grandepremio.com\/br\/motogp\/noticias\/maverick-vinales-cresce-vira-trunfo-aprilia-luta-titulo-motogp-temporada-2022\/\">Vi\u00f1ales cresce e vira trunfo da Aprilia na luta por t\u00edtulo da MotoGP na temporada 2022<\/a><\/strong><br># <strong><a href=\"https:\/\/www.grandepremio.com\/br\/motogp\/noticias\/marc-marquez-presente-aumenta-pressao-honda-pode-ate-impactar-pilotos\/\">Marc M\u00e1rquez se faz presente e aumenta press\u00e3o na Honda. E pode at\u00e9 impactar pilotos<\/a><\/strong><\/p>\n\n\n\n<p class=\"wp-block-paragraph\"><strong>LADO A LADO<\/strong><br><strong>\u25b6\ufe0f<\/strong> <strong><a href=\"https:\/\/www.grandepremio.com\/br\/grandepremium\/lado-a-lado\/motogp\/materias\/aleix-espargaro-x-francesco-bagnaia-quem-e-mais-rival\/\">Aleix Espargar\u00f3 X Francesco Bagnaia: quem \u00e9 mais rival para Quartararo?<\/a><\/strong><\/p>\n","protected":false},"excerpt":{"rendered":"<p>Mesmo que a vantagem do franc\u00eas na lideran\u00e7a da MotoGP ainda seja larga, a boa fase do italiano \u00e9 motivo de preocupa\u00e7\u00e3o. Ainda mais na chegada ao Red Bull Ring, uma pista tradicionalmente favor\u00e1vel \u00e0 Ducati<\/p>\n","protected":false},"author":0,"featured_media":1000604013,"comment_status":"closed","ping_status":"closed","sticky":false,"template":"","format":"standard","meta":{"42wp_featured_image_caption":"","42wp_featured_image_credits":"","42wp_featured_video":"","42wp_featured_image_hidden":false,"42wp_authors_list":[],"footnotes":""},"categories":[8],"tags":[31318,2327,79,78,2997,30733,30728,30734,25819,28345,28766,32147,26690,1763],"42wp_author":[47113],"class_list":["post-109790","post","type-post","status-publish","format-standard","has-post-thumbnail","hentry","category-motogp","tag-fabio-quartararo-2","tag-francesco-bagnaia","tag-moto-gp","tag-motogp","tag-motogp-2022","tag-motogp-2022-calendario","tag-motogp-calendario-2022","tag-motogp-classificacao-2022","tag-motogp-hoje","tag-motogp-horarios","tag-motogp-standings","tag-onde-assistir-motogp-2022","tag-pilotos-motogp","tag-red-bull-ring","42wp_author-juliana-tesser"],"_links":{"self":[{"href":"https:\/\/grandepremio.com\/br\/wp-json\/wp\/v2\/posts\/109790","targetHints":{"allow":["GET"]}}],"collection":[{"href":"https:\/\/grandepremio.com\/br\/wp-json\/wp\/v2\/posts"}],"about":[{"href":"https:\/\/grandepremio.com\/br\/wp-json\/wp\/v2\/types\/post"}],"replies":[{"embeddable":true,"href":"https:\/\/grandepremio.com\/br\/wp-json\/wp\/v2\/comments?post=109790"}],"version-history":[{"count":0,"href":"https:\/\/grandepremio.com\/br\/wp-json\/wp\/v2\/posts\/109790\/revisions"}],"wp:featuredmedia":[{"embeddable":true,"href":"https:\/\/grandepremio.com\/br\/wp-json\/wp\/v2\/media\/1000604013"}],"wp:attachment":[{"href":"https:\/\/grandepremio.com\/br\/wp-json\/wp\/v2\/media?parent=109790"}],"wp:term":[{"taxonomy":"category","embeddable":true,"href":"https:\/\/grandepremio.com\/br\/wp-json\/wp\/v2\/categories?post=109790"},{"taxonomy":"post_tag","embeddable":true,"href":"https:\/\/grandepremio.com\/br\/wp-json\/wp\/v2\/tags?post=109790"},{"taxonomy":"42wp_author","embeddable":true,"href":"https:\/\/grandepremio.com\/br\/wp-json\/wp\/v2\/42wp_author?post=109790"}],"curies":[{"name":"wp","href":"https:\/\/api.w.org\/{rel}","templated":true}]}}