{"id":109796,"date":"2022-08-16T04:30:00","date_gmt":"2022-08-16T07:30:00","guid":{"rendered":"https:\/\/grandepremio.com\/br\/noticias\/george-russell-relembra-acidente-emotivo-valtteri-bottas-imola-moldou-minha-carreira\/"},"modified":"2022-08-15T16:32:18","modified_gmt":"2022-08-15T19:32:18","slug":"george-russell-relembra-acidente-emotivo-valtteri-bottas-imola-moldou-minha-carreira","status":"publish","type":"post","link":"https:\/\/grandepremio.com\/br\/f1\/george-russell-relembra-acidente-emotivo-valtteri-bottas-imola-moldou-minha-carreira\/","title":{"rendered":"Russell relembra acidente &#8220;emotivo&#8221; com Bottas em \u00cdmola: &#8220;Moldou minha carreira&#8221;"},"content":{"rendered":"\n<figure class=\"wp-block-embed is-type-video is-provider-youtube wp-block-embed-youtube wp-embed-aspect-16-9 wp-has-aspect-ratio\"><div class=\"wp-block-embed__wrapper\">\n<iframe loading=\"lazy\" title=\"QUAIS OS CINCO MELHORES PILOTOS DA F\u00d3RMULA 1 2022 AT\u00c9 AGORA?\" width=\"500\" height=\"281\" src=\"https:\/\/www.youtube.com\/embed\/JaRoE5Hk1FA?feature=oembed\" frameborder=\"0\" allow=\"accelerometer; autoplay; clipboard-write; encrypted-media; gyroscope; picture-in-picture; web-share\" referrerpolicy=\"strict-origin-when-cross-origin\" allowfullscreen><\/iframe>\n<\/div><figcaption>QUAIS OS CINCO MELHORES PILOTOS DA F\u00d3RMULA 1 2022 AT\u00c9 AGORA?<\/figcaption><\/figure>\n\n\n\n<p class=\"wp-block-paragraph\">George Russell passou por tempos dif\u00edceis na Williams antes de finalmente ganhar uma oportunidade na Mercedes em 2022. Com poucas oportunidades para pontuar, a \u00faltima temporada do brit\u00e2nico ficou marcada por alguns grandes momentos, como o p\u00f3dio na B\u00e9lgica, quanto por erros, como o acidente no GP da Em\u00edlia-Romanha com Valtteri Bottas.<\/p>\n\n\n\n<p class=\"wp-block-paragraph\">Na ocasi\u00e3o, Russell foi tirar satisfa\u00e7\u00e3o com o finland\u00eas ap\u00f3s a forte batida. Os dois disputavam uma vaga na Mercedes na \u00e9poca, e George acabou sendo o escolhido. Relembrando aquela prova em \u00cdmola no podcast <em>Beyond The Grid<\/em>, o brit\u00e2nico contou que nada da situa\u00e7\u00e3o fora das pistas passou por sua cabe\u00e7a naquele momento, e que estava apenas dando o seu m\u00e1ximo para conseguir pontos com a Williams.<\/p>\n\n\n\n<p class=\"wp-block-paragraph\">&#8220;Foi um dia emotivo, eu diria. Nada disso passou pela minha cabe\u00e7a. A \u00fanica coisa que passou pela minha cabe\u00e7a foi: &#8216;Estou em uma Williams, n\u00e3o marcamos um ponto em muitas corridas e anos&#8217;, e essa ultrapassagem pode ser a diferen\u00e7a entre o d\u00e9cimo e o nono lugar nos Construtores&#8217;, que seriam milh\u00f5es e milh\u00f5es de libras em pr\u00eamios em dinheiro para o time, o que pode transformar totalmente uma equipe&#8221;, disse Russell.<\/p>\n\n\n\n<p class=\"wp-block-paragraph\"><strong>\u25b6\ufe0f&nbsp;Inscreva-se nos dois canais do GRANDE PR\u00caMIO no YouTube:&nbsp;<a href=\"https:\/\/www.youtube.com\/channel\/UC9OlHEgxoaY6QY6nWPoiqQg?sub_confirmation=1\" target=\"_blank\" rel=\"noreferrer noopener\">GP<\/a>&nbsp;|&nbsp;<a href=\"https:\/\/www.youtube.com\/channel\/UC9csiS6q_C3C0FYhyr1rnFA?sub_confirmation=1\" target=\"_blank\" rel=\"noreferrer noopener\">GP2<\/a><\/strong><br><strong>\u25b6\ufe0f&nbsp;<a href=\"https:\/\/www.twitch.tv\/grandepremio\" target=\"_blank\" rel=\"noreferrer noopener\">Conhe\u00e7a o canal do GRANDE PR\u00caMIO na Twitch clicando aqui!<\/a><\/strong><\/p>\n\n\n\n<figure class=\"wp-block-image size-full\"><img decoding=\"async\" src=\"https:\/\/www.grandepremio.com\/br\/wp-content\/uploads\/2021\/04\/Russell_Bottas-1.png\" alt=\"\" class=\"wp-image-465062\"\/><figcaption>George Russell e Valtteri Bottas se envolveram em um forte acidente durante a corrida em \u00cdmola (Foto: Reprodu\u00e7\u00e3o\/TV)<\/figcaption><\/figure>\n\n\n\n<p class=\"wp-block-paragraph\">&#8220;Sempre que eu tinha meia oportunidade de marcar pontos pela Williams, eu estava 120% disposto a tentar de tudo, colocar tudo em risco, e era exatamente isso que voc\u00ea tinha que fazer. Em retrospectiva, vendo que era o Valtteri, vendo que era a Mercedes, levando em considera\u00e7\u00e3o todas as condi\u00e7\u00f5es &#8211; e o fato de que ele tinha um carro muito superior ao meu e provavelmente teria me ultrapassado quatro voltas depois &#8211; foi um uma tentativa de ultrapassagem audaciosa&#8221;, admitiu o jovem de 24 anos.<\/p>\n\n\n\n<p class=\"wp-block-paragraph\">O calor do momento acabou tomando conta de Russell, e a cena do brit\u00e2nico dando um tapa no capacete de Bottas n\u00e3o pegou bem. Naquela hora, o ent\u00e3o piloto da Williams pensava apenas que o finland\u00eas poderia ter dado mais espa\u00e7o, mas acredita que o epis\u00f3dio serviu de aprendizado e que no final das contas ajudou a moldar sua carreira na F\u00f3rmula 1.<\/p>\n\n\n\n<p class=\"wp-block-paragraph\">&#8220;Seu cora\u00e7\u00e3o est\u00e1 batendo e eu senti, na \u00e9poca, com ou sem raz\u00e3o, que ele poderia ter me deixado um pouco mais de espa\u00e7o, e ele provavelmente teria me deixado um pouco mais de espa\u00e7o considerando a velocidade e as condi\u00e7\u00f5es se fosse qualquer outra pessoa&#8221;, explicou George.<\/p>\n\n\n\n<p class=\"wp-block-paragraph\">&#8220;Agora, se isso \u00e9 certo ou errado, quem sabe, mas foram os pensamentos que passaram pela minha mente naquele momento. E acho que voc\u00ea precisa de momentos como esse para moldar sua carreira, sua personalidade, seu futuro, e acho que isso provavelmente ajudou a moldar o meu&#8221;, afirmou o brit\u00e2nico.<\/p>\n\n\n\n<p class=\"wp-block-paragraph\"><strong><a href=\"https:\/\/www.grandepremio.com\/br\/f1\/noticias\/porsche-registra-marca-f1nally-aproxima-anuncio-chegada-formula-1\/\" class=\"ek-link\">LEIA TAMB\u00c9M<\/a>: Porsche registra marca \u2018F1nally\u2019 e se aproxima de an\u00fancio de chegada \u00e0 F\u00f3rmula 1<\/strong><\/p>\n\n\n\n<figure class=\"wp-block-image size-large\"><img decoding=\"async\" src=\"https:\/\/www.grandepremio.com\/br\/wp-content\/uploads\/2021\/08\/GeorgeRussell-2-1024x683.jpg\" alt=\"GEORGE RUSSELL; WILLIAMS; P\u00d3DIO; GP DA B\u00c9LGICA;\" class=\"wp-image-504347\"\/><figcaption>Em 2021, Russell conseguiu seu primeiro p\u00f3dio na F1 ao terminar o GP da B\u00e9lgica em segundo lugar (Foto: Williams)<\/figcaption><\/figure>\n\n\n\n<p class=\"wp-block-paragraph\">Se o acidente e a forma com quem Russell lidou com a frustra\u00e7\u00e3o do momento n\u00e3o agradaram a Toto Wolff, o chefe da Williams, Jost Capito, deu apoio total a seu piloto. Com poucas oportunidades para pontuar, a equipe sabia que seria preciso arriscar tudo em alguns momentos e lidar com as consequ\u00eancias.<\/p>\n\n\n\n<p class=\"wp-block-paragraph\">\u201cEle disse que se isso acontecesse novamente, era para tentar, e [ele] n\u00e3o mudaria nada. Jost \u00e9 um cara que \u00e9, [eu] n\u00e3o diria tudo ou nada, mas na posi\u00e7\u00e3o em que est\u00e1vamos na Williams, era meio que tudo ou nadar, porque n\u00e3o t\u00ednhamos um carro capaz de pontuar, ent\u00e3o t\u00ednhamos que correr riscos. Ent\u00e3o, ele n\u00e3o tinha nenhuma preocupa\u00e7\u00e3o, mas, obviamente, Toto [Wolff], por outro lado, tinha uma opini\u00e3o ligeiramente diferente, que tamb\u00e9m era totalmente compreens\u00edvel&#8221;, contou Russell.<\/p>\n\n\n\n<p class=\"wp-block-paragraph\">Em sua primeira temporada com a Mercedes, George tem impressionado. Ele ocupa atualmente a quarta posi\u00e7\u00e3o no Mundial de Pilotos e j\u00e1 obteve cinco p\u00f3dios em 2022, al\u00e9m de uma pole-position na Hungria. A F\u00f3rmula 1 retorna no dia 28 de agosto, para o GP da B\u00e9lgica, no circuito de Spa-Francorchamps.<\/p>\n\n\n\n<figure class=\"wp-block-embed is-type-video is-provider-youtube wp-block-embed-youtube wp-embed-aspect-16-9 wp-has-aspect-ratio\"><div class=\"wp-block-embed__wrapper\">\n<iframe loading=\"lazy\" title=\"F\u00d3RMULA 1 2022 EST\u00c1 ABAIXO DA M\u00c9DIA MESMO OU 2021 ESPETACULAR AFETA OPINI\u00c3O?\" width=\"500\" height=\"281\" src=\"https:\/\/www.youtube.com\/embed\/kaLsS_ycmns?feature=oembed\" frameborder=\"0\" allow=\"accelerometer; autoplay; clipboard-write; encrypted-media; gyroscope; picture-in-picture; web-share\" referrerpolicy=\"strict-origin-when-cross-origin\" allowfullscreen><\/iframe>\n<\/div><figcaption>F\u00d3RMULA 1 2022 EST\u00c1 ABAIXO DA M\u00c9DIA MESMO OU 2021 ESPETACULAR AFETA OPINI\u00c3O?<\/figcaption><\/figure>\n","protected":false},"excerpt":{"rendered":"<p>George Russell afirmou que o acidente com Valtteri Bottas no ano passado, quando disputava uma vaga na Mercedes, transformou sua carreira na F\u00f3rmula 1<\/p>\n","protected":false},"author":0,"featured_media":1000465212,"comment_status":"closed","ping_status":"closed","sticky":false,"template":"","format":"standard","meta":{"42wp_featured_image_caption":"","42wp_featured_image_credits":"","42wp_featured_video":"","42wp_featured_image_hidden":false,"42wp_authors_list":[],"footnotes":""},"categories":[2],"tags":[487,147,156,1357,24837,26275,31064,800,25606,29611,14195,82,150,612,215],"42wp_author":[47144],"class_list":["post-109796","post","type-post","status-publish","format-standard","has-post-thumbnail","hentry","category-f1","tag-acidente","tag-f1","tag-f1-2021","tag-f1-2022","tag-formula-1-2","tag-formula-1-2021-3","tag-formula-1-2022-3","tag-george-russell","tag-gp-da-emilia-romanha","tag-gp-de-imola","tag-jost-capito","tag-mercedes","tag-toto-wolff","tag-valtteri-bottas","tag-williams","42wp_author-andre-netto"],"_links":{"self":[{"href":"https:\/\/grandepremio.com\/br\/wp-json\/wp\/v2\/posts\/109796","targetHints":{"allow":["GET"]}}],"collection":[{"href":"https:\/\/grandepremio.com\/br\/wp-json\/wp\/v2\/posts"}],"about":[{"href":"https:\/\/grandepremio.com\/br\/wp-json\/wp\/v2\/types\/post"}],"replies":[{"embeddable":true,"href":"https:\/\/grandepremio.com\/br\/wp-json\/wp\/v2\/comments?post=109796"}],"version-history":[{"count":0,"href":"https:\/\/grandepremio.com\/br\/wp-json\/wp\/v2\/posts\/109796\/revisions"}],"wp:featuredmedia":[{"embeddable":true,"href":"https:\/\/grandepremio.com\/br\/wp-json\/wp\/v2\/media\/1000465212"}],"wp:attachment":[{"href":"https:\/\/grandepremio.com\/br\/wp-json\/wp\/v2\/media?parent=109796"}],"wp:term":[{"taxonomy":"category","embeddable":true,"href":"https:\/\/grandepremio.com\/br\/wp-json\/wp\/v2\/categories?post=109796"},{"taxonomy":"post_tag","embeddable":true,"href":"https:\/\/grandepremio.com\/br\/wp-json\/wp\/v2\/tags?post=109796"},{"taxonomy":"42wp_author","embeddable":true,"href":"https:\/\/grandepremio.com\/br\/wp-json\/wp\/v2\/42wp_author?post=109796"}],"curies":[{"name":"wp","href":"https:\/\/api.w.org\/{rel}","templated":true}]}}