{"id":109823,"date":"2022-08-14T07:18:12","date_gmt":"2022-08-14T10:18:12","guid":{"rendered":"https:\/\/grandepremio.com\/br\/noticias\/mercedes-garante-bi-mundial-de-construtores-formula-e-despedida-categoria\/"},"modified":"2022-08-14T08:06:33","modified_gmt":"2022-08-14T11:06:33","slug":"mercedes-garante-bi-mundial-de-construtores-formula-e-despedida-categoria","status":"publish","type":"post","link":"https:\/\/grandepremio.com\/br\/formula-e\/mercedes-garante-bi-mundial-de-construtores-formula-e-despedida-categoria\/","title":{"rendered":"Mercedes garante bi do Mundial de Construtores da F\u00f3rmula E em despedida da categoria"},"content":{"rendered":"\n<figure class=\"wp-block-embed is-type-video is-provider-youtube wp-block-embed-youtube wp-embed-aspect-16-9 wp-has-aspect-ratio\"><div class=\"wp-block-embed__wrapper\">\n<iframe loading=\"lazy\" title=\"CHEGOU A GRANDE FINAL: F\u00d3RMULA E SE PREPARA PARA DECIDIR T\u00cdTULO EM SEUL\" width=\"500\" height=\"281\" src=\"https:\/\/www.youtube.com\/embed\/5MOqysKJ8qA?feature=oembed\" frameborder=\"0\" allow=\"accelerometer; autoplay; clipboard-write; encrypted-media; gyroscope; picture-in-picture; web-share\" referrerpolicy=\"strict-origin-when-cross-origin\" allowfullscreen><\/iframe>\n<\/div><figcaption>CHEGOU A GRANDE FINAL: F\u00d3RMULA E SE PREPARA PARA DECIDIR T\u00cdTULO EM SEUL<\/figcaption><\/figure>\n\n\n\n<p class=\"wp-block-paragraph\">Al\u00e9m do t\u00edtulo mundial de Stoffel Vandoorne, a Mercedes teve muito o que comemorar com o encerramento da temporada 2021\/2022 da F\u00f3rmula E, neste domingo (14), em Seul. <a aria-label=\"Na corrida que marcou a despedida da equipe alem\u00e3 da categoria (opens in a new tab)\" href=\"https:\/\/www.grandepremio.com\/br\/formula-e\/noticias\/edoardo-mortara-antonio-felix-da-costa-ep-de-seul-2-formula-e-stoffel-vandoorne-campeao-podio\/\" target=\"_blank\" rel=\"noreferrer noopener\" class=\"ek-link\">Na corrida que marcou a despedida da equipe alem\u00e3 da categoria<\/a>, o time garantiu o bicampeonato do Mundial de Construtores, o qual j\u00e1 havia vencido no ano passado com a conquista de Nyck de Vries.<\/p>\n\n\n\n<p class=\"wp-block-paragraph\">Se no ano passado a principal rival foi a Jaguar e o campeonato foi vencido de forma apertada \u2014 foram quatro pontos de folga para os vice-campe\u00f5es e apenas 15 at\u00e9 a quinta colocada Envision \u2014, em 2022 o caneco veio de forma mais tranquila: 319 pontos somados ao longo de 16 corridas e 24 tentos de dist\u00e2ncia para a Venturi, segunda colocada.<\/p>\n\n\n\n<p class=\"wp-block-paragraph\">O time monegasco ainda nutria esperan\u00e7as de desafiar a atual campe\u00e3 no encerramento do campeonato, mas viu Lucas Di Grassi sofrer com a necessidade de fazer uma troca de pneus no meio da corrida e abandonou suas chances. Apesar da vit\u00f3ria de Edoardo Mortara, Stoffel Vandoorne chegou em segundo e manteve a Mercedes na primeira coloca\u00e7\u00e3o.<\/p>\n\n\n\n<p class=\"wp-block-paragraph\"><strong>\u25b6\ufe0f\u00a0<a href=\"https:\/\/www.twitch.tv\/grandepremio\" target=\"_blank\" rel=\"noreferrer noopener\">Conhe\u00e7a o canal do GRANDE PR\u00caMIO na Twitch clicando aqui!<\/a><\/strong><\/p>\n\n\n\n<figure class=\"wp-block-image size-large\"><img decoding=\"async\" src=\"https:\/\/www.grandepremio.com\/br\/wp-content\/uploads\/2020\/05\/EPS813_145357SMG_9156-2048x2048-1-1024x683.jpg\" alt=\"\" class=\"wp-image-600189\"\/><figcaption>A Mercedes conquistou os \u00faltimos quatro t\u00edtulos da F\u00f3rmula E, dois de Pilotos e dois de Construtores (Foto: FIA F\u00f3rmula E)<\/figcaption><\/figure>\n\n\n\n<p class=\"wp-block-paragraph\"><strong>\u25b6\ufe0f\u00a0Inscreva-se nos dois canais do GRANDE PR\u00caMIO no YouTube:\u00a0<a href=\"https:\/\/www.youtube.com\/channel\/UC9OlHEgxoaY6QY6nWPoiqQg?sub_confirmation=1\" target=\"_blank\" rel=\"noreferrer noopener\">GP<\/a>\u00a0|\u00a0<a href=\"https:\/\/www.youtube.com\/channel\/UC9csiS6q_C3C0FYhyr1rnFA?sub_confirmation=1\" target=\"_blank\" rel=\"noreferrer noopener\">GP2<\/a><\/strong><\/p>\n\n\n\n<p class=\"wp-block-paragraph\">A DS Techeetah fechou o p\u00f3dio entre as equipes na terceira coloca\u00e7\u00e3o, com 266 pontos somados por Ant\u00f3nio F\u00e9lix da Costa e Jean-\u00c8ric Vergne, enquanto a Jaguar caiu dois postos em rela\u00e7\u00e3o ao ano passado e terminou na quarta posi\u00e7\u00e3o: apesar de Mitch Evans ter sido o vice-campe\u00e3o, Sam Bird fez temporada bastante apagada e o somat\u00f3rio dos dois pilotos deixou a equipe brit\u00e2nica com 231 tentos.<\/p>\n\n\n\n<p class=\"wp-block-paragraph\">A Envision, por sua vez, se colocou em um distante quinto lugar: longe da quarta colocada Jaguar, mas tamb\u00e9m fora de perigo em ser alcan\u00e7ada pela Andretti. No fim, Robin Frijns e Nick Cassidy somaram 194 pontos. No ano que vem, o neerland\u00eas ser\u00e1 piloto da Abt, e S\u00e9bastien Buemi vai assumir as fun\u00e7\u00f5es como companheiro do neozeland\u00eas \u2014 que venceu sua primeira em Nova York.<\/p>\n\n\n\n<p class=\"wp-block-paragraph\">Por falar em Andretti, a equipe americana foi a \u00fanica a ganhar posi\u00e7\u00f5es no encerramento da temporada: tomou o sexto lugar da Porsche com os 25 pontos de Seul e terminou na sexta coloca\u00e7\u00e3o, com 150 somados pela dupla Jake Dennis e Oliver Askew. O time alem\u00e3o precisou se contentar com o s\u00e9timo lugar, j\u00e1 que Pascal Wehrlein e Andr\u00e9 Lotterer n\u00e3o passaram dos 134 pontos juntos.<\/p>\n\n\n\n<p class=\"wp-block-paragraph\">Por fim, os \u00faltimos quatro colocados foram os \u00fanicos que n\u00e3o chegaram aos 100 tentos: a Mahindra, que ter\u00e1 Lucas Di Grassi e Oliver Rowland no ano que vem, fechou com 46 pontos; a Nissan, que vai perder Buemi para a Envision e trouxe Sacha Fenestraz para seu lugar, terminou com 36; a NIO somou sete com Oliver Turvey e o estreante Dan Ticktum, enquanto S\u00e9rgio Sette C\u00e2mara representou os \u00fanicos dois pontos da Dragon no campeonato, com Antonio Giovinazzi zerado.<\/p>\n\n\n\n<h2 class=\"wp-block-heading\" id=\"h-formula-e-2021-2022-mundial-de-construtores-classificacao-final\">F\u00f3rmula E 2021\/2022, Mundial de Construtores, Classifica\u00e7\u00e3o Final:<\/h2>\n\n\n\n<figure class=\"wp-block-table caption-align-center\"><table><tbody><tr><td class=\"has-text-align-center\" data-align=\"center\"><\/td><td class=\"has-text-align-center\" data-align=\"center\">Equipe<\/td><td class=\"has-text-align-center\" data-align=\"center\">Pa\u00eds<\/td><td class=\"has-text-align-center\" data-align=\"center\">Motor<\/td><td class=\"has-text-align-center\" data-align=\"center\">Pontos<\/td><\/tr><tr><td class=\"has-text-align-center\" data-align=\"center\">1<\/td><td class=\"has-text-align-center\" data-align=\"center\">MERCEDES<\/td><td class=\"has-text-align-center\" data-align=\"center\">ALE<\/td><td class=\"has-text-align-center\" data-align=\"center\">Mercedes<\/td><td class=\"has-text-align-center\" data-align=\"center\">319<\/td><\/tr><tr><td class=\"has-text-align-center\" data-align=\"center\">2<\/td><td class=\"has-text-align-center\" data-align=\"center\">VENTURI<\/td><td class=\"has-text-align-center\" data-align=\"center\">MON<\/td><td class=\"has-text-align-center\" data-align=\"center\">Mercedes<\/td><td class=\"has-text-align-center\" data-align=\"center\">295<\/td><\/tr><tr><td class=\"has-text-align-center\" data-align=\"center\">3<\/td><td class=\"has-text-align-center\" data-align=\"center\">DS TECHEETAH<\/td><td class=\"has-text-align-center\" data-align=\"center\">CHI<\/td><td class=\"has-text-align-center\" data-align=\"center\">DS<\/td><td class=\"has-text-align-center\" data-align=\"center\">266<\/td><\/tr><tr><td class=\"has-text-align-center\" data-align=\"center\">4<\/td><td class=\"has-text-align-center\" data-align=\"center\">JAGUAR<\/td><td class=\"has-text-align-center\" data-align=\"center\">ING<\/td><td class=\"has-text-align-center\" data-align=\"center\">Jaguar<\/td><td class=\"has-text-align-center\" data-align=\"center\">231<\/td><\/tr><tr><td class=\"has-text-align-center\" data-align=\"center\">5<\/td><td class=\"has-text-align-center\" data-align=\"center\">ENVISION<\/td><td class=\"has-text-align-center\" data-align=\"center\">ING<\/td><td class=\"has-text-align-center\" data-align=\"center\">Audi<\/td><td class=\"has-text-align-center\" data-align=\"center\">194<\/td><\/tr><tr><td class=\"has-text-align-center\" data-align=\"center\">6<\/td><td class=\"has-text-align-center\" data-align=\"center\">ANDRETTI<\/td><td class=\"has-text-align-center\" data-align=\"center\">EUA<\/td><td class=\"has-text-align-center\" data-align=\"center\">BMW<\/td><td class=\"has-text-align-center\" data-align=\"center\">150<\/td><\/tr><tr><td class=\"has-text-align-center\" data-align=\"center\">7<\/td><td class=\"has-text-align-center\" data-align=\"center\">PORSCHE<\/td><td class=\"has-text-align-center\" data-align=\"center\">ALE<\/td><td class=\"has-text-align-center\" data-align=\"center\">Porsche<\/td><td class=\"has-text-align-center\" data-align=\"center\">134<\/td><\/tr><tr><td class=\"has-text-align-center\" data-align=\"center\">8<\/td><td class=\"has-text-align-center\" data-align=\"center\">MAHINDRA<\/td><td class=\"has-text-align-center\" data-align=\"center\">IND<\/td><td class=\"has-text-align-center\" data-align=\"center\">Mahindra<\/td><td class=\"has-text-align-center\" data-align=\"center\">46<\/td><\/tr><tr><td class=\"has-text-align-center\" data-align=\"center\">9<\/td><td class=\"has-text-align-center\" data-align=\"center\">NISSAN<\/td><td class=\"has-text-align-center\" data-align=\"center\">JAP<\/td><td class=\"has-text-align-center\" data-align=\"center\">Nissan<\/td><td class=\"has-text-align-center\" data-align=\"center\">36<\/td><\/tr><tr><td class=\"has-text-align-center\" data-align=\"center\">10<\/td><td class=\"has-text-align-center\" data-align=\"center\">NIO<\/td><td class=\"has-text-align-center\" data-align=\"center\">ING<\/td><td class=\"has-text-align-center\" data-align=\"center\">NIO<\/td><td class=\"has-text-align-center\" data-align=\"center\">7<\/td><\/tr><tr><td class=\"has-text-align-center\" data-align=\"center\">11<\/td><td class=\"has-text-align-center\" data-align=\"center\">DRAGON<\/td><td class=\"has-text-align-center\" data-align=\"center\">EUA<\/td><td class=\"has-text-align-center\" data-align=\"center\">Penske<\/td><td class=\"has-text-align-center\" data-align=\"center\">2<\/td><\/tr><\/tbody><\/table><\/figure>\n","protected":false},"excerpt":{"rendered":"<p>Pelo segundo ano consecutivo, a Mercedes \u00e9 campe\u00e3 do Mundial de Construtores da F\u00f3rmula E. Equipe alem\u00e3 vai deixar a categoria e ter\u00e1 suas opera\u00e7\u00f5es absorvidas pela McLaren em 2023<\/p>\n","protected":false},"author":0,"featured_media":1000603523,"comment_status":"closed","ping_status":"closed","sticky":false,"template":"","format":"standard","meta":{"42wp_featured_image_caption":"","42wp_featured_image_credits":"","42wp_featured_video":"","42wp_featured_image_hidden":false,"42wp_authors_list":[],"footnotes":""},"categories":[19],"tags":[4828,4595,379,27903,513,840,28327,1601,24836,28285,32201,82,1117,1556,32200,3254,967,25328,29941],"42wp_author":[47142],"class_list":["post-109823","post","type-post","status-publish","format-standard","has-post-thumbnail","hentry","category-formula-e","tag-coreia-do-sul","tag-ep-de-seul","tag-fe","tag-fe-2022","tag-final","tag-formula-e","tag-formula-e-2022","tag-gen3","tag-grande-premio-2","tag-grandepremio","tag-hana-bank-seoul-eprix","tag-mercedes","tag-mundial-de-construtores","tag-nyck-de-vries","tag-seouleprix","tag-seul","tag-stoffel-vandoorne","tag-titulo-2","tag-ultima-etapa","42wp_author-jp-nascimento"],"_links":{"self":[{"href":"https:\/\/grandepremio.com\/br\/wp-json\/wp\/v2\/posts\/109823","targetHints":{"allow":["GET"]}}],"collection":[{"href":"https:\/\/grandepremio.com\/br\/wp-json\/wp\/v2\/posts"}],"about":[{"href":"https:\/\/grandepremio.com\/br\/wp-json\/wp\/v2\/types\/post"}],"replies":[{"embeddable":true,"href":"https:\/\/grandepremio.com\/br\/wp-json\/wp\/v2\/comments?post=109823"}],"version-history":[{"count":0,"href":"https:\/\/grandepremio.com\/br\/wp-json\/wp\/v2\/posts\/109823\/revisions"}],"wp:featuredmedia":[{"embeddable":true,"href":"https:\/\/grandepremio.com\/br\/wp-json\/wp\/v2\/media\/1000603523"}],"wp:attachment":[{"href":"https:\/\/grandepremio.com\/br\/wp-json\/wp\/v2\/media?parent=109823"}],"wp:term":[{"taxonomy":"category","embeddable":true,"href":"https:\/\/grandepremio.com\/br\/wp-json\/wp\/v2\/categories?post=109823"},{"taxonomy":"post_tag","embeddable":true,"href":"https:\/\/grandepremio.com\/br\/wp-json\/wp\/v2\/tags?post=109823"},{"taxonomy":"42wp_author","embeddable":true,"href":"https:\/\/grandepremio.com\/br\/wp-json\/wp\/v2\/42wp_author?post=109823"}],"curies":[{"name":"wp","href":"https:\/\/api.w.org\/{rel}","templated":true}]}}