{"id":109835,"date":"2022-08-13T11:33:19","date_gmt":"2022-08-13T14:33:19","guid":{"rendered":"https:\/\/grandepremio.com\/br\/noticias\/chefe-alphatauri-soube-sabia-2007-sebastian-vettel-seria-piloto-muito-grande\/"},"modified":"2022-08-13T11:35:35","modified_gmt":"2022-08-13T14:35:35","slug":"chefe-alphatauri-soube-sabia-2007-sebastian-vettel-seria-piloto-muito-grande","status":"publish","type":"post","link":"https:\/\/grandepremio.com\/br\/f1\/chefe-alphatauri-soube-sabia-2007-sebastian-vettel-seria-piloto-muito-grande\/","title":{"rendered":"Chefe da AlphaTauri diz que sabia desde 2007 que Vettel seria &#8220;piloto muito grande&#8221;"},"content":{"rendered":"\n<figure class=\"wp-block-embed is-type-video is-provider-youtube wp-block-embed-youtube wp-embed-aspect-16-9 wp-has-aspect-ratio\"><div class=\"wp-block-embed__wrapper\">\n<iframe loading=\"lazy\" title=\"FORA VERSTAPPEN, ALGUM PILOTO JOVEM MUDA EQUIPE DE PATAMAR NA F\u00d3RMULA 1? | TT GP #64\" width=\"500\" height=\"281\" src=\"https:\/\/www.youtube.com\/embed\/KGXcT5bE00k?feature=oembed\" frameborder=\"0\" allow=\"accelerometer; autoplay; clipboard-write; encrypted-media; gyroscope; picture-in-picture; web-share\" referrerpolicy=\"strict-origin-when-cross-origin\" allowfullscreen><\/iframe>\n<\/div><figcaption>FORA VERSTAPPEN, ALGUM PILOTO JOVEM MUDA EQUIPE DE PATAMAR NA F\u00d3RMULA 1? | TT GP #64<\/figcaption><\/figure>\n\n\n\n<p class=\"wp-block-paragraph\">\u00c9 verdade que Sebastian Vettel entrou na F\u00f3rmula 1 por meio da BMW, em 2007, mas foi apenas por uma corrida antes de partir de vez para a antiga Toro Rosso \u2014 atual AlphaTauri \u2014, equipe &#8216;B&#8217; da Red Bull. O chefe da equipe italiana n\u00e3o mudou desde ent\u00e3o, segue sendo Franz Tost. Que teve muito a elogiar. Segundo ele, foi f\u00e1cil saber que Vettel era um sujeito diferente.<\/p>\n\n\n\n<p class=\"wp-block-paragraph\"><strong>\u25b6\ufe0f\u00a0Inscreva-se nos dois canais do GRANDE PR\u00caMIO no YouTube:\u00a0<a href=\"https:\/\/www.youtube.com\/channel\/UC9OlHEgxoaY6QY6nWPoiqQg?sub_confirmation=1\" target=\"_blank\" rel=\"noreferrer noopener\">GP<\/a>\u00a0|\u00a0<a href=\"https:\/\/www.youtube.com\/channel\/UC9csiS6q_C3C0FYhyr1rnFA?sub_confirmation=1\" target=\"_blank\" rel=\"noreferrer noopener\">GP2<\/a><\/strong><br><strong>\u25b6\ufe0f\u00a0<a href=\"https:\/\/www.twitch.tv\/grandepremio\" target=\"_blank\" rel=\"noreferrer noopener\">Conhe\u00e7a o canal do GRANDE PR\u00caMIO na Twitch clicando aqui!<\/a><\/strong><\/p>\n\n\n\n<p class=\"wp-block-paragraph\">Tost lembrou bem como foi cruzar o caminho com o ent\u00e3o novato de 20 anos de idade. Um ano depois, em 2008, Vettel e Tost comemorariam juntos a vit\u00f3ria do alem\u00e3o no GP da It\u00e1lia. A primeira da hist\u00f3ria da equipe. O suficiente para entender que havia um piloto especial em constru\u00e7\u00e3o.<\/p>\n\n\n\n<p class=\"wp-block-paragraph\">&#8220;As perguntas que ele fazia eram muito boas para um piloto jovem e tinha a vantagem de estar 100% comprometido com a F\u00f3rmula 1, ou outras categorias. N\u00e3o era somente na BMW, mas desde a F\u00f3rmula 3 nas demais competi\u00e7\u00f5es&#8221;, disse ao site da F1.<\/p>\n\n\n\n<figure class=\"wp-block-image size-large\"><img decoding=\"async\" src=\"https:\/\/www.grandepremio.com\/br\/wp-content\/uploads\/2021\/10\/SI202110080243_hires_jpeg_24bit_rgb-1024x683.jpg\" alt=\"\" class=\"wp-image-515853\"\/><figcaption>Franz Tost \u00e9 chefe da AlphaTauri\/Toro Rosso desde aquela \u00e9poca (Foto: Red Bull Content Pool)<\/figcaption><\/figure>\n\n\n\n<figure class=\"wp-block-embed is-type-rich is-provider-spotify wp-block-embed-spotify wp-embed-aspect-21-9 wp-has-aspect-ratio\"><div class=\"wp-block-embed__wrapper\">\n<iframe title=\"Spotify Embed: Paddockast #160 | Piastri, Ricciardo e o restante do grid da F\u00f3rmula 1 2023\" style=\"border-radius: 12px\" width=\"100%\" height=\"152\" frameborder=\"0\" allowfullscreen allow=\"autoplay; clipboard-write; encrypted-media; fullscreen; picture-in-picture\" loading=\"lazy\" src=\"https:\/\/open.spotify.com\/embed\/episode\/7qIzgu52oQm7vSq2FKSmFB?utm_source=oembed\"><\/iframe>\n<\/div><figcaption>Paddockast #160: Piastri, Ricciardo e o restante do grid da F\u00f3rmula 1 2023<\/figcaption><\/figure>\n\n\n\n<p class=\"wp-block-paragraph\">&#8220;Na F1, quando chegou ao nosso time, trouxe sangue novo, novas ideias, era muito exigente e perguntava bastante. Entrava em detalhes, algo que \u00e9 muito importante, e estava sempre de bom humor, ainda que tenha tido alguns problemas com o carro no come\u00e7o. Mas empurrou a equipe para ir adiante e, como resultado, venceu uma corrida com a Toro Rosso, naquela corrida em Monza&#8221;, lembrou o chefe.<\/p>\n\n\n\n<p class=\"wp-block-paragraph\">&#8220;Foi a primeira vit\u00f3ria dele e da Toro Rosso. A forma que ele trabalhava\u2026 Estava claro para mim que ele se transformaria num piloto grande. Depois, ganhou quatro campeonatos. Mas eu j\u00e1 estava convencido que ele seria campe\u00e3o mundial na F1 se estivesse no lugar certo, na hora certa. Foi o caso com a Red Bull. Na Ferrari, tamb\u00e9m teve sucesso e venceu muitas corridas&#8221;, avaliou.<\/p>\n\n\n\n<p class=\"wp-block-paragraph\"><strong>LEIA MAIS<\/strong><br><strong>+ <a href=\"https:\/\/www.grandepremio.com\/br\/f1\/noticias\/como-sebastian-vettel-quase-honda-antes-estrear-formula-1-bmw\/\" class=\"ek-link\">Como Vettel quase foi parar na Honda antes de estrear na F\u00f3rmula 1 pela BMW<\/a><\/strong><br><strong>+ <a href=\"https:\/\/www.grandepremio.com\/br\/f1\/noticias\/sebastian-vettel-maior-que-esporte-historia-f1-queremos-carregar\/\" class=\"ek-link\">Vettel se tornou maior que esporte: \u00e9 a hist\u00f3ria da F1 que queremos carregar<\/a><\/strong><\/p>\n\n\n\n<p class=\"wp-block-paragraph\">&#8220;Agora, decidiu sair da F1. Sentiremos sua falta. Eu, pessoalmente, claro, porque nos conhecemos bem. Seb \u00e9 uma figura fant\u00e1stica, sempre muito aberto, e teve uma carreira de muito sucesso. Desejo o melhor no futuro para ele e toda a fam\u00edlia&#8221;, encerrou.<\/p>\n\n\n\n<p class=\"wp-block-paragraph\">Vettel resolveu <strong><a href=\"https:\/\/www.grandepremio.com\/br\/f1\/noticias\/sebastian-vettel-decide-deixar-formula-1-anuncia-aposentadoria-fim-temporada-2022\/\" class=\"ek-link\">se aposentar da F1 ao fim desta temporada 2022<\/a><\/strong>.<\/p>\n\n\n\n<figure class=\"wp-block-embed is-type-video is-provider-youtube wp-block-embed-youtube wp-embed-aspect-16-9 wp-has-aspect-ratio\"><div class=\"wp-block-embed__wrapper\">\n<iframe loading=\"lazy\" title=\"SEBASTIAN VETTEL SE APOSENTA EM 2022: F\u00d3RMULA 1 PERDE UM DOS GRANDES | WGP\" width=\"500\" height=\"281\" src=\"https:\/\/www.youtube.com\/embed\/KNVdTunm_pk?feature=oembed\" frameborder=\"0\" allow=\"accelerometer; autoplay; clipboard-write; encrypted-media; gyroscope; picture-in-picture; web-share\" referrerpolicy=\"strict-origin-when-cross-origin\" allowfullscreen><\/iframe>\n<\/div><figcaption>SEBASTIAN VETTEL SE APOSENTA EM 2022: F\u00d3RMULA 1 PERDE UM DOS GRANDES | WGP<\/figcaption><\/figure>\n","protected":false},"excerpt":{"rendered":"<p>Franz Tost, chefe da Toro Rosso desde aqueles tempos, falou que soube rapidamente que Sebastian Vettel era especial<\/p>\n","protected":false},"author":0,"featured_media":1000603643,"comment_status":"closed","ping_status":"closed","sticky":false,"template":"","format":"standard","meta":{"42wp_featured_image_caption":"","42wp_featured_image_credits":"","42wp_featured_video":"","42wp_featured_image_hidden":false,"42wp_authors_list":[],"footnotes":""},"categories":[2],"tags":[524,1357,31064,525,24836,28285,210,638],"42wp_author":[47120],"class_list":["post-109835","post","type-post","status-publish","format-standard","has-post-thumbnail","hentry","category-f1","tag-alphatauri","tag-f1-2022","tag-formula-1-2022-3","tag-franz-tost","tag-grande-premio-2","tag-grandepremio","tag-sebastian-vettel","tag-toro-rosso","42wp_author-pedro-henrique-marum"],"_links":{"self":[{"href":"https:\/\/grandepremio.com\/br\/wp-json\/wp\/v2\/posts\/109835","targetHints":{"allow":["GET"]}}],"collection":[{"href":"https:\/\/grandepremio.com\/br\/wp-json\/wp\/v2\/posts"}],"about":[{"href":"https:\/\/grandepremio.com\/br\/wp-json\/wp\/v2\/types\/post"}],"replies":[{"embeddable":true,"href":"https:\/\/grandepremio.com\/br\/wp-json\/wp\/v2\/comments?post=109835"}],"version-history":[{"count":0,"href":"https:\/\/grandepremio.com\/br\/wp-json\/wp\/v2\/posts\/109835\/revisions"}],"wp:featuredmedia":[{"embeddable":true,"href":"https:\/\/grandepremio.com\/br\/wp-json\/wp\/v2\/media\/1000603643"}],"wp:attachment":[{"href":"https:\/\/grandepremio.com\/br\/wp-json\/wp\/v2\/media?parent=109835"}],"wp:term":[{"taxonomy":"category","embeddable":true,"href":"https:\/\/grandepremio.com\/br\/wp-json\/wp\/v2\/categories?post=109835"},{"taxonomy":"post_tag","embeddable":true,"href":"https:\/\/grandepremio.com\/br\/wp-json\/wp\/v2\/tags?post=109835"},{"taxonomy":"42wp_author","embeddable":true,"href":"https:\/\/grandepremio.com\/br\/wp-json\/wp\/v2\/42wp_author?post=109835"}],"curies":[{"name":"wp","href":"https:\/\/api.w.org\/{rel}","templated":true}]}}