{"id":109839,"date":"2022-08-13T08:38:29","date_gmt":"2022-08-13T11:38:29","guid":{"rendered":"https:\/\/grandepremio.com\/br\/noticias\/lucas-di-grassi-primeiro-piloto-1000-pontos-formula-e-podio-seul\/"},"modified":"2022-08-13T10:16:52","modified_gmt":"2022-08-13T13:16:52","slug":"lucas-di-grassi-primeiro-piloto-1000-pontos-formula-e-podio-seul","status":"publish","type":"post","link":"https:\/\/grandepremio.com\/br\/formula-e\/lucas-di-grassi-primeiro-piloto-1000-pontos-formula-e-podio-seul\/","title":{"rendered":"Di Grassi se torna primeiro piloto a marcar 1000 pontos na F\u00f3rmula E com p\u00f3dio em Seul"},"content":{"rendered":"\n<figure class=\"wp-block-embed is-type-video is-provider-youtube wp-block-embed-youtube wp-embed-aspect-16-9 wp-has-aspect-ratio\"><div class=\"wp-block-embed__wrapper\">\n<iframe loading=\"lazy\" title=\"CHEGOU A GRANDE FINAL: F\u00d3RMULA E SE PREPARA PARA DECIDIR T\u00cdTULO EM SEUL\" width=\"500\" height=\"281\" src=\"https:\/\/www.youtube.com\/embed\/5MOqysKJ8qA?feature=oembed\" frameborder=\"0\" allow=\"accelerometer; autoplay; clipboard-write; encrypted-media; gyroscope; picture-in-picture; web-share\" referrerpolicy=\"strict-origin-when-cross-origin\" allowfullscreen><\/iframe>\n<\/div><figcaption>CHEGOU A GRANDE FINAL: F\u00d3RMULA E SE PREPARA PARA DECIDIR T\u00cdTULO EM SEUL<\/figcaption><\/figure>\n\n\n\n<p class=\"wp-block-paragraph\">Mitch Evans <a href=\"https:\/\/www.grandepremio.com\/br\/formula-e\/noticias\/mitch-evans-toma-ponta-primeiro-ep-de-seul-formula-e-chama-acesa\/\" target=\"_blank\" aria-label=\"venceu a primeira corrida da hist\u00f3ria (opens in a new tab)\" rel=\"noreferrer noopener\" class=\"ek-link\">venceu a primeira corrida da hist\u00f3ria<\/a> da F\u00f3rmula E em Seul e manteve a briga acesa pelo t\u00edtulo, enquanto Stoffel Vandoorne segue na primeira coloca\u00e7\u00e3o e com uma vantagem confort\u00e1vel para o vice-l\u00edder. Mas quem fez hist\u00f3ria de verdade neste s\u00e1bado (13), na Coreia do Sul, foi o brasileiro Lucas Di Grassi: o piloto da Venturi se tornou o primeiro a alcan\u00e7ar a marca de 1000 pontos na F\u00f3rmula E.<\/p>\n\n\n\n<p class=\"wp-block-paragraph\">Em sua 99\u00aa corrida pela categoria \u2014 que vai completar 100 neste domingo, no encerramento da temporada \u2014, Di Grassi subiu ao p\u00f3dio pela 39\u00aa vez \u2014 outro recorde \u2014 com o terceiro lugar e somou mais 15 pontos, elevando seu total na F\u00f3rmula E para 1009 e se tornando o primeiro piloto a alcan\u00e7ar a marca milenar.<\/p>\n\n\n\n<p class=\"wp-block-paragraph\">&#8220;Tem sido um dia muito emocionante&#8221;, admitiu Di Grassi ap\u00f3s a corrida. &#8220;\u00c9 uma honra correr aqui, esse \u00e9 um lugar incr\u00edvel, com f\u00e3s incr\u00edveis. Fizemos nosso melhor hoje pela equipe no campeonato e por mim, pessoalmente, para alcan\u00e7ar meu 39\u00ba p\u00f3dio e 1011 pontos [a contagem oficial da F\u00f3rmula E contabiliza 1009 tentos], ent\u00e3o estou super feliz. \u00c9 um sonho se tornando realidade, vamos celebrar muito hoje&#8221;, brincou.<\/p>\n\n\n\n<p class=\"wp-block-paragraph\"><strong>\u25b6\ufe0f\u00a0<a href=\"https:\/\/www.twitch.tv\/grandepremio\" target=\"_blank\" rel=\"noreferrer noopener\">Conhe\u00e7a o canal do GRANDE PR\u00caMIO na Twitch clicando aqui!<\/a><\/strong><\/p>\n\n\n\n<figure class=\"wp-block-image size-large\"><img decoding=\"async\" src=\"https:\/\/www.grandepremio.com\/br\/wp-content\/uploads\/2022\/08\/DIG-3-819x1024.jpg\" alt=\"\" class=\"wp-image-603599\"\/><figcaption>F\u00f3rmula E celebrou recorde de Di Grassi com imagem comemorativa (Arte: F\u00f3rmula E)<\/figcaption><\/figure>\n\n\n\n<p class=\"wp-block-paragraph\"><strong>\u25b6\ufe0f\u00a0Inscreva-se nos dois canais do GRANDE PR\u00caMIO no YouTube:\u00a0<a href=\"https:\/\/www.youtube.com\/channel\/UC9OlHEgxoaY6QY6nWPoiqQg?sub_confirmation=1\" target=\"_blank\" rel=\"noreferrer noopener\">GP<\/a>\u00a0|\u00a0<a href=\"https:\/\/www.youtube.com\/channel\/UC9csiS6q_C3C0FYhyr1rnFA?sub_confirmation=1\" target=\"_blank\" rel=\"noreferrer noopener\">GP2<\/a><\/strong><\/p>\n\n\n\n<p class=\"wp-block-paragraph\">O brasileiro j\u00e1 havia admitido que era um objetivo particular alcan\u00e7ar a marca antes do fim da temporada, e conseguiu o feito at\u00e9 mesmo com uma corrida de anteced\u00eancia. Al\u00e9m de somar o maior n\u00famero de pontos e de p\u00f3dios, Di Grassi tamb\u00e9m \u00e9 o maior vencedor da F\u00f3rmula E ao lado de S\u00e9bastien Buemi \u2014 ambos com 13 triunfos \u2014 e possui a melhor m\u00e9dia de pontos da categoria, com pouco mais de dez tentos por corrida.<\/p>\n\n\n\n<p class=\"wp-block-paragraph\">&#8220;\u00c9 uma grande honra e um privil\u00e9gio poder competir com um n\u00edvel t\u00e3o alto de pilotos. N\u00e3o poderia haver um jeito melhor de entrar na minha 100\u00aa corrida&#8221;, avaliou Di Grassi, que participou de todas as provas da hist\u00f3ria da categoria e vai alcan\u00e7ar a marca centen\u00e1ria ao mesmo tempo em que a F\u00f3rmula E, na segunda corrida do final de semana em Seul.<\/p>\n\n\n\n<p class=\"wp-block-paragraph\">&#8220;N\u00f3s lutamos demais para extrair o m\u00e1ximo [do carro]&#8221;, ressaltou. &#8220;N\u00e3o cometemos erros, ent\u00e3o obrigado \u00e0 equipe pelo carro que eles me deram. E obrigado aos f\u00e3s por estarem aqui&#8221;, completou o brasileiro, que vai se consolidando cada vez mais como um dos maiores nomes da hist\u00f3ria da categoria.<\/p>\n\n\n\n<p class=\"wp-block-paragraph\">A largada para a \u00faltima prova da F\u00f3rmula E em 2022 acontece no domingo (14), \u00e0s 4h (hor\u00e1rio de Bras\u00edlia). Antes disso, a classifica\u00e7\u00e3o ser\u00e1 realizada ainda neste s\u00e1bado, \u00e0s 23h40. As duas sess\u00f5es ter\u00e3o transmiss\u00e3o ao vivo da TV Cultura e do SporTV 3, al\u00e9m da cobertura completa no <strong>GRANDE PR\u00caMIO<\/strong>.<\/p>\n","protected":false},"excerpt":{"rendered":"<p>Lucas Di Grassi alcan\u00e7ou 39\u00ba p\u00f3dio na F\u00f3rmula E em Seul e ultrapassou os 1000 pontos na categoria, se tornando primeiro piloto a atingir marca em oito temporadas<\/p>\n","protected":false},"author":0,"featured_media":1000600720,"comment_status":"closed","ping_status":"closed","sticky":false,"template":"","format":"standard","meta":{"42wp_featured_image_caption":"","42wp_featured_image_credits":"","42wp_featured_video":"","42wp_featured_image_hidden":false,"42wp_authors_list":[],"footnotes":""},"categories":[19],"tags":[4828,4595,379,27903,513,840,28327,1601,24836,28285,32201,966,836,876,32200,3254,29941,660],"42wp_author":[47142],"class_list":["post-109839","post","type-post","status-publish","format-standard","has-post-thumbnail","hentry","category-formula-e","tag-coreia-do-sul","tag-ep-de-seul","tag-fe","tag-fe-2022","tag-final","tag-formula-e","tag-formula-e-2022","tag-gen3","tag-grande-premio-2","tag-grandepremio","tag-hana-bank-seoul-eprix","tag-lucas-di-grassi","tag-recorde","tag-sebastien-buemi","tag-seouleprix","tag-seul","tag-ultima-etapa","tag-venturi","42wp_author-jp-nascimento"],"_links":{"self":[{"href":"https:\/\/grandepremio.com\/br\/wp-json\/wp\/v2\/posts\/109839","targetHints":{"allow":["GET"]}}],"collection":[{"href":"https:\/\/grandepremio.com\/br\/wp-json\/wp\/v2\/posts"}],"about":[{"href":"https:\/\/grandepremio.com\/br\/wp-json\/wp\/v2\/types\/post"}],"replies":[{"embeddable":true,"href":"https:\/\/grandepremio.com\/br\/wp-json\/wp\/v2\/comments?post=109839"}],"version-history":[{"count":0,"href":"https:\/\/grandepremio.com\/br\/wp-json\/wp\/v2\/posts\/109839\/revisions"}],"wp:featuredmedia":[{"embeddable":true,"href":"https:\/\/grandepremio.com\/br\/wp-json\/wp\/v2\/media\/1000600720"}],"wp:attachment":[{"href":"https:\/\/grandepremio.com\/br\/wp-json\/wp\/v2\/media?parent=109839"}],"wp:term":[{"taxonomy":"category","embeddable":true,"href":"https:\/\/grandepremio.com\/br\/wp-json\/wp\/v2\/categories?post=109839"},{"taxonomy":"post_tag","embeddable":true,"href":"https:\/\/grandepremio.com\/br\/wp-json\/wp\/v2\/tags?post=109839"},{"taxonomy":"42wp_author","embeddable":true,"href":"https:\/\/grandepremio.com\/br\/wp-json\/wp\/v2\/42wp_author?post=109839"}],"curies":[{"name":"wp","href":"https:\/\/api.w.org\/{rel}","templated":true}]}}