{"id":109841,"date":"2022-08-13T08:08:42","date_gmt":"2022-08-13T11:08:42","guid":{"rendered":"https:\/\/grandepremio.com\/br\/noticias\/mitch-evans-agradece-chuva-seul-mantem-fe-titulo-formula-e-nunca-desistimos\/"},"modified":"2022-08-13T10:16:32","modified_gmt":"2022-08-13T13:16:32","slug":"mitch-evans-agradece-chuva-seul-mantem-fe-titulo-formula-e-nunca-desistimos","status":"publish","type":"post","link":"https:\/\/grandepremio.com\/br\/formula-e\/mitch-evans-agradece-chuva-seul-mantem-fe-titulo-formula-e-nunca-desistimos\/","title":{"rendered":"Evans agradece chuva em Seul e mant\u00e9m f\u00e9 por t\u00edtulo da F\u00f3rmula E: &#8220;Nunca desistimos&#8221;"},"content":{"rendered":"\n<figure class=\"wp-block-embed is-type-video is-provider-youtube wp-block-embed-youtube wp-embed-aspect-16-9 wp-has-aspect-ratio\"><div class=\"wp-block-embed__wrapper\">\n<iframe loading=\"lazy\" title=\"CHEGOU A GRANDE FINAL: F\u00d3RMULA E SE PREPARA PARA DECIDIR T\u00cdTULO EM SEUL\" width=\"500\" height=\"281\" src=\"https:\/\/www.youtube.com\/embed\/5MOqysKJ8qA?feature=oembed\" frameborder=\"0\" allow=\"accelerometer; autoplay; clipboard-write; encrypted-media; gyroscope; picture-in-picture; web-share\" referrerpolicy=\"strict-origin-when-cross-origin\" allowfullscreen><\/iframe>\n<\/div><figcaption>CHEGOU A GRANDE FINAL: F\u00d3RMULA E SE PREPARA PARA DECIDIR T\u00cdTULO EM SEUL<\/figcaption><\/figure>\n\n\n\n<p class=\"wp-block-paragraph\">Na tentativa de evitar que o t\u00edtulo da F\u00f3rmula E fosse decidido com uma corrida de anteced\u00eancia, Mitch Evans <a aria-label=\"cumpriu sua parte e venceu a primeira prova da \u00faltima etapa do ano (opens in a new tab)\" href=\"https:\/\/www.grandepremio.com\/br\/formula-e\/noticias\/mitch-evans-toma-ponta-primeiro-ep-de-seul-formula-e-chama-acesa\/\" target=\"_blank\" rel=\"noreferrer noopener\" class=\"ek-link\">cumpriu sua parte e venceu a primeira prova da \u00faltima etapa do ano<\/a>, disputada em Seul neste s\u00e1bado (13). O neozeland\u00eas da Jaguar, que ainda v\u00ea o l\u00edder Stoffel Vandoorne a uma dist\u00e2ncia consider\u00e1vel no campeonato, tomou a ponta logo na largada ao sair em terceiro e dominou a corrida at\u00e9 o fim para manter as chances de levantar a ta\u00e7a vivas at\u00e9 o domingo.<\/p>\n\n\n\n<p class=\"wp-block-paragraph\">Ap\u00f3s a prova, o #9 demonstrava ao mesmo tempo al\u00edvio e orgulho pela miss\u00e3o que acabara de cumprir, principalmente considerando o movimento que o elevou de terceiro para primeiro ainda na largada \u2014 passando por cima de Oliver Rowland e Lucas Di Grassi, que no fim acabaram completando o p\u00f3dio. Al\u00e9m disso, Mitch fez quest\u00e3o de agradecer pela chuva que caiu na capital coreana.<\/p>\n\n\n\n<p class=\"wp-block-paragraph\">&#8220;Esse era o plano [manter as chances do campeonato vivas]&#8221;, admitiu Evans ap\u00f3s conquistar a vit\u00f3ria em Seul. &#8220;Temos trabalhado muito desde Londres para garantir que poder\u00edamos alcan\u00e7ar esse resultado. Foi complicado hoje de manh\u00e3, n\u00f3s n\u00e3o t\u00ednhamos o ritmo necess\u00e1rio. Mas a chuva apareceu no momento certo, eu me classifiquei na frente e tive uma boa largada&#8221;, celebrou o piloto.<\/p>\n\n\n\n<p class=\"wp-block-paragraph\"><strong>\u25b6\ufe0f\u00a0<a href=\"https:\/\/www.twitch.tv\/grandepremio\" target=\"_blank\" rel=\"noreferrer noopener\">Conhe\u00e7a o canal do GRANDE PR\u00caMIO na Twitch clicando aqui!<\/a><\/strong><\/p>\n\n\n\n<figure class=\"wp-block-image size-large\"><img decoding=\"async\" src=\"https:\/\/www.grandepremio.com\/br\/wp-content\/uploads\/2022\/08\/EPS815_164047SB1_5183-1024x683.jpg\" alt=\"\" class=\"wp-image-603571\"\/><figcaption>Evans foi o piloto que mais venceu no ano, mas v\u00ea regularidade de Vandoorne se sobressair (Foto: F\u00f3rmula E)<\/figcaption><\/figure>\n\n\n\n<p class=\"wp-block-paragraph\"><strong>\u25b6\ufe0f\u00a0Inscreva-se nos dois canais do GRANDE PR\u00caMIO no YouTube:\u00a0<a href=\"https:\/\/www.youtube.com\/channel\/UC9OlHEgxoaY6QY6nWPoiqQg?sub_confirmation=1\" target=\"_blank\" rel=\"noreferrer noopener\">GP<\/a>\u00a0|\u00a0<a href=\"https:\/\/www.youtube.com\/channel\/UC9csiS6q_C3C0FYhyr1rnFA?sub_confirmation=1\" target=\"_blank\" rel=\"noreferrer noopener\">GP2<\/a><\/strong><\/p>\n\n\n\n<p class=\"wp-block-paragraph\">Evans ainda destacou o alto grau de dificuldade em uma corrida que teve o clima mudando constantemente, com o tempo bastante fechado em Seul. Mesmo depois da chuva ir embora, o tra\u00e7ado alternava trechos inundados com locais secos, o que trazia ainda mais complica\u00e7\u00f5es na quest\u00e3o da ader\u00eancia. Assim, o piloto agradeceu pelo trabalho da Jaguar, que o guiou nos momentos de maior imprevisibilidade pelo r\u00e1dio rumo \u00e0 vit\u00f3ria.<\/p>\n\n\n\n<p class=\"wp-block-paragraph\">&#8220;A corrida foi realmente dif\u00edcil de gerenciar, as condi\u00e7\u00f5es mudavam o tempo todo&#8221;, afirmou o neozeland\u00eas, que diminuiu a diferen\u00e7a em rela\u00e7\u00e3o ao l\u00edder Vandoorne para 21 pontos. &#8220;Ent\u00e3o, agrade\u00e7o \u00e0 equipe por me guiar durante a corrida. Era isso que precis\u00e1vamos, n\u00f3s nunca desistimos, ent\u00e3o vamos continuar lutando amanh\u00e3&#8221;, completou o vice-l\u00edder do campeonato.<\/p>\n\n\n\n<p class=\"wp-block-paragraph\">A largada para a \u00faltima prova da F\u00f3rmula E em 2022 acontece no domingo (14), \u00e0s 4h (hor\u00e1rio de Bras\u00edlia). Antes disso, a classifica\u00e7\u00e3o ser\u00e1 realizada ainda neste s\u00e1bado, \u00e0s 23h40. As duas sess\u00f5es ter\u00e3o transmiss\u00e3o ao vivo da TV Cultura e do SporTV 3, al\u00e9m da cobertura completa no <strong>GRANDE PR\u00caMIO<\/strong>.<\/p>\n","protected":false},"excerpt":{"rendered":"<p>Mitch Evans disse que chuva potencializou ritmo da Jaguar, que n\u00e3o come\u00e7ou o dia bem em Seul e terminou com a vit\u00f3ria. Apesar de diferen\u00e7a consider\u00e1vel para Stoffel Vandoone, neozeland\u00eas descartou jogar a toalha pelo t\u00edtulo<\/p>\n","protected":false},"author":0,"featured_media":1000603573,"comment_status":"closed","ping_status":"closed","sticky":false,"template":"","format":"standard","meta":{"42wp_featured_image_caption":"","42wp_featured_image_credits":"","42wp_featured_video":"","42wp_featured_image_hidden":false,"42wp_authors_list":[],"footnotes":""},"categories":[19],"tags":[4828,4595,379,27903,513,840,28327,1601,24836,28285,32201,910,82,909,32200,3254,967,25328,29941],"42wp_author":[47142],"class_list":["post-109841","post","type-post","status-publish","format-standard","has-post-thumbnail","hentry","category-formula-e","tag-coreia-do-sul","tag-ep-de-seul","tag-fe","tag-fe-2022","tag-final","tag-formula-e","tag-formula-e-2022","tag-gen3","tag-grande-premio-2","tag-grandepremio","tag-hana-bank-seoul-eprix","tag-jaguar","tag-mercedes","tag-mitch-evans","tag-seouleprix","tag-seul","tag-stoffel-vandoorne","tag-titulo-2","tag-ultima-etapa","42wp_author-jp-nascimento"],"_links":{"self":[{"href":"https:\/\/grandepremio.com\/br\/wp-json\/wp\/v2\/posts\/109841","targetHints":{"allow":["GET"]}}],"collection":[{"href":"https:\/\/grandepremio.com\/br\/wp-json\/wp\/v2\/posts"}],"about":[{"href":"https:\/\/grandepremio.com\/br\/wp-json\/wp\/v2\/types\/post"}],"replies":[{"embeddable":true,"href":"https:\/\/grandepremio.com\/br\/wp-json\/wp\/v2\/comments?post=109841"}],"version-history":[{"count":0,"href":"https:\/\/grandepremio.com\/br\/wp-json\/wp\/v2\/posts\/109841\/revisions"}],"wp:featuredmedia":[{"embeddable":true,"href":"https:\/\/grandepremio.com\/br\/wp-json\/wp\/v2\/media\/1000603573"}],"wp:attachment":[{"href":"https:\/\/grandepremio.com\/br\/wp-json\/wp\/v2\/media?parent=109841"}],"wp:term":[{"taxonomy":"category","embeddable":true,"href":"https:\/\/grandepremio.com\/br\/wp-json\/wp\/v2\/categories?post=109841"},{"taxonomy":"post_tag","embeddable":true,"href":"https:\/\/grandepremio.com\/br\/wp-json\/wp\/v2\/tags?post=109841"},{"taxonomy":"42wp_author","embeddable":true,"href":"https:\/\/grandepremio.com\/br\/wp-json\/wp\/v2\/42wp_author?post=109841"}],"curies":[{"name":"wp","href":"https:\/\/api.w.org\/{rel}","templated":true}]}}