{"id":109901,"date":"2022-08-10T08:34:32","date_gmt":"2022-08-10T11:34:32","guid":{"rendered":"https:\/\/grandepremio.com\/br\/noticias\/ducati-debate-jorge-martin-enea-bastianini-promete-tratados-exatamente-igual\/"},"modified":"2022-08-10T08:35:13","modified_gmt":"2022-08-10T11:35:13","slug":"ducati-debate-jorge-martin-enea-bastianini-promete-tratados-exatamente-igual","status":"publish","type":"post","link":"https:\/\/grandepremio.com\/br\/motogp\/ducati-debate-jorge-martin-enea-bastianini-promete-tratados-exatamente-igual\/","title":{"rendered":"Ducati se debate entre Mart\u00edn e Bastianini e promete: \u201cSer\u00e3o tratados exatamente igual\u201d"},"content":{"rendered":"\n<figure class=\"wp-block-embed is-type-video is-provider-youtube wp-block-embed-youtube wp-embed-aspect-16-9 wp-has-aspect-ratio\"><div class=\"wp-block-embed__wrapper\">\n<iframe loading=\"lazy\" title=\"POLE MARCA DIOGO MOREIRA NA HIST\u00d3RIA DO MOTOCICLISMO BRASILEIRO\" width=\"500\" height=\"281\" src=\"https:\/\/www.youtube.com\/embed\/z674jVCA9IE?feature=oembed\" frameborder=\"0\" allow=\"accelerometer; autoplay; clipboard-write; encrypted-media; gyroscope; picture-in-picture; web-share\" referrerpolicy=\"strict-origin-when-cross-origin\" allowfullscreen><\/iframe>\n<\/div><figcaption>POLE MARCA DIOGO MOREIRA NA HIST\u00d3RIA DO MOTOCICLISMO BRASILEIRO<\/figcaption><\/figure>\n\n\n\n<p class=\"wp-block-paragraph\">A Ducati segue se debatendo entre Jorge Mart\u00edn e Enea Bastianini. Depois de protelar a escolha do companheiro de Francesco Bagnaia para 2023, a casa de Bolonha insiste que se trata de uma escolha \u201cmuito dif\u00edcil\u201d, mas garante que os dois pilotos ter\u00e3o exatamente o mesmo tratamento, apenas vestindo cores diferentes.<\/p>\n\n\n\n<p class=\"wp-block-paragraph\">Enquanto o espanhol defende a Pramac e conta com uma moto do ano, o italiano \u00e9 titular da Gresini e usa uma Desmosedici do ano passado. Ainda assim, Enea j\u00e1 venceu tr\u00eas vezes no ano e ocupa a quarta coloca\u00e7\u00e3o no Mundial de Pilotos, com 62 pontos de atraso para o l\u00edder Fabio Quartararo. Jorge, por outro lado, aparece em 11\u00ba, com 99 pontos a mesmos que o franc\u00eas.<\/p>\n\n\n\n<p class=\"wp-block-paragraph\"><strong>CLASSIFICA\u00c7\u00c3O MOTOGP<\/strong><br><strong>\u25b6\ufe0f<\/strong> <strong><a href=\"https:\/\/www.grandepremio.com\/br\/motogp\/noticias\/francesco-bagnaia-ganha-folego-briga-titulo-motogp-2022-confira-classificacao\/\">Bagnaia ganha f\u00f4lego na briga pelo t\u00edtulo da <\/a><a href=\"https:\/\/grandepremio.com\/motovelocidade\/\" target=\"_blank\" rel=\"noreferrer noopener\"><\/a><a href=\"https:\/\/grandepremio.com\/motovelocidade\/\" target=\"_blank\" rel=\"noreferrer noopener\"><\/a><a href=\"https:\/\/grandepremio.com\/motovelocidade\/\" target=\"_blank\" rel=\"noreferrer noopener\"><\/a><a href=\"https:\/\/grandepremio.com\/motovelocidade\/\" target=\"_blank\" rel=\"noreferrer noopener\"><\/a><a href=\"https:\/\/grandepremio.com\/motovelocidade\/\" target=\"_blank\" rel=\"noreferrer noopener\"><\/a><a href=\"https:\/\/grandepremio.com\/motovelocidade\/\" target=\"_blank\" rel=\"noreferrer noopener\"><\/a><a href=\"https:\/\/grandepremio.com\/motovelocidade\/\" target=\"_blank\" rel=\"noreferrer noopener\">MotoGP<\/a><a href=\"https:\/\/www.grandepremio.com\/br\/motogp\/noticias\/francesco-bagnaia-ganha-folego-briga-titulo-motogp-2022-confira-classificacao\/\"> 2022<\/a><\/strong><\/p>\n\n\n\n<figure class=\"wp-block-image size-large\"><img decoding=\"async\" src=\"https:\/\/www.grandepremio.com\/br\/wp-content\/uploads\/2020\/07\/A920927_UC176933_High-1024x683.jpg\" alt=\"MotoGP 2020 Espanha Jerez Quarta Ducati Davide Tardozzi\" class=\"wp-image-396481\"\/><figcaption>Davide Tardozzi garantiu que os dois pilotos ser\u00e3o tratados da mesma forma em 2023 (Foto: Ducati)<\/figcaption><\/figure>\n\n\n\n<p class=\"wp-block-paragraph\"><strong>\u25b6\ufe0f\u00a0Inscreva-se nos dois canais do GRANDE PR\u00caMIO no YouTube:\u00a0<a href=\"https:\/\/www.youtube.com\/channel\/UC9OlHEgxoaY6QY6nWPoiqQg?sub_confirmation=1\" target=\"_blank\" rel=\"noreferrer noopener\">GP<\/a>\u00a0|\u00a0<a href=\"https:\/\/www.youtube.com\/channel\/UC9csiS6q_C3C0FYhyr1rnFA?sub_confirmation=1\" target=\"_blank\" rel=\"noreferrer noopener\">GP2<\/a><\/strong><\/p>\n\n\n\n<p class=\"wp-block-paragraph\">Ainda assim, a c\u00fapula da Ducati considera que os dois n\u00e3o tiveram as mesmas chances em 2022 \u2014 j\u00e1 que a equipe demorou a pegar a m\u00e3o da GP22 \u2014 e optou por adiar a escolha. Na volta das f\u00e9rias, Bastianini bateu Mart\u00edn mais uma vez e fechou o GP da Gr\u00e3-Bretanha \u00e0 frente do rival, mesmo tendo perdido uma asa da moto ainda na largada.<\/p>\n\n\n\n<p class=\"wp-block-paragraph\">\u201cEles tornaram nossa decis\u00e3o muito dif\u00edcil\u201d, disse Tardozzi \u00e0 emissora inglesa BT Sport. \u201cOs dois pilotos, quem quer que esteja na Pramac ou na equipe de f\u00e1brica, ser\u00e1 tratado exatamente da mesma forma\u201d, assegurou.<\/p>\n\n\n\n<p class=\"wp-block-paragraph\">\u201c\u00c9 s\u00f3 uma quest\u00e3o de cor. No momento, eles s\u00e3o tratados igualmente, ainda que Bastianini tenha a moto do ano passado\u201d, apontou. \u201cEntre a \u00c1ustria e Misano, vamos anunciar os pilotos\u201d, avisou.<\/p>\n\n\n\n<p class=\"wp-block-paragraph\">Quem quer que seja o escolhido, a outra vaga do time de f\u00e1brica \u00e9 de Bagnaia, que surpreendeu a Ducati com a vit\u00f3ria no GP da Gr\u00e3-Bretanha. O italiano tinha mostrado menos ritmo do que as outras Desmosedici no fim de semana, mas conseguiu dar um passo \u00e0 frente na hora da corrida.<\/p>\n\n\n\n<p class=\"wp-block-paragraph\">\u201cPecco mostrou uma coisa que n\u00e3o esper\u00e1vamos\u201d, comentou. \u201cSabemos que ele \u00e9 um campe\u00e3o, um piloto r\u00e1pido, mas ele mostrou algo incr\u00edvel. Ningu\u00e9m estava apostando nele depois dos treinos ou do warm-up, mas ele encontrou algo em si mesmo\u201d, pontuou.<\/p>\n\n\n\n<p class=\"wp-block-paragraph\">\u201cEle teve uma conversa muito, muito longa com os engenheiros e o telemetrista e entendeu alguma coisa. Acho que Valentino [Rossi], para todos os garotos da Academia [de Pilotos VR46] \u00e9 um guru. Ele disse algumas palavras. Tem uma rela\u00e7\u00e3o muito, muito boa entre Valentino e Pecco. \u00c0s vezes, ele d\u00e1 algum conselho que faz uma diferen\u00e7a enorme\u201d, reconheceu. \u201cAcho que as pr\u00f3ximas corridas ser\u00e3o boas para Pecco e a Ducati. Vamos ver o que Fabio, que \u00e9 um verdadeiro campe\u00e3o, pode fazer nessas tr\u00eas pistas\u201d, encerrou.<\/p>\n\n\n\n<p class=\"wp-block-paragraph\">A <a href=\"https:\/\/grandepremio.com\/motovelocidade\/\" target=\"_blank\" rel=\"noreferrer noopener\">MotoGP<\/a> volta \u00e0s pistas no dia 21 de agosto, com o <a href=\"https:\/\/www.grandepremio.com\/br\/etapa\/motogp\/gp-austria-motogp-2022\/\" target=\"_blank\" rel=\"noreferrer noopener\">GP da \u00c1ustria<\/a>, no Red Bull Ring. O&nbsp;<strong>GRANDE PR\u00caMIO<\/strong>&nbsp;acompanha todas as atividades&nbsp;do Mundial de&nbsp;<a href=\"https:\/\/www.grandepremio.com\/motovelocidade\/\" target=\"_blank\" rel=\"noreferrer noopener\">Motovelocidade<\/a>&nbsp;2022.<\/p>\n\n\n\n<p class=\"wp-block-paragraph\"><strong>LEIA TAMB\u00c9M<\/strong><br># <strong><a href=\"https:\/\/www.grandepremio.com\/br\/motogp\/noticias\/diogo-moreira-revela-muitas-ofertas-ficar-moto3-2023-tentar-titulo\/\">Moreira revela \u201cmuitas ofertas\u201d, mas fala em ficar na Moto3 em 2023 para tentar t\u00edtulo<\/a><\/strong><br># <strong><a href=\"https:\/\/www.grandepremio.com\/br\/motogp\/noticias\/ducati-inova-barbatanas-moto-enea-bastianini-tl2-silverstone\/\"><\/a><a href=\"https:\/\/www.grandepremio.com\/br\/equipe\/motogp\/2021\/ducati-lenovo-team\/\" target=\"_blank\" rel=\"noreferrer noopener\"><\/a><a href=\"https:\/\/www.grandepremio.com\/br\/equipe\/motogp\/2021\/ducati-lenovo-team\/\" target=\"_blank\" rel=\"noreferrer noopener\"><\/a><a href=\"https:\/\/www.grandepremio.com\/br\/equipe\/motogp\/2021\/ducati-lenovo-team\/\" target=\"_blank\" rel=\"noreferrer noopener\">Ducati<\/a><a href=\"https:\/\/www.grandepremio.com\/br\/motogp\/noticias\/ducati-inova-barbatanas-moto-enea-bastianini-tl2-silverstone\/\"> inova com \u2018aerodin\u00e2mica jur\u00e1ssica\u2019 nas motos de Mart\u00edn e Bastianini em Silverstone<\/a><\/strong><br># <strong><a href=\"https:\/\/www.grandepremio.com\/br\/motogp\/noticias\/fabio-quartararo-revela-conversas-realizar-teste-formula-1-mercedes-adoraria-tentar\/\">Quartararo revela conversas para realizar teste na F1 com Mercedes: \u201cEu adoraria tentar\u201d<\/a><\/strong><br># <strong><a href=\"https:\/\/www.grandepremio.com\/br\/motogp\/noticias\/joan-mir-evita-preocupacao-futuro-motogp-revela-espero-noticias-breve\/\">Mir evita preocupa\u00e7\u00e3o com futuro na <\/a><a href=\"https:\/\/grandepremio.com\/motovelocidade\/\" target=\"_blank\" rel=\"noreferrer noopener\"><\/a><a href=\"https:\/\/grandepremio.com\/motovelocidade\/\" target=\"_blank\" rel=\"noreferrer noopener\"><\/a><a href=\"https:\/\/grandepremio.com\/motovelocidade\/\" target=\"_blank\" rel=\"noreferrer noopener\"><\/a><a href=\"https:\/\/grandepremio.com\/motovelocidade\/\" target=\"_blank\" rel=\"noreferrer noopener\"><\/a><a href=\"https:\/\/grandepremio.com\/motovelocidade\/\" target=\"_blank\" rel=\"noreferrer noopener\"><\/a><a href=\"https:\/\/grandepremio.com\/motovelocidade\/\" target=\"_blank\" rel=\"noreferrer noopener\"><\/a><a href=\"https:\/\/grandepremio.com\/motovelocidade\/\" target=\"_blank\" rel=\"noreferrer noopener\">MotoGP<\/a><a href=\"https:\/\/www.grandepremio.com\/br\/motogp\/noticias\/joan-mir-evita-preocupacao-futuro-motogp-revela-espero-noticias-breve\/\">, mas revela: \u201cEspero dar not\u00edcias em breve\u201d<\/a><\/strong><br># <strong><a href=\"https:\/\/www.grandepremio.com\/br\/motogp\/noticias\/rivais-defendem-fabio-quartararo-falam-punicoes-motogp-dificeis-entender\/\">Rivais defendem Quartararo e falam que puni\u00e7\u00f5es na MotoGP \u201cs\u00e3o dif\u00edceis de entender\u201d<\/a><\/strong><br># <strong><a href=\"https:\/\/www.grandepremio.com\/br\/motogp\/noticias\/diogo-moreira-junta-alex-barros-vira-segundo-piloto-brasil-pole-mundial-motovelocidade\/\">Moreira se junta a Barros e vira 2\u00ba piloto do Brasil a ter pole no Mundial de Motovelocidade<\/a><\/strong><\/p>\n\n\n\n<figure class=\"wp-block-embed is-type-video is-provider-youtube wp-block-embed-youtube wp-embed-aspect-16-9 wp-has-aspect-ratio\"><div class=\"wp-block-embed__wrapper\">\n<iframe loading=\"lazy\" title=\"MOTOGP VOLTA DAS F\u00c9RIAS COM DISPUTA ABERTA ENTRE QUARTARARO E ALEIX ESPARGAR\u00d3\" width=\"500\" height=\"281\" src=\"https:\/\/www.youtube.com\/embed\/x9XMz2j-Ako?feature=oembed\" frameborder=\"0\" allow=\"accelerometer; autoplay; clipboard-write; encrypted-media; gyroscope; picture-in-picture; web-share\" referrerpolicy=\"strict-origin-when-cross-origin\" allowfullscreen><\/iframe>\n<\/div><figcaption>MOTOGP VOLTA DAS F\u00c9RIAS COM DISPUTA ABERTA ENTRE QUARTARARO E ALEIX ESPARGAR\u00d3<\/figcaption><\/figure>\n","protected":false},"excerpt":{"rendered":"<p>Chefe da Ducati, Davide Tardozzi considerou que \u00e9 \u201cmuito dif\u00edcil\u201d escolher entre o italiano e o espanhol, mas afirmou que \u00e9 \u201cs\u00f3 uma quest\u00e3o de cor\u201d, j\u00e1 que os pilotos ter\u00e3o o mesmo tratamento em 2023<\/p>\n","protected":false},"author":0,"featured_media":1000602947,"comment_status":"closed","ping_status":"closed","sticky":false,"template":"","format":"standard","meta":{"42wp_featured_image_caption":"","42wp_featured_image_credits":"","42wp_featured_video":"","42wp_featured_image_hidden":false,"42wp_authors_list":[],"footnotes":""},"categories":[8],"tags":[131,25690,25552,79,78,2997,30733,30728,30734,25819,28345,28766,32147,26690,3632],"42wp_author":[47113],"class_list":["post-109901","post","type-post","status-publish","format-standard","has-post-thumbnail","hentry","category-motogp","tag-ducati","tag-gra-bretanha","tag-jorge-martin-2","tag-moto-gp","tag-motogp","tag-motogp-2022","tag-motogp-2022-calendario","tag-motogp-calendario-2022","tag-motogp-classificacao-2022","tag-motogp-hoje","tag-motogp-horarios","tag-motogp-standings","tag-onde-assistir-motogp-2022","tag-pilotos-motogp","tag-silverstone","42wp_author-juliana-tesser"],"_links":{"self":[{"href":"https:\/\/grandepremio.com\/br\/wp-json\/wp\/v2\/posts\/109901","targetHints":{"allow":["GET"]}}],"collection":[{"href":"https:\/\/grandepremio.com\/br\/wp-json\/wp\/v2\/posts"}],"about":[{"href":"https:\/\/grandepremio.com\/br\/wp-json\/wp\/v2\/types\/post"}],"replies":[{"embeddable":true,"href":"https:\/\/grandepremio.com\/br\/wp-json\/wp\/v2\/comments?post=109901"}],"version-history":[{"count":0,"href":"https:\/\/grandepremio.com\/br\/wp-json\/wp\/v2\/posts\/109901\/revisions"}],"wp:featuredmedia":[{"embeddable":true,"href":"https:\/\/grandepremio.com\/br\/wp-json\/wp\/v2\/media\/1000602947"}],"wp:attachment":[{"href":"https:\/\/grandepremio.com\/br\/wp-json\/wp\/v2\/media?parent=109901"}],"wp:term":[{"taxonomy":"category","embeddable":true,"href":"https:\/\/grandepremio.com\/br\/wp-json\/wp\/v2\/categories?post=109901"},{"taxonomy":"post_tag","embeddable":true,"href":"https:\/\/grandepremio.com\/br\/wp-json\/wp\/v2\/tags?post=109901"},{"taxonomy":"42wp_author","embeddable":true,"href":"https:\/\/grandepremio.com\/br\/wp-json\/wp\/v2\/42wp_author?post=109901"}],"curies":[{"name":"wp","href":"https:\/\/api.w.org\/{rel}","templated":true}]}}